{"id":12662,"date":"2021-10-13T22:50:03","date_gmt":"2021-10-13T20:50:03","guid":{"rendered":"http:\/\/jablkon.eu\/jbl\/?p=12662"},"modified":"2021-10-13T23:14:20","modified_gmt":"2021-10-13T21:14:20","slug":"caj-o-pate-se-starostou-3","status":"publish","type":"post","link":"https:\/\/jablkon.eu\/jbl\/pilnikov\/caj-o-pate-se-starostou-3\/","title":{"rendered":"\u010caj o p\u00e1t\u00e9 se starostou"},"content":{"rendered":"\n<p>P\u0159i\u0161el podzim, vy\u0161lo dal\u0161\u00ed \u010d\u00edslo Piln\u00edkovsk\u00e9ho zpravodaje a s t\u00edm za\u010dalo i posledn\u00ed \u010dtvrtlet\u00ed roku 2021. A proto se na radnici u starosty op\u011bt se\u0161lo p\u00e1r m\u00edstn\u00edch obyvatel na \u010daj o p\u00e1t\u00e9. V\u011bd\u011bli jste, \u017ee prvn\u00ed setk\u00e1n\u00ed prob\u011bhlo ji\u017e na ja\u0159e roku 2019?<\/p>\n\n\n\n<p>Toto podzimn\u00ed setk\u00e1n\u00ed vy\u0161lo na 13. \u0159\u00edjna 2021 a se\u0161li jsme se v zasedac\u00ed m\u00edstnosti na radnici. V\u011bt\u0161ina n\u00e1v\u0161t\u011bvn\u00edk\u016f chod\u00ed na \u010daj pravideln\u011b, ale n\u011bkolik n\u00e1v\u0161t\u011bvn\u00edk\u016f p\u0159i\u0161lo poprv\u00e9. I tentokr\u00e1t byl pro ka\u017ed\u00e9ho p\u0159\u00edchoz\u00edho p\u0159ipraven \u010daj podle vlastn\u00edho v\u00fdb\u011bru z velk\u00e9 nab\u00eddky ovocn\u00fdch \u010di bylinkov\u00fdch \u010daj\u016f nebo \u010daj zelen\u00fd nebo \u010dern\u00fd. K \u010daji tentokr\u00e1t byl \u0161vestkov\u00fd kol\u00e1\u010d.<\/p>\n\n\nngg_shortcode_0_placeholder\n\n\n\n<p>B\u011bhem setk\u00e1n\u00ed se zavzpom\u00ednalo na uplynul\u00e9 kulturn\u00ed a spole\u010densk\u00e9 akce a starosta prozradil ty pl\u00e1novan\u00e9, z nich\u017e n\u011bkter\u00e9 zat\u00edm nebyly zve\u0159ejn\u011bny. I tentokr\u00e1t host\u00e9 vyzpov\u00edd\u00e1vali starostu, ale ke konci se to obr\u00e1tilo a starosta se ka\u017ed\u00e9ho zeptal, jak se mu v Piln\u00edkov\u011b \u017eije a jestli nev\u00ed o n\u011bjak\u00fdch probl\u00e9mech v jeho okol\u00ed.<\/p>\n\n\n\n<p>Chcete se tak\u00e9 dozv\u011bd\u011bt n\u011bco nov\u00e9ho a popov\u00eddat si v klidu se starostou? M\u00e1te mo\u017enost druhou st\u0159edu v p\u0159\u00ed\u0161t\u00edm \u010dtvrtlet\u00ed\u2026<\/p>\n\n\nngg_shortcode_1_placeholder\n<h3>Souvisej\u00edc\u00ed obr\u00e1zky:<\/h3>","protected":false},"excerpt":{"rendered":"<p>P\u0159i\u0161el podzim, vy\u0161lo dal\u0161\u00ed \u010d\u00edslo Piln\u00edkovsk\u00e9ho zpravodaje a s t\u00edm za\u010dalo i posledn\u00ed \u010dtvrtlet\u00ed roku 2021. A proto se na radnici u starosty op\u011bt se\u0161lo p\u00e1r m\u00edstn\u00edch obyvatel na \u010daj o p\u00e1t\u00e9. V\u011bd\u011bli jste, \u017ee prvn\u00ed setk\u00e1n\u00ed prob\u011bhlo ji\u017e na &hellip; <a href=\"https:\/\/jablkon.eu\/jbl\/pilnikov\/caj-o-pate-se-starostou-3\/\">Cel\u00fd p\u0159\u00edsp\u011bvek <span class=\"meta-nav\">&rarr;<\/span><\/a><\/p>\n","protected":false},"author":1,"featured_media":12670,"comment_status":"closed","ping_status":"open","sticky":false,"template":"","format":"standard","meta":{"ngg_post_thumbnail":0,"footnotes":""},"categories":[7,12],"tags":[122,124,46],"class_list":["post-12662","post","type-post","status-publish","format-standard","has-post-thumbnail","hentry","category-pilnikov","category-reportaze","tag-122","tag-caj-o-pate-se-starostou","tag-pilnikov-2"],"yoast_head":"<!-- This site is optimized with the Yoast SEO plugin v27.5 - https:\/\/yoast.com\/product\/yoast-seo-wordpress\/ -->\n<title>\u010caj o p\u00e1t\u00e9 se starostou - Jaroslav Bla\u017eek - fotograf<\/title>\n<meta name=\"description\" content=\"Jaroslav Bla\u017eek - fotograf\" \/>\n<meta name=\"robots\" content=\"index, follow, max-snippet:-1, max-image-preview:large, max-video-preview:-1\" \/>\n<link rel=\"canonical\" href=\"https:\/\/jablkon.eu\/jbl\/pilnikov\/caj-o-pate-se-starostou-3\/\" \/>\n<meta property=\"og:locale\" content=\"cs_CZ\" \/>\n<meta property=\"og:type\" content=\"article\" \/>\n<meta property=\"og:title\" content=\"\u010caj o p\u00e1t\u00e9 se starostou - Jaroslav Bla\u017eek - fotograf\" \/>\n<meta property=\"og:description\" content=\"Jaroslav Bla\u017eek - fotograf\" \/>\n<meta property=\"og:url\" content=\"https:\/\/jablkon.eu\/jbl\/pilnikov\/caj-o-pate-se-starostou-3\/\" \/>\n<meta property=\"og:site_name\" content=\"Jaroslav Bla\u017eek - fotograf\" \/>\n<meta property=\"article:published_time\" content=\"2021-10-13T20:50:03+00:00\" \/>\n<meta property=\"article:modified_time\" content=\"2021-10-13T21:14:20+00:00\" \/>\n<meta property=\"og:image\" content=\"https:\/\/jablkon.eu\/jbl\/wp-content\/uploads\/2021\/10\/20211013_172023-e1634159645926.jpg\" \/>\n\t<meta property=\"og:image:width\" content=\"1200\" \/>\n\t<meta property=\"og:image:height\" content=\"333\" \/>\n\t<meta property=\"og:image:type\" content=\"image\/jpeg\" \/>\n<meta name=\"author\" content=\"JBla\u017eek\" \/>\n<meta name=\"twitter:label1\" content=\"Napsal(a)\" \/>\n\t<meta name=\"twitter:data1\" content=\"JBla\u017eek\" \/>\n\t<meta name=\"twitter:label2\" content=\"Odhadovan\u00e1 doba \u010dten\u00ed\" \/>\n\t<meta name=\"twitter:data2\" content=\"1 minuta\" \/>\n<script type=\"application\/ld+json\" class=\"yoast-schema-graph\">{\"@context\":\"https:\\\/\\\/schema.org\",\"@graph\":[{\"@type\":\"Article\",\"@id\":\"https:\\\/\\\/jablkon.eu\\\/jbl\\\/pilnikov\\\/caj-o-pate-se-starostou-3\\\/#article\",\"isPartOf\":{\"@id\":\"https:\\\/\\\/jablkon.eu\\\/jbl\\\/pilnikov\\\/caj-o-pate-se-starostou-3\\\/\"},\"author\":{\"name\":\"JBla\u017eek\",\"@id\":\"https:\\\/\\\/jablkon.eu\\\/jbl\\\/#\\\/schema\\\/person\\\/4984d4e992f073207f693460109eac25\"},\"headline\":\"\u010caj o p\u00e1t\u00e9 se starostou\",\"datePublished\":\"2021-10-13T20:50:03+00:00\",\"dateModified\":\"2021-10-13T21:14:20+00:00\",\"mainEntityOfPage\":{\"@id\":\"https:\\\/\\\/jablkon.eu\\\/jbl\\\/pilnikov\\\/caj-o-pate-se-starostou-3\\\/\"},\"wordCount\":261,\"publisher\":{\"@id\":\"https:\\\/\\\/jablkon.eu\\\/jbl\\\/#\\\/schema\\\/person\\\/4984d4e992f073207f693460109eac25\"},\"image\":{\"@id\":\"https:\\\/\\\/jablkon.eu\\\/jbl\\\/pilnikov\\\/caj-o-pate-se-starostou-3\\\/#primaryimage\"},\"thumbnailUrl\":\"https:\\\/\\\/jablkon.eu\\\/jbl\\\/wp-content\\\/uploads\\\/2021\\\/10\\\/20211013_172023-e1634159645926.jpg\",\"keywords\":[\"2021\",\"\u010caj o p\u00e1t\u00e9 se starostou\",\"Piln\u00edkov\"],\"articleSection\":[\"m\u011bsto Piln\u00edkov\",\"report\u00e1\u017en\u00ed fotografie\"],\"inLanguage\":\"cs\"},{\"@type\":\"WebPage\",\"@id\":\"https:\\\/\\\/jablkon.eu\\\/jbl\\\/pilnikov\\\/caj-o-pate-se-starostou-3\\\/\",\"url\":\"https:\\\/\\\/jablkon.eu\\\/jbl\\\/pilnikov\\\/caj-o-pate-se-starostou-3\\\/\",\"name\":\"\u010caj o p\u00e1t\u00e9 se starostou - Jaroslav Bla\u017eek - fotograf\",\"isPartOf\":{\"@id\":\"https:\\\/\\\/jablkon.eu\\\/jbl\\\/#website\"},\"primaryImageOfPage\":{\"@id\":\"https:\\\/\\\/jablkon.eu\\\/jbl\\\/pilnikov\\\/caj-o-pate-se-starostou-3\\\/#primaryimage\"},\"image\":{\"@id\":\"https:\\\/\\\/jablkon.eu\\\/jbl\\\/pilnikov\\\/caj-o-pate-se-starostou-3\\\/#primaryimage\"},\"thumbnailUrl\":\"https:\\\/\\\/jablkon.eu\\\/jbl\\\/wp-content\\\/uploads\\\/2021\\\/10\\\/20211013_172023-e1634159645926.jpg\",\"datePublished\":\"2021-10-13T20:50:03+00:00\",\"dateModified\":\"2021-10-13T21:14:20+00:00\",\"description\":\"Jaroslav Bla\u017eek - fotograf\",\"breadcrumb\":{\"@id\":\"https:\\\/\\\/jablkon.eu\\\/jbl\\\/pilnikov\\\/caj-o-pate-se-starostou-3\\\/#breadcrumb\"},\"inLanguage\":\"cs\",\"potentialAction\":[{\"@type\":\"ReadAction\",\"target\":[\"https:\\\/\\\/jablkon.eu\\\/jbl\\\/pilnikov\\\/caj-o-pate-se-starostou-3\\\/\"]}]},{\"@type\":\"ImageObject\",\"inLanguage\":\"cs\",\"@id\":\"https:\\\/\\\/jablkon.eu\\\/jbl\\\/pilnikov\\\/caj-o-pate-se-starostou-3\\\/#primaryimage\",\"url\":\"https:\\\/\\\/jablkon.eu\\\/jbl\\\/wp-content\\\/uploads\\\/2021\\\/10\\\/20211013_172023-e1634159645926.jpg\",\"contentUrl\":\"https:\\\/\\\/jablkon.eu\\\/jbl\\\/wp-content\\\/uploads\\\/2021\\\/10\\\/20211013_172023-e1634159645926.jpg\",\"width\":1200,\"height\":333,\"caption\":\"\u010caj o p\u00e1t\u00e9 se starostou\"},{\"@type\":\"BreadcrumbList\",\"@id\":\"https:\\\/\\\/jablkon.eu\\\/jbl\\\/pilnikov\\\/caj-o-pate-se-starostou-3\\\/#breadcrumb\",\"itemListElement\":[{\"@type\":\"ListItem\",\"position\":1,\"name\":\"Dom\u016f\",\"item\":\"https:\\\/\\\/jablkon.eu\\\/jbl\\\/\"},{\"@type\":\"ListItem\",\"position\":2,\"name\":\"\u010caj o p\u00e1t\u00e9 se starostou\"}]},{\"@type\":\"WebSite\",\"@id\":\"https:\\\/\\\/jablkon.eu\\\/jbl\\\/#website\",\"url\":\"https:\\\/\\\/jablkon.eu\\\/jbl\\\/\",\"name\":\"Jaroslav Bla\u017eek - fotograf\",\"description\":\"Fotografick\u00e9 pr\u00e1ce - svatebn\u00ed, rodinn\u00e1 a portr\u00e9tn\u00ed fotografie, report\u00e1\u017ee\",\"publisher\":{\"@id\":\"https:\\\/\\\/jablkon.eu\\\/jbl\\\/#\\\/schema\\\/person\\\/4984d4e992f073207f693460109eac25\"},\"potentialAction\":[{\"@type\":\"SearchAction\",\"target\":{\"@type\":\"EntryPoint\",\"urlTemplate\":\"https:\\\/\\\/jablkon.eu\\\/jbl\\\/?s={search_term_string}\"},\"query-input\":{\"@type\":\"PropertyValueSpecification\",\"valueRequired\":true,\"valueName\":\"search_term_string\"}}],\"inLanguage\":\"cs\"},{\"@type\":[\"Person\",\"Organization\"],\"@id\":\"https:\\\/\\\/jablkon.eu\\\/jbl\\\/#\\\/schema\\\/person\\\/4984d4e992f073207f693460109eac25\",\"name\":\"JBla\u017eek\",\"image\":{\"@type\":\"ImageObject\",\"inLanguage\":\"cs\",\"@id\":\"https:\\\/\\\/secure.gravatar.com\\\/avatar\\\/c014bb8932a8609c14cf90b1aebdc83197cddda4aa4e3e599f1e0016a63d942e?s=96&d=mm&r=g\",\"url\":\"https:\\\/\\\/secure.gravatar.com\\\/avatar\\\/c014bb8932a8609c14cf90b1aebdc83197cddda4aa4e3e599f1e0016a63d942e?s=96&d=mm&r=g\",\"contentUrl\":\"https:\\\/\\\/secure.gravatar.com\\\/avatar\\\/c014bb8932a8609c14cf90b1aebdc83197cddda4aa4e3e599f1e0016a63d942e?s=96&d=mm&r=g\",\"caption\":\"JBla\u017eek\"},\"logo\":{\"@id\":\"https:\\\/\\\/secure.gravatar.com\\\/avatar\\\/c014bb8932a8609c14cf90b1aebdc83197cddda4aa4e3e599f1e0016a63d942e?s=96&d=mm&r=g\"},\"sameAs\":[\"http:\\\/\\\/foto.jablkon.cz\"],\"url\":\"https:\\\/\\\/jablkon.eu\\\/jbl\\\/author\\\/admin\\\/\"}]}<\/script>\n<!-- \/ Yoast SEO plugin. -->","yoast_head_json":{"title":"\u010caj o p\u00e1t\u00e9 se starostou - Jaroslav Bla\u017eek - fotograf","description":"Jaroslav Bla\u017eek - fotograf","robots":{"index":"index","follow":"follow","max-snippet":"max-snippet:-1","max-image-preview":"max-image-preview:large","max-video-preview":"max-video-preview:-1"},"canonical":"https:\/\/jablkon.eu\/jbl\/pilnikov\/caj-o-pate-se-starostou-3\/","og_locale":"cs_CZ","og_type":"article","og_title":"\u010caj o p\u00e1t\u00e9 se starostou - Jaroslav Bla\u017eek - fotograf","og_description":"Jaroslav Bla\u017eek - fotograf","og_url":"https:\/\/jablkon.eu\/jbl\/pilnikov\/caj-o-pate-se-starostou-3\/","og_site_name":"Jaroslav Bla\u017eek - fotograf","article_published_time":"2021-10-13T20:50:03+00:00","article_modified_time":"2021-10-13T21:14:20+00:00","og_image":[{"width":1200,"height":333,"url":"https:\/\/jablkon.eu\/jbl\/wp-content\/uploads\/2021\/10\/20211013_172023-e1634159645926.jpg","type":"image\/jpeg"}],"author":"JBla\u017eek","twitter_misc":{"Napsal(a)":"JBla\u017eek","Odhadovan\u00e1 doba \u010dten\u00ed":"1 minuta"},"schema":{"@context":"https:\/\/schema.org","@graph":[{"@type":"Article","@id":"https:\/\/jablkon.eu\/jbl\/pilnikov\/caj-o-pate-se-starostou-3\/#article","isPartOf":{"@id":"https:\/\/jablkon.eu\/jbl\/pilnikov\/caj-o-pate-se-starostou-3\/"},"author":{"name":"JBla\u017eek","@id":"https:\/\/jablkon.eu\/jbl\/#\/schema\/person\/4984d4e992f073207f693460109eac25"},"headline":"\u010caj o p\u00e1t\u00e9 se starostou","datePublished":"2021-10-13T20:50:03+00:00","dateModified":"2021-10-13T21:14:20+00:00","mainEntityOfPage":{"@id":"https:\/\/jablkon.eu\/jbl\/pilnikov\/caj-o-pate-se-starostou-3\/"},"wordCount":261,"publisher":{"@id":"https:\/\/jablkon.eu\/jbl\/#\/schema\/person\/4984d4e992f073207f693460109eac25"},"image":{"@id":"https:\/\/jablkon.eu\/jbl\/pilnikov\/caj-o-pate-se-starostou-3\/#primaryimage"},"thumbnailUrl":"https:\/\/jablkon.eu\/jbl\/wp-content\/uploads\/2021\/10\/20211013_172023-e1634159645926.jpg","keywords":["2021","\u010caj o p\u00e1t\u00e9 se starostou","Piln\u00edkov"],"articleSection":["m\u011bsto Piln\u00edkov","report\u00e1\u017en\u00ed fotografie"],"inLanguage":"cs"},{"@type":"WebPage","@id":"https:\/\/jablkon.eu\/jbl\/pilnikov\/caj-o-pate-se-starostou-3\/","url":"https:\/\/jablkon.eu\/jbl\/pilnikov\/caj-o-pate-se-starostou-3\/","name":"\u010caj o p\u00e1t\u00e9 se starostou - Jaroslav Bla\u017eek - fotograf","isPartOf":{"@id":"https:\/\/jablkon.eu\/jbl\/#website"},"primaryImageOfPage":{"@id":"https:\/\/jablkon.eu\/jbl\/pilnikov\/caj-o-pate-se-starostou-3\/#primaryimage"},"image":{"@id":"https:\/\/jablkon.eu\/jbl\/pilnikov\/caj-o-pate-se-starostou-3\/#primaryimage"},"thumbnailUrl":"https:\/\/jablkon.eu\/jbl\/wp-content\/uploads\/2021\/10\/20211013_172023-e1634159645926.jpg","datePublished":"2021-10-13T20:50:03+00:00","dateModified":"2021-10-13T21:14:20+00:00","description":"Jaroslav Bla\u017eek - fotograf","breadcrumb":{"@id":"https:\/\/jablkon.eu\/jbl\/pilnikov\/caj-o-pate-se-starostou-3\/#breadcrumb"},"inLanguage":"cs","potentialAction":[{"@type":"ReadAction","target":["https:\/\/jablkon.eu\/jbl\/pilnikov\/caj-o-pate-se-starostou-3\/"]}]},{"@type":"ImageObject","inLanguage":"cs","@id":"https:\/\/jablkon.eu\/jbl\/pilnikov\/caj-o-pate-se-starostou-3\/#primaryimage","url":"https:\/\/jablkon.eu\/jbl\/wp-content\/uploads\/2021\/10\/20211013_172023-e1634159645926.jpg","contentUrl":"https:\/\/jablkon.eu\/jbl\/wp-content\/uploads\/2021\/10\/20211013_172023-e1634159645926.jpg","width":1200,"height":333,"caption":"\u010caj o p\u00e1t\u00e9 se starostou"},{"@type":"BreadcrumbList","@id":"https:\/\/jablkon.eu\/jbl\/pilnikov\/caj-o-pate-se-starostou-3\/#breadcrumb","itemListElement":[{"@type":"ListItem","position":1,"name":"Dom\u016f","item":"https:\/\/jablkon.eu\/jbl\/"},{"@type":"ListItem","position":2,"name":"\u010caj o p\u00e1t\u00e9 se starostou"}]},{"@type":"WebSite","@id":"https:\/\/jablkon.eu\/jbl\/#website","url":"https:\/\/jablkon.eu\/jbl\/","name":"Jaroslav Bla\u017eek - fotograf","description":"Fotografick\u00e9 pr\u00e1ce - svatebn\u00ed, rodinn\u00e1 a portr\u00e9tn\u00ed fotografie, report\u00e1\u017ee","publisher":{"@id":"https:\/\/jablkon.eu\/jbl\/#\/schema\/person\/4984d4e992f073207f693460109eac25"},"potentialAction":[{"@type":"SearchAction","target":{"@type":"EntryPoint","urlTemplate":"https:\/\/jablkon.eu\/jbl\/?s={search_term_string}"},"query-input":{"@type":"PropertyValueSpecification","valueRequired":true,"valueName":"search_term_string"}}],"inLanguage":"cs"},{"@type":["Person","Organization"],"@id":"https:\/\/jablkon.eu\/jbl\/#\/schema\/person\/4984d4e992f073207f693460109eac25","name":"JBla\u017eek","image":{"@type":"ImageObject","inLanguage":"cs","@id":"https:\/\/secure.gravatar.com\/avatar\/c014bb8932a8609c14cf90b1aebdc83197cddda4aa4e3e599f1e0016a63d942e?s=96&d=mm&r=g","url":"https:\/\/secure.gravatar.com\/avatar\/c014bb8932a8609c14cf90b1aebdc83197cddda4aa4e3e599f1e0016a63d942e?s=96&d=mm&r=g","contentUrl":"https:\/\/secure.gravatar.com\/avatar\/c014bb8932a8609c14cf90b1aebdc83197cddda4aa4e3e599f1e0016a63d942e?s=96&d=mm&r=g","caption":"JBla\u017eek"},"logo":{"@id":"https:\/\/secure.gravatar.com\/avatar\/c014bb8932a8609c14cf90b1aebdc83197cddda4aa4e3e599f1e0016a63d942e?s=96&d=mm&r=g"},"sameAs":["http:\/\/foto.jablkon.cz"],"url":"https:\/\/jablkon.eu\/jbl\/author\/admin\/"}]}},"views":739,"_links":{"self":[{"href":"https:\/\/jablkon.eu\/jbl\/wp-json\/wp\/v2\/posts\/12662","targetHints":{"allow":["GET"]}}],"collection":[{"href":"https:\/\/jablkon.eu\/jbl\/wp-json\/wp\/v2\/posts"}],"about":[{"href":"https:\/\/jablkon.eu\/jbl\/wp-json\/wp\/v2\/types\/post"}],"author":[{"embeddable":true,"href":"https:\/\/jablkon.eu\/jbl\/wp-json\/wp\/v2\/users\/1"}],"replies":[{"embeddable":true,"href":"https:\/\/jablkon.eu\/jbl\/wp-json\/wp\/v2\/comments?post=12662"}],"version-history":[{"count":0,"href":"https:\/\/jablkon.eu\/jbl\/wp-json\/wp\/v2\/posts\/12662\/revisions"}],"wp:featuredmedia":[{"embeddable":true,"href":"https:\/\/jablkon.eu\/jbl\/wp-json\/wp\/v2\/media\/12670"}],"wp:attachment":[{"href":"https:\/\/jablkon.eu\/jbl\/wp-json\/wp\/v2\/media?parent=12662"}],"wp:term":[{"taxonomy":"category","embeddable":true,"href":"https:\/\/jablkon.eu\/jbl\/wp-json\/wp\/v2\/categories?post=12662"},{"taxonomy":"post_tag","embeddable":true,"href":"https:\/\/jablkon.eu\/jbl\/wp-json\/wp\/v2\/tags?post=12662"}],"curies":[{"name":"wp","href":"https:\/\/api.w.org\/{rel}","templated":true}]}}