{"id":12672,"date":"2021-10-16T12:51:00","date_gmt":"2021-10-16T10:51:00","guid":{"rendered":"http:\/\/jablkon.eu\/jbl\/?p=12672"},"modified":"2021-10-21T20:58:32","modified_gmt":"2021-10-21T18:58:32","slug":"cov-a-kanalizace-iv-den-otevrenych-dveri","status":"publish","type":"post","link":"https:\/\/jablkon.eu\/jbl\/fotosluzby\/reportaze\/cov-a-kanalizace-iv-den-otevrenych-dveri\/","title":{"rendered":"\u010cOV a kanalizace IV. &#8211; Den otev\u0159en\u00fdch dve\u0159\u00ed"},"content":{"rendered":"\n<p class=\"has-drop-cap\">V sobotu 16. \u0159\u00edjna 2021 mezi 9. a 13. hodinou byla pro ve\u0159ejnost otev\u0159ena \u010disti\u010dka odpadn\u00edch vod v Piln\u00edkov\u011b. \u010cisti\u010dka je ji\u017e n\u011bjakou dobu v provozu a jej\u00ed obsluze se poda\u0159ilo ji se\u0159\u00eddit na optim\u00e1ln\u00ed provoz. A proto p\u0159i\u0161el \u010das v r\u00e1mci Dne otev\u0159en\u00fdch dve\u0159\u00ed uk\u00e1zat ob\u010dan\u016fm na\u0161eho m\u011bsta, kam se sb\u00edhaj\u00ed v\u0161echny ty trubky, kv\u016fli jejich\u017e umis\u0165ov\u00e1n\u00ed byl po cel\u00e9m Piln\u00edkov\u011b t\u00e9m\u011b\u0159 dva roky takov\u00fd nepo\u0159\u00e1dek, v\u0161ude byla ob\u010das spousta bahna nebo prachu a byl probl\u00e9m s pohybem po v\u011bt\u0161in\u011b piln\u00edkovsk\u00fdch ulic.<\/p>\n\n\n\n<p>P\u0159\u00edchoz\u00ed p\u0159ed budovou \u010disti\u010dky p\u0159iv\u00edtal starosta m\u011bsta Josef \u010cerven\u00fd spole\u010dn\u011b s pracovn\u00edky firmy Lesy-voda, s.r.o. Du\u0161anem Hanu\u0161em, Janem And\u011blem a Jaroslavem Krej\u010d\u00edkem, kte\u0159\u00ed se o \u010disti\u010dku staraj\u00ed. Spole\u010dn\u011b n\u00e1s provedli celou \u010disti\u010dkou a sezn\u00e1mili s funkc\u00ed jejich jednotliv\u00fdch \u010d\u00e1st\u00ed. A komu by p\u0159itom vyhl\u00e1dlo mohl se ob\u010derstvit u hasi\u010d\u016f, kte\u0159\u00ed pro p\u0159\u00edchoz\u00ed ob\u010derstven\u00ed p\u0159ipravili.<\/p>\n\n\n\n<p>O v\u00fdstavb\u011b \u010cOV a kanalizace jsem psal dvakr\u00e1t v Piln\u00edkovsk\u00e9m zpravodaji \u010d\u00edslo 1 a 2 v roce 2019 a posledn\u00ed \u010dl\u00e1nek, kter\u00fd tvo\u0159il takov\u00e9 shrnut\u00ed ji\u017e byl pouze na m\u00e9m webu <a href=\"https:\/\/jablkon.eu\/jbl\/pilnikov\/cov-a-kanalizace-iii\/\" target=\"_blank\" rel=\"noreferrer noopener\">\u010cOV a kanalizace III.<\/a>, v\u010detn\u011b jejich z\u00e1kladn\u00edch technick\u00fdch parametr\u016f. V uveden\u00e9m \u010dl\u00e1nku jsem se tak\u00e9 pokusil zjednodu\u0161en\u011b vysv\u011btlit z\u00e1kladn\u00ed princip fungov\u00e1n\u00ed \u010disti\u010dky. Tak\u00e9 tam najdete \u0159adu fotografi\u00ed z je\u0161t\u011b \u010dist\u00e9 a nepou\u017eit\u00e9 \u010disti\u010dky \ud83d\ude42<\/p>\n\n\n\n<p>Dnes je \u010disti\u010dka v provozu, a proto ji\u017e tak \u010dist\u00e1 nen\u00ed. P\u0159\u00edchoz\u00ed n\u00e1v\u0161t\u011bvn\u00edci se mohli p\u0159esv\u011bd\u010dit, jak vypad\u00e1 zpracov\u00e1n\u00ed kal\u016f z kanalizace i jak\u00e1 voda vyt\u00e9k\u00e1 z \u010disti\u010dky do Piln\u00edkovsk\u00e9ho potoka. Voda vyt\u00e9kaj\u00edc\u00ed z \u010disti\u010dky je pr\u00fd tak \u010dist\u00e1, \u017ee by se z n\u00ed dala va\u0159it k\u00e1va. Ale nebojte, hasi\u010di k\u00e1vu va\u0159ili z pitn\u00e9 vody z vodovodn\u00edho \u0159\u00e1du.<\/p>\n\n\n\n<p>Ji\u017e kr\u00e1tce po dev\u00e1t\u00e9 hodin\u011b, je\u0161t\u011b za hust\u00e9 rann\u00ed mlhy, p\u0159i\u0161li prvn\u00ed n\u00e1v\u0161t\u011bvn\u00edci a dal\u0161\u00ed pak p\u0159ich\u00e1zeli po celou dobu trv\u00e1n\u00ed akce. Celkem jich p\u0159i\u0161lo t\u00e9m\u011b\u0159 100!<\/p>\n\n\n\n<p>Na \u010cOVku ji\u017e v provozu se p\u0159i\u0161li pod\u00edvat i n\u011bkte\u0159\u00ed ze zastupitel\u016f. Vid\u011bli jsme zde starostu Josefa \u010cerven\u00e9ho a byl zde i m\u00edstostarosta Petr Jir\u00e1sko a ze zastupitel\u016f Du\u0161an Hanu\u0161, Libor Lu\u0148\u00e1k a Hana Bla\u017ekov\u00e1.<\/p>\n\n\n\n<h3 class=\"wp-block-heading\"><strong>Na z\u00e1v\u011br je\u0161t\u011b n\u011bkolik stru\u010dn\u00fdch informac\u00ed, kter\u00e9 jste mo\u017en\u00e1 nev\u011bd\u011bli:<\/strong><\/h3>\n\n\n\n<ul class=\"wp-block-list\"><li>rozm\u011bry budovy jsou 20,25 x 9,53 m, jej\u00ed v\u00fd\u0161ka 5,80 m;<\/li><li>hloubka kalov\u00fdch n\u00e1dr\u017e\u00ed je 5 metr\u016f pod ter\u00e9nem;<\/li><li>nejv\u011bt\u0161\u00ed n\u00e1dr\u017e m\u00e1 rozm\u011br 4,20 x 7,95 m a hloubku 4,55 m s objemem 151,92 m<sup>3<\/sup>;<\/li><li>\u010cOV po\u010d\u00edt\u00e1 s n\u00e1tokem 139,71 m<sup>3<\/sup> kal\u016f za den;<\/li><li>kapacita \u010cOV je 2 x 700 EO;<\/li><li>nejvy\u0161\u0161\u00ed povolen\u00fd n\u00e1tok kal\u016f je 210 m<sup>3<\/sup>\/den;<\/li><li>odtok je stejn\u00fd a pr\u016fm\u011brn\u011b se po\u010d\u00edt\u00e1 s odtokem 2,4 l\/s;<\/li><li>d\u00e9lka gravita\u010dn\u00ed kanalizace je 7 027 m;<\/li><li>d\u00e9lka tlakov\u00e9 kanalizace je 1 669 m;<\/li><li>celkov\u00e1 d\u00e9lka kanalizace je tedy 8 696 m;<\/li><li>p\u0159elo\u017eka de\u0161\u0165ov\u00e9 kanalizace je 1 150 m;<\/li><li>celkov\u00e9 n\u00e1klady byly 188 553 652,34 K\u010d + DPH.<\/li><\/ul>\n\n\n\n<p>Publikov\u00e1no: <a href=\"https:\/\/krkonossky.denik.cz\/ctenar-reporter\/foto-lide-se-presvedcili-jak-cista-voda-vyteka-do-pilnikovskeho-potoka-20211021.html\" target=\"_blank\" rel=\"noreferrer noopener\">FOTO: Lid\u00e9 se p\u0159esv\u011bd\u010dili, jak \u010dist\u00e1 voda vyt\u00e9k\u00e1 do Piln\u00edkovsk\u00e9ho potoka &#8211; Krkono\u0161sk\u00fd den\u00edk (denik.cz)<\/a><\/p>\n\n\n\nngg_shortcode_0_placeholder\n<h3>Souvisej\u00edc\u00ed obr\u00e1zky:<\/h3>","protected":false},"excerpt":{"rendered":"<p>V sobotu 16. \u0159\u00edjna 2021 mezi 9. a 13. hodinou byla pro ve\u0159ejnost otev\u0159ena \u010disti\u010dka odpadn\u00edch vod v Piln\u00edkov\u011b. \u010cisti\u010dka je ji\u017e n\u011bjakou dobu v provozu a jej\u00ed obsluze se poda\u0159ilo ji se\u0159\u00eddit na optim\u00e1ln\u00ed provoz. A proto p\u0159i\u0161el \u010das &hellip; <a href=\"https:\/\/jablkon.eu\/jbl\/fotosluzby\/reportaze\/cov-a-kanalizace-iv-den-otevrenych-dveri\/\">Cel\u00fd p\u0159\u00edsp\u011bvek <span class=\"meta-nav\">&rarr;<\/span><\/a><\/p>\n","protected":false},"author":1,"featured_media":12722,"comment_status":"closed","ping_status":"open","sticky":false,"template":"","format":"standard","meta":{"ngg_post_thumbnail":5757,"footnotes":""},"categories":[7,12,35],"tags":[122,46,87],"class_list":["post-12672","post","type-post","status-publish","format-standard","has-post-thumbnail","hentry","category-pilnikov","category-reportaze","category-zajimavosti","tag-122","tag-pilnikov-2","tag-publikovano"],"yoast_head":"<!-- This site is optimized with the Yoast SEO plugin v27.5 - https:\/\/yoast.com\/product\/yoast-seo-wordpress\/ -->\n<title>\u010cOV a kanalizace IV. - Den otev\u0159en\u00fdch dve\u0159\u00ed - Jaroslav Bla\u017eek - fotograf<\/title>\n<meta name=\"description\" content=\"Jaroslav Bla\u017eek - fotograf\" \/>\n<meta name=\"robots\" content=\"index, follow, max-snippet:-1, max-image-preview:large, max-video-preview:-1\" \/>\n<link rel=\"canonical\" href=\"https:\/\/jablkon.eu\/jbl\/fotosluzby\/reportaze\/cov-a-kanalizace-iv-den-otevrenych-dveri\/\" \/>\n<meta property=\"og:locale\" content=\"cs_CZ\" \/>\n<meta property=\"og:type\" content=\"article\" \/>\n<meta property=\"og:title\" content=\"\u010cOV a kanalizace IV. - Den otev\u0159en\u00fdch dve\u0159\u00ed - Jaroslav Bla\u017eek - fotograf\" \/>\n<meta property=\"og:description\" content=\"Jaroslav Bla\u017eek - fotograf\" \/>\n<meta property=\"og:url\" content=\"https:\/\/jablkon.eu\/jbl\/fotosluzby\/reportaze\/cov-a-kanalizace-iv-den-otevrenych-dveri\/\" \/>\n<meta property=\"og:site_name\" content=\"Jaroslav Bla\u017eek - fotograf\" \/>\n<meta property=\"article:published_time\" content=\"2021-10-16T10:51:00+00:00\" \/>\n<meta property=\"article:modified_time\" content=\"2021-10-21T18:58:32+00:00\" \/>\n<meta property=\"og:image\" content=\"https:\/\/jablkon.eu\/jbl\/wp-content\/uploads\/2021\/10\/nggallery_import\/20211016-091205.jpg\" \/>\n\t<meta property=\"og:image:width\" content=\"1200\" \/>\n\t<meta property=\"og:image:height\" content=\"800\" \/>\n\t<meta property=\"og:image:type\" content=\"image\/jpeg\" \/>\n<meta name=\"author\" content=\"JBla\u017eek\" \/>\n<meta name=\"twitter:label1\" content=\"Napsal(a)\" \/>\n\t<meta name=\"twitter:data1\" content=\"JBla\u017eek\" \/>\n\t<meta name=\"twitter:label2\" content=\"Odhadovan\u00e1 doba \u010dten\u00ed\" \/>\n\t<meta name=\"twitter:data2\" content=\"3 minuty\" \/>\n<script type=\"application\/ld+json\" class=\"yoast-schema-graph\">{\"@context\":\"https:\\\/\\\/schema.org\",\"@graph\":[{\"@type\":\"Article\",\"@id\":\"https:\\\/\\\/jablkon.eu\\\/jbl\\\/fotosluzby\\\/reportaze\\\/cov-a-kanalizace-iv-den-otevrenych-dveri\\\/#article\",\"isPartOf\":{\"@id\":\"https:\\\/\\\/jablkon.eu\\\/jbl\\\/fotosluzby\\\/reportaze\\\/cov-a-kanalizace-iv-den-otevrenych-dveri\\\/\"},\"author\":{\"name\":\"JBla\u017eek\",\"@id\":\"https:\\\/\\\/jablkon.eu\\\/jbl\\\/#\\\/schema\\\/person\\\/4984d4e992f073207f693460109eac25\"},\"headline\":\"\u010cOV a kanalizace IV. &#8211; Den otev\u0159en\u00fdch dve\u0159\u00ed\",\"datePublished\":\"2021-10-16T10:51:00+00:00\",\"dateModified\":\"2021-10-21T18:58:32+00:00\",\"mainEntityOfPage\":{\"@id\":\"https:\\\/\\\/jablkon.eu\\\/jbl\\\/fotosluzby\\\/reportaze\\\/cov-a-kanalizace-iv-den-otevrenych-dveri\\\/\"},\"wordCount\":614,\"publisher\":{\"@id\":\"https:\\\/\\\/jablkon.eu\\\/jbl\\\/#\\\/schema\\\/person\\\/4984d4e992f073207f693460109eac25\"},\"image\":{\"@id\":\"https:\\\/\\\/jablkon.eu\\\/jbl\\\/fotosluzby\\\/reportaze\\\/cov-a-kanalizace-iv-den-otevrenych-dveri\\\/#primaryimage\"},\"thumbnailUrl\":\"https:\\\/\\\/jablkon.eu\\\/jbl\\\/wp-content\\\/uploads\\\/2021\\\/10\\\/nggallery_import\\\/20211016-091205.jpg\",\"keywords\":[\"2021\",\"Piln\u00edkov\",\"publikov\u00e1no\"],\"articleSection\":[\"m\u011bsto Piln\u00edkov\",\"report\u00e1\u017en\u00ed fotografie\",\"zaj\u00edmavosti\"],\"inLanguage\":\"cs\"},{\"@type\":\"WebPage\",\"@id\":\"https:\\\/\\\/jablkon.eu\\\/jbl\\\/fotosluzby\\\/reportaze\\\/cov-a-kanalizace-iv-den-otevrenych-dveri\\\/\",\"url\":\"https:\\\/\\\/jablkon.eu\\\/jbl\\\/fotosluzby\\\/reportaze\\\/cov-a-kanalizace-iv-den-otevrenych-dveri\\\/\",\"name\":\"\u010cOV a kanalizace IV. - Den otev\u0159en\u00fdch dve\u0159\u00ed - Jaroslav Bla\u017eek - fotograf\",\"isPartOf\":{\"@id\":\"https:\\\/\\\/jablkon.eu\\\/jbl\\\/#website\"},\"primaryImageOfPage\":{\"@id\":\"https:\\\/\\\/jablkon.eu\\\/jbl\\\/fotosluzby\\\/reportaze\\\/cov-a-kanalizace-iv-den-otevrenych-dveri\\\/#primaryimage\"},\"image\":{\"@id\":\"https:\\\/\\\/jablkon.eu\\\/jbl\\\/fotosluzby\\\/reportaze\\\/cov-a-kanalizace-iv-den-otevrenych-dveri\\\/#primaryimage\"},\"thumbnailUrl\":\"https:\\\/\\\/jablkon.eu\\\/jbl\\\/wp-content\\\/uploads\\\/2021\\\/10\\\/nggallery_import\\\/20211016-091205.jpg\",\"datePublished\":\"2021-10-16T10:51:00+00:00\",\"dateModified\":\"2021-10-21T18:58:32+00:00\",\"description\":\"Jaroslav Bla\u017eek - fotograf\",\"breadcrumb\":{\"@id\":\"https:\\\/\\\/jablkon.eu\\\/jbl\\\/fotosluzby\\\/reportaze\\\/cov-a-kanalizace-iv-den-otevrenych-dveri\\\/#breadcrumb\"},\"inLanguage\":\"cs\",\"potentialAction\":[{\"@type\":\"ReadAction\",\"target\":[\"https:\\\/\\\/jablkon.eu\\\/jbl\\\/fotosluzby\\\/reportaze\\\/cov-a-kanalizace-iv-den-otevrenych-dveri\\\/\"]}]},{\"@type\":\"ImageObject\",\"inLanguage\":\"cs\",\"@id\":\"https:\\\/\\\/jablkon.eu\\\/jbl\\\/fotosluzby\\\/reportaze\\\/cov-a-kanalizace-iv-den-otevrenych-dveri\\\/#primaryimage\",\"url\":\"https:\\\/\\\/jablkon.eu\\\/jbl\\\/wp-content\\\/uploads\\\/2021\\\/10\\\/nggallery_import\\\/20211016-091205.jpg\",\"contentUrl\":\"https:\\\/\\\/jablkon.eu\\\/jbl\\\/wp-content\\\/uploads\\\/2021\\\/10\\\/nggallery_import\\\/20211016-091205.jpg\",\"width\":1200,\"height\":800},{\"@type\":\"BreadcrumbList\",\"@id\":\"https:\\\/\\\/jablkon.eu\\\/jbl\\\/fotosluzby\\\/reportaze\\\/cov-a-kanalizace-iv-den-otevrenych-dveri\\\/#breadcrumb\",\"itemListElement\":[{\"@type\":\"ListItem\",\"position\":1,\"name\":\"Dom\u016f\",\"item\":\"https:\\\/\\\/jablkon.eu\\\/jbl\\\/\"},{\"@type\":\"ListItem\",\"position\":2,\"name\":\"\u010cOV a kanalizace IV. &#8211; Den otev\u0159en\u00fdch dve\u0159\u00ed\"}]},{\"@type\":\"WebSite\",\"@id\":\"https:\\\/\\\/jablkon.eu\\\/jbl\\\/#website\",\"url\":\"https:\\\/\\\/jablkon.eu\\\/jbl\\\/\",\"name\":\"Jaroslav Bla\u017eek - fotograf\",\"description\":\"Fotografick\u00e9 pr\u00e1ce - svatebn\u00ed, rodinn\u00e1 a portr\u00e9tn\u00ed fotografie, report\u00e1\u017ee\",\"publisher\":{\"@id\":\"https:\\\/\\\/jablkon.eu\\\/jbl\\\/#\\\/schema\\\/person\\\/4984d4e992f073207f693460109eac25\"},\"potentialAction\":[{\"@type\":\"SearchAction\",\"target\":{\"@type\":\"EntryPoint\",\"urlTemplate\":\"https:\\\/\\\/jablkon.eu\\\/jbl\\\/?s={search_term_string}\"},\"query-input\":{\"@type\":\"PropertyValueSpecification\",\"valueRequired\":true,\"valueName\":\"search_term_string\"}}],\"inLanguage\":\"cs\"},{\"@type\":[\"Person\",\"Organization\"],\"@id\":\"https:\\\/\\\/jablkon.eu\\\/jbl\\\/#\\\/schema\\\/person\\\/4984d4e992f073207f693460109eac25\",\"name\":\"JBla\u017eek\",\"image\":{\"@type\":\"ImageObject\",\"inLanguage\":\"cs\",\"@id\":\"https:\\\/\\\/secure.gravatar.com\\\/avatar\\\/c014bb8932a8609c14cf90b1aebdc83197cddda4aa4e3e599f1e0016a63d942e?s=96&d=mm&r=g\",\"url\":\"https:\\\/\\\/secure.gravatar.com\\\/avatar\\\/c014bb8932a8609c14cf90b1aebdc83197cddda4aa4e3e599f1e0016a63d942e?s=96&d=mm&r=g\",\"contentUrl\":\"https:\\\/\\\/secure.gravatar.com\\\/avatar\\\/c014bb8932a8609c14cf90b1aebdc83197cddda4aa4e3e599f1e0016a63d942e?s=96&d=mm&r=g\",\"caption\":\"JBla\u017eek\"},\"logo\":{\"@id\":\"https:\\\/\\\/secure.gravatar.com\\\/avatar\\\/c014bb8932a8609c14cf90b1aebdc83197cddda4aa4e3e599f1e0016a63d942e?s=96&d=mm&r=g\"},\"sameAs\":[\"http:\\\/\\\/foto.jablkon.cz\"],\"url\":\"https:\\\/\\\/jablkon.eu\\\/jbl\\\/author\\\/admin\\\/\"}]}<\/script>\n<!-- \/ Yoast SEO plugin. -->","yoast_head_json":{"title":"\u010cOV a kanalizace IV. - Den otev\u0159en\u00fdch dve\u0159\u00ed - Jaroslav Bla\u017eek - fotograf","description":"Jaroslav Bla\u017eek - fotograf","robots":{"index":"index","follow":"follow","max-snippet":"max-snippet:-1","max-image-preview":"max-image-preview:large","max-video-preview":"max-video-preview:-1"},"canonical":"https:\/\/jablkon.eu\/jbl\/fotosluzby\/reportaze\/cov-a-kanalizace-iv-den-otevrenych-dveri\/","og_locale":"cs_CZ","og_type":"article","og_title":"\u010cOV a kanalizace IV. - Den otev\u0159en\u00fdch dve\u0159\u00ed - Jaroslav Bla\u017eek - fotograf","og_description":"Jaroslav Bla\u017eek - fotograf","og_url":"https:\/\/jablkon.eu\/jbl\/fotosluzby\/reportaze\/cov-a-kanalizace-iv-den-otevrenych-dveri\/","og_site_name":"Jaroslav Bla\u017eek - fotograf","article_published_time":"2021-10-16T10:51:00+00:00","article_modified_time":"2021-10-21T18:58:32+00:00","og_image":[{"width":1200,"height":800,"url":"https:\/\/jablkon.eu\/jbl\/wp-content\/uploads\/2021\/10\/nggallery_import\/20211016-091205.jpg","type":"image\/jpeg"}],"author":"JBla\u017eek","twitter_misc":{"Napsal(a)":"JBla\u017eek","Odhadovan\u00e1 doba \u010dten\u00ed":"3 minuty"},"schema":{"@context":"https:\/\/schema.org","@graph":[{"@type":"Article","@id":"https:\/\/jablkon.eu\/jbl\/fotosluzby\/reportaze\/cov-a-kanalizace-iv-den-otevrenych-dveri\/#article","isPartOf":{"@id":"https:\/\/jablkon.eu\/jbl\/fotosluzby\/reportaze\/cov-a-kanalizace-iv-den-otevrenych-dveri\/"},"author":{"name":"JBla\u017eek","@id":"https:\/\/jablkon.eu\/jbl\/#\/schema\/person\/4984d4e992f073207f693460109eac25"},"headline":"\u010cOV a kanalizace IV. &#8211; Den otev\u0159en\u00fdch dve\u0159\u00ed","datePublished":"2021-10-16T10:51:00+00:00","dateModified":"2021-10-21T18:58:32+00:00","mainEntityOfPage":{"@id":"https:\/\/jablkon.eu\/jbl\/fotosluzby\/reportaze\/cov-a-kanalizace-iv-den-otevrenych-dveri\/"},"wordCount":614,"publisher":{"@id":"https:\/\/jablkon.eu\/jbl\/#\/schema\/person\/4984d4e992f073207f693460109eac25"},"image":{"@id":"https:\/\/jablkon.eu\/jbl\/fotosluzby\/reportaze\/cov-a-kanalizace-iv-den-otevrenych-dveri\/#primaryimage"},"thumbnailUrl":"https:\/\/jablkon.eu\/jbl\/wp-content\/uploads\/2021\/10\/nggallery_import\/20211016-091205.jpg","keywords":["2021","Piln\u00edkov","publikov\u00e1no"],"articleSection":["m\u011bsto Piln\u00edkov","report\u00e1\u017en\u00ed fotografie","zaj\u00edmavosti"],"inLanguage":"cs"},{"@type":"WebPage","@id":"https:\/\/jablkon.eu\/jbl\/fotosluzby\/reportaze\/cov-a-kanalizace-iv-den-otevrenych-dveri\/","url":"https:\/\/jablkon.eu\/jbl\/fotosluzby\/reportaze\/cov-a-kanalizace-iv-den-otevrenych-dveri\/","name":"\u010cOV a kanalizace IV. - Den otev\u0159en\u00fdch dve\u0159\u00ed - Jaroslav Bla\u017eek - fotograf","isPartOf":{"@id":"https:\/\/jablkon.eu\/jbl\/#website"},"primaryImageOfPage":{"@id":"https:\/\/jablkon.eu\/jbl\/fotosluzby\/reportaze\/cov-a-kanalizace-iv-den-otevrenych-dveri\/#primaryimage"},"image":{"@id":"https:\/\/jablkon.eu\/jbl\/fotosluzby\/reportaze\/cov-a-kanalizace-iv-den-otevrenych-dveri\/#primaryimage"},"thumbnailUrl":"https:\/\/jablkon.eu\/jbl\/wp-content\/uploads\/2021\/10\/nggallery_import\/20211016-091205.jpg","datePublished":"2021-10-16T10:51:00+00:00","dateModified":"2021-10-21T18:58:32+00:00","description":"Jaroslav Bla\u017eek - fotograf","breadcrumb":{"@id":"https:\/\/jablkon.eu\/jbl\/fotosluzby\/reportaze\/cov-a-kanalizace-iv-den-otevrenych-dveri\/#breadcrumb"},"inLanguage":"cs","potentialAction":[{"@type":"ReadAction","target":["https:\/\/jablkon.eu\/jbl\/fotosluzby\/reportaze\/cov-a-kanalizace-iv-den-otevrenych-dveri\/"]}]},{"@type":"ImageObject","inLanguage":"cs","@id":"https:\/\/jablkon.eu\/jbl\/fotosluzby\/reportaze\/cov-a-kanalizace-iv-den-otevrenych-dveri\/#primaryimage","url":"https:\/\/jablkon.eu\/jbl\/wp-content\/uploads\/2021\/10\/nggallery_import\/20211016-091205.jpg","contentUrl":"https:\/\/jablkon.eu\/jbl\/wp-content\/uploads\/2021\/10\/nggallery_import\/20211016-091205.jpg","width":1200,"height":800},{"@type":"BreadcrumbList","@id":"https:\/\/jablkon.eu\/jbl\/fotosluzby\/reportaze\/cov-a-kanalizace-iv-den-otevrenych-dveri\/#breadcrumb","itemListElement":[{"@type":"ListItem","position":1,"name":"Dom\u016f","item":"https:\/\/jablkon.eu\/jbl\/"},{"@type":"ListItem","position":2,"name":"\u010cOV a kanalizace IV. &#8211; Den otev\u0159en\u00fdch dve\u0159\u00ed"}]},{"@type":"WebSite","@id":"https:\/\/jablkon.eu\/jbl\/#website","url":"https:\/\/jablkon.eu\/jbl\/","name":"Jaroslav Bla\u017eek - fotograf","description":"Fotografick\u00e9 pr\u00e1ce - svatebn\u00ed, rodinn\u00e1 a portr\u00e9tn\u00ed fotografie, report\u00e1\u017ee","publisher":{"@id":"https:\/\/jablkon.eu\/jbl\/#\/schema\/person\/4984d4e992f073207f693460109eac25"},"potentialAction":[{"@type":"SearchAction","target":{"@type":"EntryPoint","urlTemplate":"https:\/\/jablkon.eu\/jbl\/?s={search_term_string}"},"query-input":{"@type":"PropertyValueSpecification","valueRequired":true,"valueName":"search_term_string"}}],"inLanguage":"cs"},{"@type":["Person","Organization"],"@id":"https:\/\/jablkon.eu\/jbl\/#\/schema\/person\/4984d4e992f073207f693460109eac25","name":"JBla\u017eek","image":{"@type":"ImageObject","inLanguage":"cs","@id":"https:\/\/secure.gravatar.com\/avatar\/c014bb8932a8609c14cf90b1aebdc83197cddda4aa4e3e599f1e0016a63d942e?s=96&d=mm&r=g","url":"https:\/\/secure.gravatar.com\/avatar\/c014bb8932a8609c14cf90b1aebdc83197cddda4aa4e3e599f1e0016a63d942e?s=96&d=mm&r=g","contentUrl":"https:\/\/secure.gravatar.com\/avatar\/c014bb8932a8609c14cf90b1aebdc83197cddda4aa4e3e599f1e0016a63d942e?s=96&d=mm&r=g","caption":"JBla\u017eek"},"logo":{"@id":"https:\/\/secure.gravatar.com\/avatar\/c014bb8932a8609c14cf90b1aebdc83197cddda4aa4e3e599f1e0016a63d942e?s=96&d=mm&r=g"},"sameAs":["http:\/\/foto.jablkon.cz"],"url":"https:\/\/jablkon.eu\/jbl\/author\/admin\/"}]}},"views":1055,"_links":{"self":[{"href":"https:\/\/jablkon.eu\/jbl\/wp-json\/wp\/v2\/posts\/12672","targetHints":{"allow":["GET"]}}],"collection":[{"href":"https:\/\/jablkon.eu\/jbl\/wp-json\/wp\/v2\/posts"}],"about":[{"href":"https:\/\/jablkon.eu\/jbl\/wp-json\/wp\/v2\/types\/post"}],"author":[{"embeddable":true,"href":"https:\/\/jablkon.eu\/jbl\/wp-json\/wp\/v2\/users\/1"}],"replies":[{"embeddable":true,"href":"https:\/\/jablkon.eu\/jbl\/wp-json\/wp\/v2\/comments?post=12672"}],"version-history":[{"count":0,"href":"https:\/\/jablkon.eu\/jbl\/wp-json\/wp\/v2\/posts\/12672\/revisions"}],"wp:featuredmedia":[{"embeddable":true,"href":"https:\/\/jablkon.eu\/jbl\/wp-json\/wp\/v2\/media\/12722"}],"wp:attachment":[{"href":"https:\/\/jablkon.eu\/jbl\/wp-json\/wp\/v2\/media?parent=12672"}],"wp:term":[{"taxonomy":"category","embeddable":true,"href":"https:\/\/jablkon.eu\/jbl\/wp-json\/wp\/v2\/categories?post=12672"},{"taxonomy":"post_tag","embeddable":true,"href":"https:\/\/jablkon.eu\/jbl\/wp-json\/wp\/v2\/tags?post=12672"}],"curies":[{"name":"wp","href":"https:\/\/api.w.org\/{rel}","templated":true}]}}