{"id":15385,"date":"2024-02-13T19:00:03","date_gmt":"2024-02-13T18:00:03","guid":{"rendered":"https:\/\/jablkon.eu\/jbl\/?p=15385"},"modified":"2025-11-04T19:26:00","modified_gmt":"2025-11-04T18:26:00","slug":"masopustni-rej-opet-prosel-pilnikovem","status":"publish","type":"post","link":"https:\/\/jablkon.eu\/jbl\/pilnikov\/masopustni-rej-opet-prosel-pilnikovem\/","title":{"rendered":"Masopustn\u00ed rej op\u011bt pro\u0161el Piln\u00edkovem"},"content":{"rendered":"\n<p class=\"has-drop-cap\">Po promrholen\u00e9m t\u00fddnu p\u0159i\u0161la druh\u00e1 \u00fanorov\u00e1 sobota, tedy 9. \u00fanora 2024, a s n\u00ed se nad Piln\u00edkovem rozprost\u0159elo bezde\u0161tiv\u00e9 a p\u0159\u00edjemn\u011b tepl\u00e9 po\u010das\u00ed ide\u00e1ln\u00ed pro masopustn\u00ed vesel\u00ed.&nbsp; I slun\u00ed\u010dko ob\u010das sv\u00edtilo! Piln\u00edkovsk\u00e9 n\u00e1m\u011bst\u00ed a pozd\u011bji i piln\u00edkovsk\u00e9 ulice se rozsv\u00edtily vesel\u00fdmi barvami mnoha kost\u00fdm\u016f \u00fa\u010dastn\u00edk\u016f tradi\u010dn\u00edho masopustu.<\/p>\n\n\n\n<p>Prvn\u00ed n\u00e1v\u0161t\u011bvn\u00edci p\u0159i\u0161li na n\u00e1m\u011bst\u00ed ji\u017e t\u011bsn\u011b po ob\u011bd\u011b. Ji\u017e tam na n\u011b u\u017e \u010dekaly p\u0159ipraven\u00e9 st\u00e1nky s ob\u010derstven\u00edm. A kdy\u017e byl masopust, tak samoz\u0159ejm\u011b se v nich prod\u00e1valy produkty klasick\u00e9 zab\u00edja\u010dky, tedy prejt, jitrnice, jel\u00edtka a nechyb\u011bla ani tla\u010denka \u010di prdela\u010dka. Dokonce i masopustn\u00ed kol\u00e1\u010dky se na\u0161ly! A proto\u017ee to v\u0161echno bylo pot\u0159eba i zap\u00edt, mohli si \u00fa\u010dastn\u00edci d\u00e1t pivo nebo sva\u0159en\u00e9 v\u00edno. A samoz\u0159ejm\u011b nechyb\u011bly ani nealkoholick\u00e9 n\u00e1poje v\u010detn\u011b hork\u00e9ho \u010daje.<\/p>\n\n\n\n<p>Tak\u00e9 letos se na masopust p\u0159ijeli pod\u00edvat z\u00e1stupci z polsk\u00e9ho Marcisz\u00f3wa, kte\u0159\u00ed se aktivn\u011b zapojili do masopustn\u00edho reje. N\u011bkte\u0159\u00ed p\u0159ijeli i v mask\u00e1ch!<\/p>\n\n\n\n<p>Po 14 hodin\u011b starosta m\u011bsta Piln\u00edkov Josef \u010cerven\u00fd p\u0159iv\u00edtal p\u0159\u00edtomn\u00e9, v\u010detn\u011b z\u00e1stupc\u016f z polsk\u00e9ho Marcisz\u00f3wa. N\u00e1sledn\u011b se ke slovu dostal policajt, kter\u00e9ho tradi\u010dn\u011b p\u0159edstavuje p\u0159edseda Kulturn\u00edho v\u00fdboru Petr P\u011bcho\u010d, a po\u017e\u00e1dal starostu o kl\u00ed\u010d od m\u011bsta. S kl\u00ed\u010dem policajt p\u0159evzal tak\u00e9 do\u010dasnou vl\u00e1du nad m\u011bstem. Vz\u00e1p\u011bt\u00ed vyrazil na cestu po m\u011bst\u011b i masopustn\u00ed pr\u016fvod. V \u010dele pr\u016fvodu jelo op\u011bt ko\u0148sk\u00e9 sp\u0159e\u017een\u00ed \u0159\u00edzen\u00e9 Karlem Skutilem st. Ne\u017e se pr\u016fvod vr\u00e1til zp\u011bt na n\u00e1m\u011bst\u00ed, byli \u00fa\u010dastn\u00edci poho\u0161t\u011bni na n\u011bkolika zast\u00e1vk\u00e1ch u m\u00edstn\u00edch ob\u010dan\u016f. Letos se pr\u016fvod nejprve vydal z n\u00e1m\u011bst\u00ed k ulici Hrad\u010d\u00edn, po n\u00ed k ulici Tov\u00e1rn\u00ed a d\u00e1le po Trutnovsk\u00e9 ulici zp\u011bt na n\u00e1m\u011bst\u00ed.<\/p>\n\n\n\n<p>Na n\u00e1m\u011bst\u00ed pak je\u0161t\u011b byla vyhl\u00e1\u0161ena sout\u011b\u017e o nejhez\u010d\u00ed masku a na z\u00e1v\u011br masopustu jsme shl\u00e9dli piln\u00edkovsk\u00fd orloj.<\/p>\n\n\n\n<p>Cel\u00fd masopust rychle utekl. Podle organiz\u00e1tor\u016f se ho z\u00fa\u010dastnilo asi 420 n\u00e1v\u0161t\u011bvn\u00edk\u016f, z toho p\u0159i\u0161lo 90 v mask\u00e1ch. A sn\u011bdlo se 450 jitrnic a 20 trdel tla\u010denky.<\/p>\n\n\n\n<p>PS: no a v ned\u011bli od r\u00e1na drobn\u011b pr\u0161\u00ed&#8230; Tak\u017ee jsme zase jednou m\u011bli \u0161t\u011bst\u00ed\u2026<\/p>\n\n\n\nngg_shortcode_0_placeholder\n\n\n<figure class=\"wp-block-embed-youtube wp-block-embed is-type-video is-provider-youtube wp-embed-aspect-4-3 wp-has-aspect-ratio\"><div class=\"lyte-wrapper\" title=\"Pilni&Iacute;kovsk&yacute; masopust 2024\" style=\"width:640px;max-width:100%;margin:5px auto;\"><div class=\"lyMe\" id=\"WYL_nkjra8V_jtA\"><div id=\"lyte_nkjra8V_jtA\" data-src=\"https:\/\/i.ytimg.com\/vi\/nkjra8V_jtA\/hqdefault.jpg\" class=\"pL\"><div class=\"tC\"><div class=\"tT\">Pilni\u00cdkovsk\u00fd masopust 2024<\/div><\/div><div class=\"play\"><\/div><div class=\"ctrl\"><div class=\"Lctrl\"><\/div><div class=\"Rctrl\"><\/div><\/div><\/div><noscript><a href=\"https:\/\/youtu.be\/nkjra8V_jtA\" rel=\"nofollow\"><img loading=\"lazy\" decoding=\"async\" src=\"https:\/\/i.ytimg.com\/vi\/nkjra8V_jtA\/0.jpg\" alt=\"Pilni&Iacute;kovsk&yacute; masopust 2024\" width=\"640\" height=\"340\" \/><br \/>Watch this video on YouTube<\/a><\/noscript><\/div><\/div><div class=\"lL\" style=\"max-width:100%;width:640px;margin:5px auto;\"><\/div><figcaption><\/figcaption><\/figure>\n\n\n<p>A na z\u00e1v\u011br je\u0161t\u011b s laskav\u00fdm svolen\u00edm Kate\u0159iny Kol\u00e1\u010dn\u00e9 z\u00e1znam piln\u00edkovsk\u00e9ho orloje:<\/p>\n\n\n<figure class=\"wp-block-embed-youtube wp-block-embed is-type-video is-provider-youtube wp-embed-aspect-16-9 wp-has-aspect-ratio\"><div class=\"lyte-wrapper\" title=\"Piln&iacute;kovsk&yacute; orloj 2024\" style=\"width:640px;max-width:100%;margin:5px auto;\"><div class=\"lyMe\" id=\"WYL_4bRF9djS1ks\"><div id=\"lyte_4bRF9djS1ks\" data-src=\"https:\/\/i.ytimg.com\/vi\/4bRF9djS1ks\/hqdefault.jpg\" class=\"pL\"><div class=\"tC\"><div class=\"tT\">Piln\u00edkovsk\u00fd orloj 2024<\/div><\/div><div class=\"play\"><\/div><div class=\"ctrl\"><div class=\"Lctrl\"><\/div><div class=\"Rctrl\"><\/div><\/div><\/div><noscript><a href=\"https:\/\/youtu.be\/4bRF9djS1ks\" rel=\"nofollow\"><img loading=\"lazy\" decoding=\"async\" src=\"https:\/\/i.ytimg.com\/vi\/4bRF9djS1ks\/0.jpg\" alt=\"Piln&iacute;kovsk&yacute; orloj 2024\" width=\"640\" height=\"340\" \/><br \/>Watch this video on YouTube<\/a><\/noscript><\/div><\/div><div class=\"lL\" style=\"max-width:100%;width:640px;margin:5px auto;\"><\/div><figcaption><\/figcaption><\/figure><h3>Souvisej\u00edc\u00ed obr\u00e1zky:<\/h3>","protected":false},"excerpt":{"rendered":"<p>Po promrholen\u00e9m t\u00fddnu p\u0159i\u0161la druh\u00e1 \u00fanorov\u00e1 sobota, tedy 9. \u00fanora 2024, a s n\u00ed se nad Piln\u00edkovem rozprost\u0159elo bezde\u0161tiv\u00e9 a p\u0159\u00edjemn\u011b tepl\u00e9 po\u010das\u00ed ide\u00e1ln\u00ed pro masopustn\u00ed vesel\u00ed.&nbsp; I slun\u00ed\u010dko ob\u010das sv\u00edtilo! Piln\u00edkovsk\u00e9 n\u00e1m\u011bst\u00ed a pozd\u011bji i piln\u00edkovsk\u00e9 ulice se rozsv\u00edtily &hellip; <a href=\"https:\/\/jablkon.eu\/jbl\/pilnikov\/masopustni-rej-opet-prosel-pilnikovem\/\">Cel\u00fd p\u0159\u00edsp\u011bvek <span class=\"meta-nav\">&rarr;<\/span><\/a><\/p>\n","protected":false},"author":1,"featured_media":15481,"comment_status":"closed","ping_status":"open","sticky":false,"template":"","format":"standard","meta":{"ngg_post_thumbnail":7576,"footnotes":""},"categories":[10,7,12],"tags":[130,47,106,46,104],"class_list":["post-15385","post","type-post","status-publish","format-standard","has-post-thumbnail","hentry","category-pilnikovkultura","category-pilnikov","category-reportaze","tag-130","tag-kultura","tag-masopust","tag-pilnikov-2","tag-video"],"yoast_head":"<!-- This site is optimized with the Yoast SEO plugin v27.5 - https:\/\/yoast.com\/product\/yoast-seo-wordpress\/ -->\n<title>Masopustn\u00ed rej op\u011bt pro\u0161el Piln\u00edkovem - Jaroslav Bla\u017eek - fotograf<\/title>\n<meta name=\"description\" content=\"Jaroslav Bla\u017eek - fotograf - Masopustn\u00ed rej op\u011bt pro\u0161el Piln\u00edkovem\" \/>\n<meta name=\"robots\" content=\"index, follow, max-snippet:-1, max-image-preview:large, max-video-preview:-1\" \/>\n<link rel=\"canonical\" href=\"https:\/\/jablkon.eu\/jbl\/pilnikov\/masopustni-rej-opet-prosel-pilnikovem\/\" \/>\n<meta property=\"og:locale\" content=\"cs_CZ\" \/>\n<meta property=\"og:type\" content=\"article\" \/>\n<meta property=\"og:title\" content=\"Masopustn\u00ed rej op\u011bt pro\u0161el Piln\u00edkovem - Jaroslav Bla\u017eek - fotograf\" \/>\n<meta property=\"og:description\" content=\"Jaroslav Bla\u017eek - fotograf - Masopustn\u00ed rej op\u011bt pro\u0161el Piln\u00edkovem\" \/>\n<meta property=\"og:url\" content=\"https:\/\/jablkon.eu\/jbl\/pilnikov\/masopustni-rej-opet-prosel-pilnikovem\/\" \/>\n<meta property=\"og:site_name\" content=\"Jaroslav Bla\u017eek - fotograf\" \/>\n<meta property=\"article:published_time\" content=\"2024-02-13T18:00:03+00:00\" \/>\n<meta property=\"article:modified_time\" content=\"2025-11-04T18:26:00+00:00\" \/>\n<meta property=\"og:image\" content=\"https:\/\/jablkon.eu\/jbl\/wp-content\/uploads\/2024\/02\/nggallery_import\/20240210-163312.jpg\" \/>\n\t<meta property=\"og:image:width\" content=\"1500\" \/>\n\t<meta property=\"og:image:height\" content=\"1014\" \/>\n\t<meta property=\"og:image:type\" content=\"image\/jpeg\" \/>\n<meta name=\"author\" content=\"JBla\u017eek\" \/>\n<meta name=\"twitter:label1\" content=\"Napsal(a)\" \/>\n\t<meta name=\"twitter:data1\" content=\"JBla\u017eek\" \/>\n\t<meta name=\"twitter:label2\" content=\"Odhadovan\u00e1 doba \u010dten\u00ed\" \/>\n\t<meta name=\"twitter:data2\" content=\"2 minuty\" \/>\n<script type=\"application\/ld+json\" class=\"yoast-schema-graph\">{\"@context\":\"https:\\\/\\\/schema.org\",\"@graph\":[{\"@type\":\"Article\",\"@id\":\"https:\\\/\\\/jablkon.eu\\\/jbl\\\/pilnikov\\\/masopustni-rej-opet-prosel-pilnikovem\\\/#article\",\"isPartOf\":{\"@id\":\"https:\\\/\\\/jablkon.eu\\\/jbl\\\/pilnikov\\\/masopustni-rej-opet-prosel-pilnikovem\\\/\"},\"author\":{\"name\":\"JBla\u017eek\",\"@id\":\"https:\\\/\\\/jablkon.eu\\\/jbl\\\/#\\\/schema\\\/person\\\/4984d4e992f073207f693460109eac25\"},\"headline\":\"Masopustn\u00ed rej op\u011bt pro\u0161el Piln\u00edkovem\",\"datePublished\":\"2024-02-13T18:00:03+00:00\",\"dateModified\":\"2025-11-04T18:26:00+00:00\",\"mainEntityOfPage\":{\"@id\":\"https:\\\/\\\/jablkon.eu\\\/jbl\\\/pilnikov\\\/masopustni-rej-opet-prosel-pilnikovem\\\/\"},\"wordCount\":502,\"publisher\":{\"@id\":\"https:\\\/\\\/jablkon.eu\\\/jbl\\\/#\\\/schema\\\/person\\\/4984d4e992f073207f693460109eac25\"},\"image\":{\"@id\":\"https:\\\/\\\/jablkon.eu\\\/jbl\\\/pilnikov\\\/masopustni-rej-opet-prosel-pilnikovem\\\/#primaryimage\"},\"thumbnailUrl\":\"https:\\\/\\\/jablkon.eu\\\/jbl\\\/wp-content\\\/uploads\\\/2024\\\/02\\\/nggallery_import\\\/20240210-163312.jpg\",\"keywords\":[\"2024\",\"kultura\",\"masopust\",\"Piln\u00edkov\",\"video\"],\"articleSection\":[\"informace z kultury\",\"m\u011bsto Piln\u00edkov\",\"report\u00e1\u017en\u00ed fotografie\"],\"inLanguage\":\"cs\"},{\"@type\":\"WebPage\",\"@id\":\"https:\\\/\\\/jablkon.eu\\\/jbl\\\/pilnikov\\\/masopustni-rej-opet-prosel-pilnikovem\\\/\",\"url\":\"https:\\\/\\\/jablkon.eu\\\/jbl\\\/pilnikov\\\/masopustni-rej-opet-prosel-pilnikovem\\\/\",\"name\":\"Masopustn\u00ed rej op\u011bt pro\u0161el Piln\u00edkovem - Jaroslav Bla\u017eek - fotograf\",\"isPartOf\":{\"@id\":\"https:\\\/\\\/jablkon.eu\\\/jbl\\\/#website\"},\"primaryImageOfPage\":{\"@id\":\"https:\\\/\\\/jablkon.eu\\\/jbl\\\/pilnikov\\\/masopustni-rej-opet-prosel-pilnikovem\\\/#primaryimage\"},\"image\":{\"@id\":\"https:\\\/\\\/jablkon.eu\\\/jbl\\\/pilnikov\\\/masopustni-rej-opet-prosel-pilnikovem\\\/#primaryimage\"},\"thumbnailUrl\":\"https:\\\/\\\/jablkon.eu\\\/jbl\\\/wp-content\\\/uploads\\\/2024\\\/02\\\/nggallery_import\\\/20240210-163312.jpg\",\"datePublished\":\"2024-02-13T18:00:03+00:00\",\"dateModified\":\"2025-11-04T18:26:00+00:00\",\"description\":\"Jaroslav Bla\u017eek - fotograf - Masopustn\u00ed rej op\u011bt pro\u0161el Piln\u00edkovem\",\"breadcrumb\":{\"@id\":\"https:\\\/\\\/jablkon.eu\\\/jbl\\\/pilnikov\\\/masopustni-rej-opet-prosel-pilnikovem\\\/#breadcrumb\"},\"inLanguage\":\"cs\",\"potentialAction\":[{\"@type\":\"ReadAction\",\"target\":[\"https:\\\/\\\/jablkon.eu\\\/jbl\\\/pilnikov\\\/masopustni-rej-opet-prosel-pilnikovem\\\/\"]}]},{\"@type\":\"ImageObject\",\"inLanguage\":\"cs\",\"@id\":\"https:\\\/\\\/jablkon.eu\\\/jbl\\\/pilnikov\\\/masopustni-rej-opet-prosel-pilnikovem\\\/#primaryimage\",\"url\":\"https:\\\/\\\/jablkon.eu\\\/jbl\\\/wp-content\\\/uploads\\\/2024\\\/02\\\/nggallery_import\\\/20240210-163312.jpg\",\"contentUrl\":\"https:\\\/\\\/jablkon.eu\\\/jbl\\\/wp-content\\\/uploads\\\/2024\\\/02\\\/nggallery_import\\\/20240210-163312.jpg\",\"width\":1500,\"height\":1014},{\"@type\":\"BreadcrumbList\",\"@id\":\"https:\\\/\\\/jablkon.eu\\\/jbl\\\/pilnikov\\\/masopustni-rej-opet-prosel-pilnikovem\\\/#breadcrumb\",\"itemListElement\":[{\"@type\":\"ListItem\",\"position\":1,\"name\":\"Dom\u016f\",\"item\":\"https:\\\/\\\/jablkon.eu\\\/jbl\\\/\"},{\"@type\":\"ListItem\",\"position\":2,\"name\":\"Masopustn\u00ed rej op\u011bt pro\u0161el Piln\u00edkovem\"}]},{\"@type\":\"WebSite\",\"@id\":\"https:\\\/\\\/jablkon.eu\\\/jbl\\\/#website\",\"url\":\"https:\\\/\\\/jablkon.eu\\\/jbl\\\/\",\"name\":\"Jaroslav Bla\u017eek - fotograf\",\"description\":\"Fotografick\u00e9 pr\u00e1ce - svatebn\u00ed, rodinn\u00e1 a portr\u00e9tn\u00ed fotografie, report\u00e1\u017ee\",\"publisher\":{\"@id\":\"https:\\\/\\\/jablkon.eu\\\/jbl\\\/#\\\/schema\\\/person\\\/4984d4e992f073207f693460109eac25\"},\"potentialAction\":[{\"@type\":\"SearchAction\",\"target\":{\"@type\":\"EntryPoint\",\"urlTemplate\":\"https:\\\/\\\/jablkon.eu\\\/jbl\\\/?s={search_term_string}\"},\"query-input\":{\"@type\":\"PropertyValueSpecification\",\"valueRequired\":true,\"valueName\":\"search_term_string\"}}],\"inLanguage\":\"cs\"},{\"@type\":[\"Person\",\"Organization\"],\"@id\":\"https:\\\/\\\/jablkon.eu\\\/jbl\\\/#\\\/schema\\\/person\\\/4984d4e992f073207f693460109eac25\",\"name\":\"JBla\u017eek\",\"image\":{\"@type\":\"ImageObject\",\"inLanguage\":\"cs\",\"@id\":\"https:\\\/\\\/secure.gravatar.com\\\/avatar\\\/c014bb8932a8609c14cf90b1aebdc83197cddda4aa4e3e599f1e0016a63d942e?s=96&d=mm&r=g\",\"url\":\"https:\\\/\\\/secure.gravatar.com\\\/avatar\\\/c014bb8932a8609c14cf90b1aebdc83197cddda4aa4e3e599f1e0016a63d942e?s=96&d=mm&r=g\",\"contentUrl\":\"https:\\\/\\\/secure.gravatar.com\\\/avatar\\\/c014bb8932a8609c14cf90b1aebdc83197cddda4aa4e3e599f1e0016a63d942e?s=96&d=mm&r=g\",\"caption\":\"JBla\u017eek\"},\"logo\":{\"@id\":\"https:\\\/\\\/secure.gravatar.com\\\/avatar\\\/c014bb8932a8609c14cf90b1aebdc83197cddda4aa4e3e599f1e0016a63d942e?s=96&d=mm&r=g\"},\"sameAs\":[\"http:\\\/\\\/foto.jablkon.cz\"],\"url\":\"https:\\\/\\\/jablkon.eu\\\/jbl\\\/author\\\/admin\\\/\"}]}<\/script>\n<!-- \/ Yoast SEO plugin. -->","yoast_head_json":{"title":"Masopustn\u00ed rej op\u011bt pro\u0161el Piln\u00edkovem - Jaroslav Bla\u017eek - fotograf","description":"Jaroslav Bla\u017eek - fotograf - Masopustn\u00ed rej op\u011bt pro\u0161el Piln\u00edkovem","robots":{"index":"index","follow":"follow","max-snippet":"max-snippet:-1","max-image-preview":"max-image-preview:large","max-video-preview":"max-video-preview:-1"},"canonical":"https:\/\/jablkon.eu\/jbl\/pilnikov\/masopustni-rej-opet-prosel-pilnikovem\/","og_locale":"cs_CZ","og_type":"article","og_title":"Masopustn\u00ed rej op\u011bt pro\u0161el Piln\u00edkovem - Jaroslav Bla\u017eek - fotograf","og_description":"Jaroslav Bla\u017eek - fotograf - Masopustn\u00ed rej op\u011bt pro\u0161el Piln\u00edkovem","og_url":"https:\/\/jablkon.eu\/jbl\/pilnikov\/masopustni-rej-opet-prosel-pilnikovem\/","og_site_name":"Jaroslav Bla\u017eek - fotograf","article_published_time":"2024-02-13T18:00:03+00:00","article_modified_time":"2025-11-04T18:26:00+00:00","og_image":[{"width":1500,"height":1014,"url":"https:\/\/jablkon.eu\/jbl\/wp-content\/uploads\/2024\/02\/nggallery_import\/20240210-163312.jpg","type":"image\/jpeg"}],"author":"JBla\u017eek","twitter_misc":{"Napsal(a)":"JBla\u017eek","Odhadovan\u00e1 doba \u010dten\u00ed":"2 minuty"},"schema":{"@context":"https:\/\/schema.org","@graph":[{"@type":"Article","@id":"https:\/\/jablkon.eu\/jbl\/pilnikov\/masopustni-rej-opet-prosel-pilnikovem\/#article","isPartOf":{"@id":"https:\/\/jablkon.eu\/jbl\/pilnikov\/masopustni-rej-opet-prosel-pilnikovem\/"},"author":{"name":"JBla\u017eek","@id":"https:\/\/jablkon.eu\/jbl\/#\/schema\/person\/4984d4e992f073207f693460109eac25"},"headline":"Masopustn\u00ed rej op\u011bt pro\u0161el Piln\u00edkovem","datePublished":"2024-02-13T18:00:03+00:00","dateModified":"2025-11-04T18:26:00+00:00","mainEntityOfPage":{"@id":"https:\/\/jablkon.eu\/jbl\/pilnikov\/masopustni-rej-opet-prosel-pilnikovem\/"},"wordCount":502,"publisher":{"@id":"https:\/\/jablkon.eu\/jbl\/#\/schema\/person\/4984d4e992f073207f693460109eac25"},"image":{"@id":"https:\/\/jablkon.eu\/jbl\/pilnikov\/masopustni-rej-opet-prosel-pilnikovem\/#primaryimage"},"thumbnailUrl":"https:\/\/jablkon.eu\/jbl\/wp-content\/uploads\/2024\/02\/nggallery_import\/20240210-163312.jpg","keywords":["2024","kultura","masopust","Piln\u00edkov","video"],"articleSection":["informace z kultury","m\u011bsto Piln\u00edkov","report\u00e1\u017en\u00ed fotografie"],"inLanguage":"cs"},{"@type":"WebPage","@id":"https:\/\/jablkon.eu\/jbl\/pilnikov\/masopustni-rej-opet-prosel-pilnikovem\/","url":"https:\/\/jablkon.eu\/jbl\/pilnikov\/masopustni-rej-opet-prosel-pilnikovem\/","name":"Masopustn\u00ed rej op\u011bt pro\u0161el Piln\u00edkovem - Jaroslav Bla\u017eek - fotograf","isPartOf":{"@id":"https:\/\/jablkon.eu\/jbl\/#website"},"primaryImageOfPage":{"@id":"https:\/\/jablkon.eu\/jbl\/pilnikov\/masopustni-rej-opet-prosel-pilnikovem\/#primaryimage"},"image":{"@id":"https:\/\/jablkon.eu\/jbl\/pilnikov\/masopustni-rej-opet-prosel-pilnikovem\/#primaryimage"},"thumbnailUrl":"https:\/\/jablkon.eu\/jbl\/wp-content\/uploads\/2024\/02\/nggallery_import\/20240210-163312.jpg","datePublished":"2024-02-13T18:00:03+00:00","dateModified":"2025-11-04T18:26:00+00:00","description":"Jaroslav Bla\u017eek - fotograf - Masopustn\u00ed rej op\u011bt pro\u0161el Piln\u00edkovem","breadcrumb":{"@id":"https:\/\/jablkon.eu\/jbl\/pilnikov\/masopustni-rej-opet-prosel-pilnikovem\/#breadcrumb"},"inLanguage":"cs","potentialAction":[{"@type":"ReadAction","target":["https:\/\/jablkon.eu\/jbl\/pilnikov\/masopustni-rej-opet-prosel-pilnikovem\/"]}]},{"@type":"ImageObject","inLanguage":"cs","@id":"https:\/\/jablkon.eu\/jbl\/pilnikov\/masopustni-rej-opet-prosel-pilnikovem\/#primaryimage","url":"https:\/\/jablkon.eu\/jbl\/wp-content\/uploads\/2024\/02\/nggallery_import\/20240210-163312.jpg","contentUrl":"https:\/\/jablkon.eu\/jbl\/wp-content\/uploads\/2024\/02\/nggallery_import\/20240210-163312.jpg","width":1500,"height":1014},{"@type":"BreadcrumbList","@id":"https:\/\/jablkon.eu\/jbl\/pilnikov\/masopustni-rej-opet-prosel-pilnikovem\/#breadcrumb","itemListElement":[{"@type":"ListItem","position":1,"name":"Dom\u016f","item":"https:\/\/jablkon.eu\/jbl\/"},{"@type":"ListItem","position":2,"name":"Masopustn\u00ed rej op\u011bt pro\u0161el Piln\u00edkovem"}]},{"@type":"WebSite","@id":"https:\/\/jablkon.eu\/jbl\/#website","url":"https:\/\/jablkon.eu\/jbl\/","name":"Jaroslav Bla\u017eek - fotograf","description":"Fotografick\u00e9 pr\u00e1ce - svatebn\u00ed, rodinn\u00e1 a portr\u00e9tn\u00ed fotografie, report\u00e1\u017ee","publisher":{"@id":"https:\/\/jablkon.eu\/jbl\/#\/schema\/person\/4984d4e992f073207f693460109eac25"},"potentialAction":[{"@type":"SearchAction","target":{"@type":"EntryPoint","urlTemplate":"https:\/\/jablkon.eu\/jbl\/?s={search_term_string}"},"query-input":{"@type":"PropertyValueSpecification","valueRequired":true,"valueName":"search_term_string"}}],"inLanguage":"cs"},{"@type":["Person","Organization"],"@id":"https:\/\/jablkon.eu\/jbl\/#\/schema\/person\/4984d4e992f073207f693460109eac25","name":"JBla\u017eek","image":{"@type":"ImageObject","inLanguage":"cs","@id":"https:\/\/secure.gravatar.com\/avatar\/c014bb8932a8609c14cf90b1aebdc83197cddda4aa4e3e599f1e0016a63d942e?s=96&d=mm&r=g","url":"https:\/\/secure.gravatar.com\/avatar\/c014bb8932a8609c14cf90b1aebdc83197cddda4aa4e3e599f1e0016a63d942e?s=96&d=mm&r=g","contentUrl":"https:\/\/secure.gravatar.com\/avatar\/c014bb8932a8609c14cf90b1aebdc83197cddda4aa4e3e599f1e0016a63d942e?s=96&d=mm&r=g","caption":"JBla\u017eek"},"logo":{"@id":"https:\/\/secure.gravatar.com\/avatar\/c014bb8932a8609c14cf90b1aebdc83197cddda4aa4e3e599f1e0016a63d942e?s=96&d=mm&r=g"},"sameAs":["http:\/\/foto.jablkon.cz"],"url":"https:\/\/jablkon.eu\/jbl\/author\/admin\/"}]}},"views":545,"_links":{"self":[{"href":"https:\/\/jablkon.eu\/jbl\/wp-json\/wp\/v2\/posts\/15385","targetHints":{"allow":["GET"]}}],"collection":[{"href":"https:\/\/jablkon.eu\/jbl\/wp-json\/wp\/v2\/posts"}],"about":[{"href":"https:\/\/jablkon.eu\/jbl\/wp-json\/wp\/v2\/types\/post"}],"author":[{"embeddable":true,"href":"https:\/\/jablkon.eu\/jbl\/wp-json\/wp\/v2\/users\/1"}],"replies":[{"embeddable":true,"href":"https:\/\/jablkon.eu\/jbl\/wp-json\/wp\/v2\/comments?post=15385"}],"version-history":[{"count":0,"href":"https:\/\/jablkon.eu\/jbl\/wp-json\/wp\/v2\/posts\/15385\/revisions"}],"wp:featuredmedia":[{"embeddable":true,"href":"https:\/\/jablkon.eu\/jbl\/wp-json\/wp\/v2\/media\/15481"}],"wp:attachment":[{"href":"https:\/\/jablkon.eu\/jbl\/wp-json\/wp\/v2\/media?parent=15385"}],"wp:term":[{"taxonomy":"category","embeddable":true,"href":"https:\/\/jablkon.eu\/jbl\/wp-json\/wp\/v2\/categories?post=15385"},{"taxonomy":"post_tag","embeddable":true,"href":"https:\/\/jablkon.eu\/jbl\/wp-json\/wp\/v2\/tags?post=15385"}],"curies":[{"name":"wp","href":"https:\/\/api.w.org\/{rel}","templated":true}]}}