{"id":166,"date":"2003-09-01T12:00:13","date_gmt":"2003-09-01T11:00:13","guid":{"rendered":"http:\/\/www.jablkon.cz\/wordpress\/?p=166"},"modified":"2012-03-03T19:12:34","modified_gmt":"2012-03-03T18:12:34","slug":"pamatkova-zona-pilnikov","status":"publish","type":"post","link":"https:\/\/jablkon.eu\/jbl\/pilnikov\/pamatkova-zona-pilnikov\/","title":{"rendered":"Pam\u00e1tkov\u00e1 z\u00f3na Piln\u00edkov"},"content":{"rendered":"<p style=\"text-align: justify;\">Vyhl\u00e1\u0161kou 108\/2003 Sb. ze dne 1.dubna 2003 o prohl\u00e1\u0161en\u00ed \u00fazem\u00ed s historick\u00fdm prost\u0159ed\u00edm ve vybran\u00fdch m\u011bstech a obc\u00edch za pam\u00e1tkov\u00e9 z\u00f3ny a ur\u010dov\u00e1n\u00ed podm\u00ednek pro jejich ochranu byla mimo jin\u00e9 ustavena pam\u00e1tkov\u00e1 z\u00f3na v Piln\u00edkov\u011b. Tato vyhl\u00e1\u0161ka z\u00e1rove\u0148 definuje hranice pam\u00e1tkov\u00e9 z\u00f3ny:<\/p>\n<h4>Piln\u00edkov (12061), okres Trutnov, Kr\u00e1lov\u00e9hradeck\u00fd kraj<\/h4>\n<p style=\"text-align: justify;\">Hranice za\u010d\u00edn\u00e1 severn\u011b od n\u00e1m\u011bst\u00ed v k. \u00fa. Piln\u00edkov I u komunikace p. \u010d. 1204 v severn\u00edm rohu p. p. \u010d. 1199. Sm\u011b\u0159uje k jihov\u00fdchodu po severov\u00fdchodn\u00edch hranic\u00edch p. p. \u010d. 1199, st. p. \u010d. 129, p. p. \u010d. 252\/2, 252\/1, 254, 257\/1, 257\/2, 259, 260, 261, 262, 263, 264, 265, 266, st. p. \u010d. 149, p. p. \u010d. 267. Tuto parcelu obch\u00e1z\u00ed i z v\u00fdchodu, p\u0159ekra\u010duje kolmo komunikaci p. \u010d. 1202\/1 a lom\u00ed se k z\u00e1padu po jej\u00ed ji\u017en\u00ed stran\u011b ke st. p. \u010d. 1\/1. V severov\u00fdchodn\u00edm bod\u011b st. p. \u010d. 1\/1 se lom\u00ed k jihu po hranic\u00edch tohoto pozemku a st. p. \u010d. 1\/2, p. p. \u010d. 30\/1, 29, 28, 26, 25, 22, 21\/1, 20\/1, 19, 16, 15\/1, 15\/2, 13, st. p. \u010d. 172, p. p. \u010d. 1309, 11\/3, 4\/6, 9\/3, 9\/1. Po z\u00e1padn\u00ed stran\u011b t\u00e9to parcely se lom\u00ed k severu k p. p. \u010d. 8\/1. Lom\u00ed se k z\u00e1padu a sleduje hrany p. p. \u010d. 8\/1, 7\/1, 5\/1, 4\/1, 3\/1. Lom\u00ed se k jihu po v\u00fdchodn\u00ed stran\u011b p. p. \u010d. 3\/3. Lom\u00ed se k z\u00e1padu po ji\u017en\u00edch hran\u00e1ch p. p. \u010d. 3\/3, 2, 1. St\u00e1\u010d\u00ed se k severu po z\u00e1padn\u00edch hranic\u00edch p. p. \u010d. 1, st. p. \u010d. 1323 a 23. Lom\u00ed se k z\u00e1padu po ji\u017en\u00ed stran\u011b komunikace p. \u010d. 1204. Lom\u00ed se k severu po z\u00e1padn\u00edch hranic\u00edch st. p. \u010d. 97, p. p. \u010d. 204\/3, 204\/4, 206\/1, 208, 209, 210, 214\/1, 1213, 218, 243\/6, 243\/5, 243\/4. Obch\u00e1z\u00ed ze severu p. p. \u010d. 243\/2, st\u00e1\u010d\u00ed se k severu po z\u00e1padn\u00edch hranic\u00edch p. p. \u010d. 243\/1 a 242. Lom\u00ed se k z\u00e1padu po severn\u00edch hranic\u00edch p. p. \u010d. 242, st. p. \u010d. 130\/3, p. p. \u010d. 241 a p\u0159ech\u00e1z\u00ed p\u0159es komunikaci p. \u010d. 1204 do v\u00fdchoz\u00edho bodu.<\/p>\n<p>Vyhl\u00e1\u0161ka nabyla platnosti dne 1.9.2003.<\/p>\n<p>Tento \u010dl\u00e1nek a fotografie byl tak\u00e9 zve\u0159ejn\u011bn na www.Pilnikov.cz.<\/p>\n<h3>Souvisej\u00edc\u00ed obr\u00e1zky:<\/h3>","protected":false},"excerpt":{"rendered":"<p>Z\u0159\u00edzen\u00ed pam\u00e1tkov\u00e9 z\u00f3ny v Piln\u00edkov\u011b. <a href=\"https:\/\/jablkon.eu\/jbl\/pilnikov\/pamatkova-zona-pilnikov\/\">Cel\u00fd p\u0159\u00edsp\u011bvek <span class=\"meta-nav\">&rarr;<\/span><\/a><\/p>\n","protected":false},"author":1,"featured_media":0,"comment_status":"closed","ping_status":"open","sticky":false,"template":"","format":"standard","meta":{"ngg_post_thumbnail":0,"footnotes":""},"categories":[11,7,9],"tags":[],"class_list":["post-166","post","type-post","status-publish","format-standard","hentry","category-dochovane-historicke-pamatky","category-pilnikov","category-pilnikovhistorie"],"yoast_head":"<!-- This site is optimized with the Yoast SEO plugin v27.5 - https:\/\/yoast.com\/product\/yoast-seo-wordpress\/ -->\n<title>Pam\u00e1tkov\u00e1 z\u00f3na Piln\u00edkov - Jaroslav Bla\u017eek - fotograf<\/title>\n<meta name=\"description\" content=\"Jaroslav Bla\u017eek - fotograf\" \/>\n<meta name=\"robots\" content=\"index, follow, max-snippet:-1, max-image-preview:large, max-video-preview:-1\" \/>\n<link rel=\"canonical\" href=\"https:\/\/jablkon.eu\/jbl\/pilnikov\/pamatkova-zona-pilnikov\/\" \/>\n<meta property=\"og:locale\" content=\"cs_CZ\" \/>\n<meta property=\"og:type\" content=\"article\" \/>\n<meta property=\"og:title\" content=\"Pam\u00e1tkov\u00e1 z\u00f3na Piln\u00edkov - Jaroslav Bla\u017eek - fotograf\" \/>\n<meta property=\"og:description\" content=\"Jaroslav Bla\u017eek - fotograf\" \/>\n<meta property=\"og:url\" content=\"https:\/\/jablkon.eu\/jbl\/pilnikov\/pamatkova-zona-pilnikov\/\" \/>\n<meta property=\"og:site_name\" content=\"Jaroslav Bla\u017eek - fotograf\" \/>\n<meta property=\"article:published_time\" content=\"2003-09-01T11:00:13+00:00\" \/>\n<meta property=\"article:modified_time\" content=\"2012-03-03T18:12:34+00:00\" \/>\n<meta name=\"author\" content=\"JBla\u017eek\" \/>\n<meta name=\"twitter:label1\" content=\"Napsal(a)\" \/>\n\t<meta name=\"twitter:data1\" content=\"JBla\u017eek\" \/>\n\t<meta name=\"twitter:label2\" content=\"Odhadovan\u00e1 doba \u010dten\u00ed\" \/>\n\t<meta name=\"twitter:data2\" content=\"2 minuty\" \/>\n<script type=\"application\/ld+json\" class=\"yoast-schema-graph\">{\"@context\":\"https:\\\/\\\/schema.org\",\"@graph\":[{\"@type\":\"Article\",\"@id\":\"https:\\\/\\\/jablkon.eu\\\/jbl\\\/pilnikov\\\/pamatkova-zona-pilnikov\\\/#article\",\"isPartOf\":{\"@id\":\"https:\\\/\\\/jablkon.eu\\\/jbl\\\/pilnikov\\\/pamatkova-zona-pilnikov\\\/\"},\"author\":{\"name\":\"JBla\u017eek\",\"@id\":\"https:\\\/\\\/jablkon.eu\\\/jbl\\\/#\\\/schema\\\/person\\\/4984d4e992f073207f693460109eac25\"},\"headline\":\"Pam\u00e1tkov\u00e1 z\u00f3na Piln\u00edkov\",\"datePublished\":\"2003-09-01T11:00:13+00:00\",\"dateModified\":\"2012-03-03T18:12:34+00:00\",\"mainEntityOfPage\":{\"@id\":\"https:\\\/\\\/jablkon.eu\\\/jbl\\\/pilnikov\\\/pamatkova-zona-pilnikov\\\/\"},\"wordCount\":324,\"publisher\":{\"@id\":\"https:\\\/\\\/jablkon.eu\\\/jbl\\\/#\\\/schema\\\/person\\\/4984d4e992f073207f693460109eac25\"},\"articleSection\":[\"historick\u00e9 pam\u00e1tky\",\"m\u011bsto Piln\u00edkov\",\"n\u011bco z historie\"],\"inLanguage\":\"cs\"},{\"@type\":\"WebPage\",\"@id\":\"https:\\\/\\\/jablkon.eu\\\/jbl\\\/pilnikov\\\/pamatkova-zona-pilnikov\\\/\",\"url\":\"https:\\\/\\\/jablkon.eu\\\/jbl\\\/pilnikov\\\/pamatkova-zona-pilnikov\\\/\",\"name\":\"Pam\u00e1tkov\u00e1 z\u00f3na Piln\u00edkov - Jaroslav Bla\u017eek - fotograf\",\"isPartOf\":{\"@id\":\"https:\\\/\\\/jablkon.eu\\\/jbl\\\/#website\"},\"datePublished\":\"2003-09-01T11:00:13+00:00\",\"dateModified\":\"2012-03-03T18:12:34+00:00\",\"description\":\"Jaroslav Bla\u017eek - fotograf\",\"breadcrumb\":{\"@id\":\"https:\\\/\\\/jablkon.eu\\\/jbl\\\/pilnikov\\\/pamatkova-zona-pilnikov\\\/#breadcrumb\"},\"inLanguage\":\"cs\",\"potentialAction\":[{\"@type\":\"ReadAction\",\"target\":[\"https:\\\/\\\/jablkon.eu\\\/jbl\\\/pilnikov\\\/pamatkova-zona-pilnikov\\\/\"]}]},{\"@type\":\"BreadcrumbList\",\"@id\":\"https:\\\/\\\/jablkon.eu\\\/jbl\\\/pilnikov\\\/pamatkova-zona-pilnikov\\\/#breadcrumb\",\"itemListElement\":[{\"@type\":\"ListItem\",\"position\":1,\"name\":\"Dom\u016f\",\"item\":\"https:\\\/\\\/jablkon.eu\\\/jbl\\\/\"},{\"@type\":\"ListItem\",\"position\":2,\"name\":\"Pam\u00e1tkov\u00e1 z\u00f3na Piln\u00edkov\"}]},{\"@type\":\"WebSite\",\"@id\":\"https:\\\/\\\/jablkon.eu\\\/jbl\\\/#website\",\"url\":\"https:\\\/\\\/jablkon.eu\\\/jbl\\\/\",\"name\":\"Jaroslav Bla\u017eek - fotograf\",\"description\":\"Fotografick\u00e9 pr\u00e1ce - svatebn\u00ed, rodinn\u00e1 a portr\u00e9tn\u00ed fotografie, report\u00e1\u017ee\",\"publisher\":{\"@id\":\"https:\\\/\\\/jablkon.eu\\\/jbl\\\/#\\\/schema\\\/person\\\/4984d4e992f073207f693460109eac25\"},\"potentialAction\":[{\"@type\":\"SearchAction\",\"target\":{\"@type\":\"EntryPoint\",\"urlTemplate\":\"https:\\\/\\\/jablkon.eu\\\/jbl\\\/?s={search_term_string}\"},\"query-input\":{\"@type\":\"PropertyValueSpecification\",\"valueRequired\":true,\"valueName\":\"search_term_string\"}}],\"inLanguage\":\"cs\"},{\"@type\":[\"Person\",\"Organization\"],\"@id\":\"https:\\\/\\\/jablkon.eu\\\/jbl\\\/#\\\/schema\\\/person\\\/4984d4e992f073207f693460109eac25\",\"name\":\"JBla\u017eek\",\"image\":{\"@type\":\"ImageObject\",\"inLanguage\":\"cs\",\"@id\":\"https:\\\/\\\/secure.gravatar.com\\\/avatar\\\/c014bb8932a8609c14cf90b1aebdc83197cddda4aa4e3e599f1e0016a63d942e?s=96&d=mm&r=g\",\"url\":\"https:\\\/\\\/secure.gravatar.com\\\/avatar\\\/c014bb8932a8609c14cf90b1aebdc83197cddda4aa4e3e599f1e0016a63d942e?s=96&d=mm&r=g\",\"contentUrl\":\"https:\\\/\\\/secure.gravatar.com\\\/avatar\\\/c014bb8932a8609c14cf90b1aebdc83197cddda4aa4e3e599f1e0016a63d942e?s=96&d=mm&r=g\",\"caption\":\"JBla\u017eek\"},\"logo\":{\"@id\":\"https:\\\/\\\/secure.gravatar.com\\\/avatar\\\/c014bb8932a8609c14cf90b1aebdc83197cddda4aa4e3e599f1e0016a63d942e?s=96&d=mm&r=g\"},\"sameAs\":[\"http:\\\/\\\/foto.jablkon.cz\"],\"url\":\"https:\\\/\\\/jablkon.eu\\\/jbl\\\/author\\\/admin\\\/\"}]}<\/script>\n<!-- \/ Yoast SEO plugin. -->","yoast_head_json":{"title":"Pam\u00e1tkov\u00e1 z\u00f3na Piln\u00edkov - Jaroslav Bla\u017eek - fotograf","description":"Jaroslav Bla\u017eek - fotograf","robots":{"index":"index","follow":"follow","max-snippet":"max-snippet:-1","max-image-preview":"max-image-preview:large","max-video-preview":"max-video-preview:-1"},"canonical":"https:\/\/jablkon.eu\/jbl\/pilnikov\/pamatkova-zona-pilnikov\/","og_locale":"cs_CZ","og_type":"article","og_title":"Pam\u00e1tkov\u00e1 z\u00f3na Piln\u00edkov - Jaroslav Bla\u017eek - fotograf","og_description":"Jaroslav Bla\u017eek - fotograf","og_url":"https:\/\/jablkon.eu\/jbl\/pilnikov\/pamatkova-zona-pilnikov\/","og_site_name":"Jaroslav Bla\u017eek - fotograf","article_published_time":"2003-09-01T11:00:13+00:00","article_modified_time":"2012-03-03T18:12:34+00:00","author":"JBla\u017eek","twitter_misc":{"Napsal(a)":"JBla\u017eek","Odhadovan\u00e1 doba \u010dten\u00ed":"2 minuty"},"schema":{"@context":"https:\/\/schema.org","@graph":[{"@type":"Article","@id":"https:\/\/jablkon.eu\/jbl\/pilnikov\/pamatkova-zona-pilnikov\/#article","isPartOf":{"@id":"https:\/\/jablkon.eu\/jbl\/pilnikov\/pamatkova-zona-pilnikov\/"},"author":{"name":"JBla\u017eek","@id":"https:\/\/jablkon.eu\/jbl\/#\/schema\/person\/4984d4e992f073207f693460109eac25"},"headline":"Pam\u00e1tkov\u00e1 z\u00f3na Piln\u00edkov","datePublished":"2003-09-01T11:00:13+00:00","dateModified":"2012-03-03T18:12:34+00:00","mainEntityOfPage":{"@id":"https:\/\/jablkon.eu\/jbl\/pilnikov\/pamatkova-zona-pilnikov\/"},"wordCount":324,"publisher":{"@id":"https:\/\/jablkon.eu\/jbl\/#\/schema\/person\/4984d4e992f073207f693460109eac25"},"articleSection":["historick\u00e9 pam\u00e1tky","m\u011bsto Piln\u00edkov","n\u011bco z historie"],"inLanguage":"cs"},{"@type":"WebPage","@id":"https:\/\/jablkon.eu\/jbl\/pilnikov\/pamatkova-zona-pilnikov\/","url":"https:\/\/jablkon.eu\/jbl\/pilnikov\/pamatkova-zona-pilnikov\/","name":"Pam\u00e1tkov\u00e1 z\u00f3na Piln\u00edkov - Jaroslav Bla\u017eek - fotograf","isPartOf":{"@id":"https:\/\/jablkon.eu\/jbl\/#website"},"datePublished":"2003-09-01T11:00:13+00:00","dateModified":"2012-03-03T18:12:34+00:00","description":"Jaroslav Bla\u017eek - fotograf","breadcrumb":{"@id":"https:\/\/jablkon.eu\/jbl\/pilnikov\/pamatkova-zona-pilnikov\/#breadcrumb"},"inLanguage":"cs","potentialAction":[{"@type":"ReadAction","target":["https:\/\/jablkon.eu\/jbl\/pilnikov\/pamatkova-zona-pilnikov\/"]}]},{"@type":"BreadcrumbList","@id":"https:\/\/jablkon.eu\/jbl\/pilnikov\/pamatkova-zona-pilnikov\/#breadcrumb","itemListElement":[{"@type":"ListItem","position":1,"name":"Dom\u016f","item":"https:\/\/jablkon.eu\/jbl\/"},{"@type":"ListItem","position":2,"name":"Pam\u00e1tkov\u00e1 z\u00f3na Piln\u00edkov"}]},{"@type":"WebSite","@id":"https:\/\/jablkon.eu\/jbl\/#website","url":"https:\/\/jablkon.eu\/jbl\/","name":"Jaroslav Bla\u017eek - fotograf","description":"Fotografick\u00e9 pr\u00e1ce - svatebn\u00ed, rodinn\u00e1 a portr\u00e9tn\u00ed fotografie, report\u00e1\u017ee","publisher":{"@id":"https:\/\/jablkon.eu\/jbl\/#\/schema\/person\/4984d4e992f073207f693460109eac25"},"potentialAction":[{"@type":"SearchAction","target":{"@type":"EntryPoint","urlTemplate":"https:\/\/jablkon.eu\/jbl\/?s={search_term_string}"},"query-input":{"@type":"PropertyValueSpecification","valueRequired":true,"valueName":"search_term_string"}}],"inLanguage":"cs"},{"@type":["Person","Organization"],"@id":"https:\/\/jablkon.eu\/jbl\/#\/schema\/person\/4984d4e992f073207f693460109eac25","name":"JBla\u017eek","image":{"@type":"ImageObject","inLanguage":"cs","@id":"https:\/\/secure.gravatar.com\/avatar\/c014bb8932a8609c14cf90b1aebdc83197cddda4aa4e3e599f1e0016a63d942e?s=96&d=mm&r=g","url":"https:\/\/secure.gravatar.com\/avatar\/c014bb8932a8609c14cf90b1aebdc83197cddda4aa4e3e599f1e0016a63d942e?s=96&d=mm&r=g","contentUrl":"https:\/\/secure.gravatar.com\/avatar\/c014bb8932a8609c14cf90b1aebdc83197cddda4aa4e3e599f1e0016a63d942e?s=96&d=mm&r=g","caption":"JBla\u017eek"},"logo":{"@id":"https:\/\/secure.gravatar.com\/avatar\/c014bb8932a8609c14cf90b1aebdc83197cddda4aa4e3e599f1e0016a63d942e?s=96&d=mm&r=g"},"sameAs":["http:\/\/foto.jablkon.cz"],"url":"https:\/\/jablkon.eu\/jbl\/author\/admin\/"}]}},"views":1068,"_links":{"self":[{"href":"https:\/\/jablkon.eu\/jbl\/wp-json\/wp\/v2\/posts\/166","targetHints":{"allow":["GET"]}}],"collection":[{"href":"https:\/\/jablkon.eu\/jbl\/wp-json\/wp\/v2\/posts"}],"about":[{"href":"https:\/\/jablkon.eu\/jbl\/wp-json\/wp\/v2\/types\/post"}],"author":[{"embeddable":true,"href":"https:\/\/jablkon.eu\/jbl\/wp-json\/wp\/v2\/users\/1"}],"replies":[{"embeddable":true,"href":"https:\/\/jablkon.eu\/jbl\/wp-json\/wp\/v2\/comments?post=166"}],"version-history":[{"count":0,"href":"https:\/\/jablkon.eu\/jbl\/wp-json\/wp\/v2\/posts\/166\/revisions"}],"wp:attachment":[{"href":"https:\/\/jablkon.eu\/jbl\/wp-json\/wp\/v2\/media?parent=166"}],"wp:term":[{"taxonomy":"category","embeddable":true,"href":"https:\/\/jablkon.eu\/jbl\/wp-json\/wp\/v2\/categories?post=166"},{"taxonomy":"post_tag","embeddable":true,"href":"https:\/\/jablkon.eu\/jbl\/wp-json\/wp\/v2\/tags?post=166"}],"curies":[{"name":"wp","href":"https:\/\/api.w.org\/{rel}","templated":true}]}}