{"id":4681,"date":"2012-08-04T23:44:13","date_gmt":"2012-08-04T21:44:13","guid":{"rendered":"http:\/\/jablkon.eu\/jbl\/?p=4681"},"modified":"2013-07-22T21:51:35","modified_gmt":"2013-07-22T19:51:35","slug":"puleni-prazdnin-2012","status":"publish","type":"post","link":"https:\/\/jablkon.eu\/jbl\/pilnikov\/puleni-prazdnin-2012\/","title":{"rendered":"5. mysliveck\u00e9 &#8222;P\u016flen\u00ed pr\u00e1zdnin&#8220;"},"content":{"rendered":"<p style=\"text-align: justify;\">\u010cas hrozn\u011b rychle ut\u00edk\u00e1 a pr\u00e1zdniny obzvl\u00e1\u0161\u0165! Tak\u017ee &#8230; ji\u017e je to tady &#8211; myslivci n\u00e1m p\u016fl\u00ed pr\u00e1zdniny!<\/p>\n<p style=\"text-align: justify;\">Tentokr\u00e1t v sobotu 4. srpna 2012 po 15 hodin\u011b uspo\u0159\u00e1dali myslivci z m\u00edstn\u00edho MS Krakono\u0161 ji\u017e p\u00e1t\u00e9 tradi\u010dn\u00ed z\u00e1bavn\u00e9 odpoledne pro d\u011bti i jejich rodi\u010de. D\u011bti a jejich rodi\u010de p\u0159iv\u00edtal Ing. Kult p\u0159ed nastoupen\u00fdm mysliveck\u00fdm sdru\u017een\u00edm. Myslivci si pro d\u011bti p\u0159ipravili celou \u0159adu z\u00e1bavn\u00fdch i nau\u010dn\u00fdch her, p\u0159i kter\u00fdch d\u011bti pozn\u00e1valy zv\u00ed\u0159ata z na\u0161ich les\u016f a str\u00e1n\u00ed, pozn\u00e1valy stromy podle v\u011btvi\u010dek a list\u00ed \u010di \u0161i\u0161ek, brouky. Pokud n\u011bco nev\u011bd\u011bly, myslivci jim v\u0161e r\u00e1di vysv\u011btlili.<\/p>\n<p style=\"text-align: justify;\">St\u0159elba ze vzduchovky samoz\u0159ejm\u011b tak\u00e9 nechyb\u011bla a pro lo\u0148sk\u00fd velk\u00fd \u00fasp\u011bch byla op\u011bt za\u0159azena i sout\u011b\u017e v malov\u00e1n\u00ed. Na posledn\u00edm sn\u00edmku jsou v\u0161ichni jej\u00ed v\u00edt\u011bzov\u00e9 &#8211; gratulujeme!<\/p>\n<p style=\"text-align: justify;\">Po absolvov\u00e1n\u00ed v\u0161ech sout\u011b\u017en\u00edch discipl\u00edn si d\u011bti mohly vyzvednout \u0161pek\u00e1\u010dek a hned si jej nad ohn\u011bm op\u00e9ci.<\/p>\n<p style=\"text-align: justify;\">Leto\u0161n\u00edho p\u016flen\u00ed pr\u00e1zdnin se aktivn\u011b z\u00fa\u010dastnilo t\u00e9m\u011b\u0159 60 d\u011bt\u00ed, co\u017e je mnohem v\u00edce ne\u017e loni. Je vid\u011bt, \u017ee se p\u016flen\u00ed pr\u00e1zdnin stalo dal\u0161\u00ed obl\u00edbenou piln\u00edkovskou tradic\u00ed.<\/p>\n<p style=\"text-align: justify;\">D\u011bkujeme myslivc\u016fm za zda\u0159ilou akci!<\/p>\n<p>Video je dlouh\u00e9 9:35 minut.<br \/>\n<iframe loading=\"lazy\" src=\"http:\/\/player.vimeo.com\/video\/46967078\" width=\"580\" height=\"325\" frameborder=\"0\" webkitAllowFullScreen mozallowfullscreen allowFullScreen><\/iframe><br \/>\n<embed height=\"900\" width=\"95%\" type=\"application\/x-shockwave-flash\" bgcolor=\"#000000\" flashvars=\"xmlDataPath=http:\/\/www.jablkon.eu\/pilnikov\/foto_akce\/2012\/0804\/foto.xml\" src=\"http:\/\/www.jablkon.eu\/_js\/viewer.swf\" allownetworking=\"internal\" allowscriptaccess=\"never\" enablejavascript=\"false\"><\/embed><\/p>\n<h3>Souvisej\u00edc\u00ed obr\u00e1zky:<\/h3>","protected":false},"excerpt":{"rendered":"<p>\u010cas hrozn\u011b rychle ut\u00edk\u00e1 a pr\u00e1zdniny obzvl\u00e1\u0161\u0165! Tak\u017ee &#8230; ji\u017e je to tady &#8211; myslivci n\u00e1m p\u016fl\u00ed pr\u00e1zdniny! Tentokr\u00e1t v sobotu 4. srpna 2012 po 15 hodin\u011b uspo\u0159\u00e1dali myslivci z m\u00edstn\u00edho MS Krakono\u0161 ji\u017e p\u00e1t\u00e9 tradi\u010dn\u00ed z\u00e1bavn\u00e9 odpoledne pro d\u011bti &hellip; <a href=\"https:\/\/jablkon.eu\/jbl\/pilnikov\/puleni-prazdnin-2012\/\">Cel\u00fd p\u0159\u00edsp\u011bvek <span class=\"meta-nav\">&rarr;<\/span><\/a><\/p>\n","protected":false},"author":1,"featured_media":0,"comment_status":"closed","ping_status":"open","sticky":false,"template":"","format":"standard","meta":{"ngg_post_thumbnail":0,"footnotes":""},"categories":[10,7,31,12,43],"tags":[47,68,46,104],"class_list":["post-4681","post","type-post","status-publish","format-standard","hentry","category-pilnikovkultura","category-pilnikov","category-myslivci","category-reportaze","category-video","tag-kultura","tag-myslivci-2","tag-pilnikov-2","tag-video"],"yoast_head":"<!-- This site is optimized with the Yoast SEO plugin v27.5 - https:\/\/yoast.com\/product\/yoast-seo-wordpress\/ -->\n<title>5. mysliveck\u00e9 &quot;P\u016flen\u00ed pr\u00e1zdnin&quot; - Jaroslav Bla\u017eek - fotograf<\/title>\n<meta name=\"description\" content=\"Jaroslav Bla\u017eek - fotograf\" \/>\n<meta name=\"robots\" content=\"index, follow, max-snippet:-1, max-image-preview:large, max-video-preview:-1\" \/>\n<link rel=\"canonical\" href=\"https:\/\/jablkon.eu\/jbl\/pilnikov\/puleni-prazdnin-2012\/\" \/>\n<meta property=\"og:locale\" content=\"cs_CZ\" \/>\n<meta property=\"og:type\" content=\"article\" \/>\n<meta property=\"og:title\" content=\"5. mysliveck\u00e9 &quot;P\u016flen\u00ed pr\u00e1zdnin&quot; - Jaroslav Bla\u017eek - fotograf\" \/>\n<meta property=\"og:description\" content=\"Jaroslav Bla\u017eek - fotograf\" \/>\n<meta property=\"og:url\" content=\"https:\/\/jablkon.eu\/jbl\/pilnikov\/puleni-prazdnin-2012\/\" \/>\n<meta property=\"og:site_name\" content=\"Jaroslav Bla\u017eek - fotograf\" \/>\n<meta property=\"article:published_time\" content=\"2012-08-04T21:44:13+00:00\" \/>\n<meta property=\"article:modified_time\" content=\"2013-07-22T19:51:35+00:00\" \/>\n<meta name=\"author\" content=\"JBla\u017eek\" \/>\n<meta name=\"twitter:label1\" content=\"Napsal(a)\" \/>\n\t<meta name=\"twitter:data1\" content=\"JBla\u017eek\" \/>\n\t<meta name=\"twitter:label2\" content=\"Odhadovan\u00e1 doba \u010dten\u00ed\" \/>\n\t<meta name=\"twitter:data2\" content=\"1 minuta\" \/>\n<script type=\"application\/ld+json\" class=\"yoast-schema-graph\">{\"@context\":\"https:\\\/\\\/schema.org\",\"@graph\":[{\"@type\":\"Article\",\"@id\":\"https:\\\/\\\/jablkon.eu\\\/jbl\\\/pilnikov\\\/puleni-prazdnin-2012\\\/#article\",\"isPartOf\":{\"@id\":\"https:\\\/\\\/jablkon.eu\\\/jbl\\\/pilnikov\\\/puleni-prazdnin-2012\\\/\"},\"author\":{\"name\":\"JBla\u017eek\",\"@id\":\"https:\\\/\\\/jablkon.eu\\\/jbl\\\/#\\\/schema\\\/person\\\/4984d4e992f073207f693460109eac25\"},\"headline\":\"5. mysliveck\u00e9 &#8222;P\u016flen\u00ed pr\u00e1zdnin&#8220;\",\"datePublished\":\"2012-08-04T21:44:13+00:00\",\"dateModified\":\"2013-07-22T19:51:35+00:00\",\"mainEntityOfPage\":{\"@id\":\"https:\\\/\\\/jablkon.eu\\\/jbl\\\/pilnikov\\\/puleni-prazdnin-2012\\\/\"},\"wordCount\":256,\"publisher\":{\"@id\":\"https:\\\/\\\/jablkon.eu\\\/jbl\\\/#\\\/schema\\\/person\\\/4984d4e992f073207f693460109eac25\"},\"keywords\":[\"kultura\",\"myslivci\",\"Piln\u00edkov\",\"video\"],\"articleSection\":[\"informace z kultury\",\"m\u011bsto Piln\u00edkov\",\"mysliveck\u00e9 akce\",\"report\u00e1\u017en\u00ed fotografie\",\"video\"],\"inLanguage\":\"cs\"},{\"@type\":\"WebPage\",\"@id\":\"https:\\\/\\\/jablkon.eu\\\/jbl\\\/pilnikov\\\/puleni-prazdnin-2012\\\/\",\"url\":\"https:\\\/\\\/jablkon.eu\\\/jbl\\\/pilnikov\\\/puleni-prazdnin-2012\\\/\",\"name\":\"5. mysliveck\u00e9 \\\"P\u016flen\u00ed pr\u00e1zdnin\\\" - Jaroslav Bla\u017eek - fotograf\",\"isPartOf\":{\"@id\":\"https:\\\/\\\/jablkon.eu\\\/jbl\\\/#website\"},\"datePublished\":\"2012-08-04T21:44:13+00:00\",\"dateModified\":\"2013-07-22T19:51:35+00:00\",\"description\":\"Jaroslav Bla\u017eek - fotograf\",\"breadcrumb\":{\"@id\":\"https:\\\/\\\/jablkon.eu\\\/jbl\\\/pilnikov\\\/puleni-prazdnin-2012\\\/#breadcrumb\"},\"inLanguage\":\"cs\",\"potentialAction\":[{\"@type\":\"ReadAction\",\"target\":[\"https:\\\/\\\/jablkon.eu\\\/jbl\\\/pilnikov\\\/puleni-prazdnin-2012\\\/\"]}]},{\"@type\":\"BreadcrumbList\",\"@id\":\"https:\\\/\\\/jablkon.eu\\\/jbl\\\/pilnikov\\\/puleni-prazdnin-2012\\\/#breadcrumb\",\"itemListElement\":[{\"@type\":\"ListItem\",\"position\":1,\"name\":\"Dom\u016f\",\"item\":\"https:\\\/\\\/jablkon.eu\\\/jbl\\\/\"},{\"@type\":\"ListItem\",\"position\":2,\"name\":\"5. mysliveck\u00e9 &#8220;P\u016flen\u00ed pr\u00e1zdnin&#8221;\"}]},{\"@type\":\"WebSite\",\"@id\":\"https:\\\/\\\/jablkon.eu\\\/jbl\\\/#website\",\"url\":\"https:\\\/\\\/jablkon.eu\\\/jbl\\\/\",\"name\":\"Jaroslav Bla\u017eek - fotograf\",\"description\":\"Fotografick\u00e9 pr\u00e1ce - svatebn\u00ed, rodinn\u00e1 a portr\u00e9tn\u00ed fotografie, report\u00e1\u017ee\",\"publisher\":{\"@id\":\"https:\\\/\\\/jablkon.eu\\\/jbl\\\/#\\\/schema\\\/person\\\/4984d4e992f073207f693460109eac25\"},\"potentialAction\":[{\"@type\":\"SearchAction\",\"target\":{\"@type\":\"EntryPoint\",\"urlTemplate\":\"https:\\\/\\\/jablkon.eu\\\/jbl\\\/?s={search_term_string}\"},\"query-input\":{\"@type\":\"PropertyValueSpecification\",\"valueRequired\":true,\"valueName\":\"search_term_string\"}}],\"inLanguage\":\"cs\"},{\"@type\":[\"Person\",\"Organization\"],\"@id\":\"https:\\\/\\\/jablkon.eu\\\/jbl\\\/#\\\/schema\\\/person\\\/4984d4e992f073207f693460109eac25\",\"name\":\"JBla\u017eek\",\"image\":{\"@type\":\"ImageObject\",\"inLanguage\":\"cs\",\"@id\":\"https:\\\/\\\/secure.gravatar.com\\\/avatar\\\/c014bb8932a8609c14cf90b1aebdc83197cddda4aa4e3e599f1e0016a63d942e?s=96&d=mm&r=g\",\"url\":\"https:\\\/\\\/secure.gravatar.com\\\/avatar\\\/c014bb8932a8609c14cf90b1aebdc83197cddda4aa4e3e599f1e0016a63d942e?s=96&d=mm&r=g\",\"contentUrl\":\"https:\\\/\\\/secure.gravatar.com\\\/avatar\\\/c014bb8932a8609c14cf90b1aebdc83197cddda4aa4e3e599f1e0016a63d942e?s=96&d=mm&r=g\",\"caption\":\"JBla\u017eek\"},\"logo\":{\"@id\":\"https:\\\/\\\/secure.gravatar.com\\\/avatar\\\/c014bb8932a8609c14cf90b1aebdc83197cddda4aa4e3e599f1e0016a63d942e?s=96&d=mm&r=g\"},\"sameAs\":[\"http:\\\/\\\/foto.jablkon.cz\"],\"url\":\"https:\\\/\\\/jablkon.eu\\\/jbl\\\/author\\\/admin\\\/\"}]}<\/script>\n<!-- \/ Yoast SEO plugin. -->","yoast_head_json":{"title":"5. mysliveck\u00e9 \"P\u016flen\u00ed pr\u00e1zdnin\" - Jaroslav Bla\u017eek - fotograf","description":"Jaroslav Bla\u017eek - fotograf","robots":{"index":"index","follow":"follow","max-snippet":"max-snippet:-1","max-image-preview":"max-image-preview:large","max-video-preview":"max-video-preview:-1"},"canonical":"https:\/\/jablkon.eu\/jbl\/pilnikov\/puleni-prazdnin-2012\/","og_locale":"cs_CZ","og_type":"article","og_title":"5. mysliveck\u00e9 \"P\u016flen\u00ed pr\u00e1zdnin\" - Jaroslav Bla\u017eek - fotograf","og_description":"Jaroslav Bla\u017eek - fotograf","og_url":"https:\/\/jablkon.eu\/jbl\/pilnikov\/puleni-prazdnin-2012\/","og_site_name":"Jaroslav Bla\u017eek - fotograf","article_published_time":"2012-08-04T21:44:13+00:00","article_modified_time":"2013-07-22T19:51:35+00:00","author":"JBla\u017eek","twitter_misc":{"Napsal(a)":"JBla\u017eek","Odhadovan\u00e1 doba \u010dten\u00ed":"1 minuta"},"schema":{"@context":"https:\/\/schema.org","@graph":[{"@type":"Article","@id":"https:\/\/jablkon.eu\/jbl\/pilnikov\/puleni-prazdnin-2012\/#article","isPartOf":{"@id":"https:\/\/jablkon.eu\/jbl\/pilnikov\/puleni-prazdnin-2012\/"},"author":{"name":"JBla\u017eek","@id":"https:\/\/jablkon.eu\/jbl\/#\/schema\/person\/4984d4e992f073207f693460109eac25"},"headline":"5. mysliveck\u00e9 &#8222;P\u016flen\u00ed pr\u00e1zdnin&#8220;","datePublished":"2012-08-04T21:44:13+00:00","dateModified":"2013-07-22T19:51:35+00:00","mainEntityOfPage":{"@id":"https:\/\/jablkon.eu\/jbl\/pilnikov\/puleni-prazdnin-2012\/"},"wordCount":256,"publisher":{"@id":"https:\/\/jablkon.eu\/jbl\/#\/schema\/person\/4984d4e992f073207f693460109eac25"},"keywords":["kultura","myslivci","Piln\u00edkov","video"],"articleSection":["informace z kultury","m\u011bsto Piln\u00edkov","mysliveck\u00e9 akce","report\u00e1\u017en\u00ed fotografie","video"],"inLanguage":"cs"},{"@type":"WebPage","@id":"https:\/\/jablkon.eu\/jbl\/pilnikov\/puleni-prazdnin-2012\/","url":"https:\/\/jablkon.eu\/jbl\/pilnikov\/puleni-prazdnin-2012\/","name":"5. mysliveck\u00e9 \"P\u016flen\u00ed pr\u00e1zdnin\" - Jaroslav Bla\u017eek - fotograf","isPartOf":{"@id":"https:\/\/jablkon.eu\/jbl\/#website"},"datePublished":"2012-08-04T21:44:13+00:00","dateModified":"2013-07-22T19:51:35+00:00","description":"Jaroslav Bla\u017eek - fotograf","breadcrumb":{"@id":"https:\/\/jablkon.eu\/jbl\/pilnikov\/puleni-prazdnin-2012\/#breadcrumb"},"inLanguage":"cs","potentialAction":[{"@type":"ReadAction","target":["https:\/\/jablkon.eu\/jbl\/pilnikov\/puleni-prazdnin-2012\/"]}]},{"@type":"BreadcrumbList","@id":"https:\/\/jablkon.eu\/jbl\/pilnikov\/puleni-prazdnin-2012\/#breadcrumb","itemListElement":[{"@type":"ListItem","position":1,"name":"Dom\u016f","item":"https:\/\/jablkon.eu\/jbl\/"},{"@type":"ListItem","position":2,"name":"5. mysliveck\u00e9 &#8220;P\u016flen\u00ed pr\u00e1zdnin&#8221;"}]},{"@type":"WebSite","@id":"https:\/\/jablkon.eu\/jbl\/#website","url":"https:\/\/jablkon.eu\/jbl\/","name":"Jaroslav Bla\u017eek - fotograf","description":"Fotografick\u00e9 pr\u00e1ce - svatebn\u00ed, rodinn\u00e1 a portr\u00e9tn\u00ed fotografie, report\u00e1\u017ee","publisher":{"@id":"https:\/\/jablkon.eu\/jbl\/#\/schema\/person\/4984d4e992f073207f693460109eac25"},"potentialAction":[{"@type":"SearchAction","target":{"@type":"EntryPoint","urlTemplate":"https:\/\/jablkon.eu\/jbl\/?s={search_term_string}"},"query-input":{"@type":"PropertyValueSpecification","valueRequired":true,"valueName":"search_term_string"}}],"inLanguage":"cs"},{"@type":["Person","Organization"],"@id":"https:\/\/jablkon.eu\/jbl\/#\/schema\/person\/4984d4e992f073207f693460109eac25","name":"JBla\u017eek","image":{"@type":"ImageObject","inLanguage":"cs","@id":"https:\/\/secure.gravatar.com\/avatar\/c014bb8932a8609c14cf90b1aebdc83197cddda4aa4e3e599f1e0016a63d942e?s=96&d=mm&r=g","url":"https:\/\/secure.gravatar.com\/avatar\/c014bb8932a8609c14cf90b1aebdc83197cddda4aa4e3e599f1e0016a63d942e?s=96&d=mm&r=g","contentUrl":"https:\/\/secure.gravatar.com\/avatar\/c014bb8932a8609c14cf90b1aebdc83197cddda4aa4e3e599f1e0016a63d942e?s=96&d=mm&r=g","caption":"JBla\u017eek"},"logo":{"@id":"https:\/\/secure.gravatar.com\/avatar\/c014bb8932a8609c14cf90b1aebdc83197cddda4aa4e3e599f1e0016a63d942e?s=96&d=mm&r=g"},"sameAs":["http:\/\/foto.jablkon.cz"],"url":"https:\/\/jablkon.eu\/jbl\/author\/admin\/"}]}},"views":1673,"_links":{"self":[{"href":"https:\/\/jablkon.eu\/jbl\/wp-json\/wp\/v2\/posts\/4681","targetHints":{"allow":["GET"]}}],"collection":[{"href":"https:\/\/jablkon.eu\/jbl\/wp-json\/wp\/v2\/posts"}],"about":[{"href":"https:\/\/jablkon.eu\/jbl\/wp-json\/wp\/v2\/types\/post"}],"author":[{"embeddable":true,"href":"https:\/\/jablkon.eu\/jbl\/wp-json\/wp\/v2\/users\/1"}],"replies":[{"embeddable":true,"href":"https:\/\/jablkon.eu\/jbl\/wp-json\/wp\/v2\/comments?post=4681"}],"version-history":[{"count":0,"href":"https:\/\/jablkon.eu\/jbl\/wp-json\/wp\/v2\/posts\/4681\/revisions"}],"wp:attachment":[{"href":"https:\/\/jablkon.eu\/jbl\/wp-json\/wp\/v2\/media?parent=4681"}],"wp:term":[{"taxonomy":"category","embeddable":true,"href":"https:\/\/jablkon.eu\/jbl\/wp-json\/wp\/v2\/categories?post=4681"},{"taxonomy":"post_tag","embeddable":true,"href":"https:\/\/jablkon.eu\/jbl\/wp-json\/wp\/v2\/tags?post=4681"}],"curies":[{"name":"wp","href":"https:\/\/api.w.org\/{rel}","templated":true}]}}