{"id":5092,"date":"2012-09-08T22:52:30","date_gmt":"2012-09-08T20:52:30","guid":{"rendered":"http:\/\/jablkon.eu\/jbl\/?p=5092"},"modified":"2013-07-22T20:00:35","modified_gmt":"2013-07-22T18:00:35","slug":"den-mesta-2012","status":"publish","type":"post","link":"https:\/\/jablkon.eu\/jbl\/pilnikov\/den-mesta-2012\/","title":{"rendered":"Krkono\u0161e z Piln\u00edkovsk\u00e9 vyhl\u00eddky 2012"},"content":{"rendered":"<p style=\"text-align: justify;\">V sobotu 8. z\u00e1\u0159\u00ed 2012 se konaly ji\u017e 6. m\u011bstsk\u00e9 slavnosti, leto\u0161n\u00ed t\u00e9ma bylo &#8222;<span style=\"color: #ff0000;\"><strong>Krkono\u0161e z Piln\u00edkovsk\u00e9 vyhl\u00eddky 2012<\/strong><\/span>\u201c. Cel\u00e1 slavnost prob\u00edhala na kopci &#8222;Na Spravedlnosti&#8220; (471 m n. m.) nad Piln\u00edkovem, kde byla postavena nov\u00e1 vyhl\u00eddka. Ve vyhl\u00eddce je um\u00edst\u011bna barevn\u00e1 panoramatick\u00e1 mapa Krkono\u0161 s popsan\u00fdmi vrcholy, kter\u00e9 m\u016f\u017eete za p\u0159\u00edzniv\u00e9ho po\u010das\u00ed z vyhl\u00eddky spat\u0159it.<\/p>\n<p style=\"text-align: justify;\">Letos se na organizaci slavnosti pod\u00edlely, krom\u011b M\u011bsta Piln\u00edkov, tak\u00e9 Mysliveck\u00e9 sdru\u017een\u00ed Krakono\u0161, T\u011blov\u00fdchovn\u00e1 jednota Spartak Piln\u00edkov, Sbor dobrovoln\u00fdch hasi\u010d\u016f a Z\u00e1kladn\u00ed \u0161kola.<\/p>\n<p style=\"text-align: justify;\">Dopoledne prob\u00edhaly z\u00e1vody v cest\u011b k vyhl\u00eddce. Vybrat jste si mohli mezi p\u011b\u0161\u00edm v\u00fdstupem, b\u011bhem a j\u00edzdou na kole. Chodeck\u00e1 a b\u011b\u017eeck\u00e1 trasa vedla nejkrat\u0161\u00ed cestou p\u0159\u00edmo na vrchol a byla dlouh\u00e1 1550 m. Cyklistick\u00e1 trasa vedla p\u0159es Li\u0161k\u00e1rnu a byla dlouh\u00e1 8520 m. Odpoledne pak t\u0159i nejrychlej\u0161\u00ed obdr\u017eeli medaili a poh\u00e1r.<\/p>\n<p style=\"text-align: justify;\">Nejrychlej\u0161\u00ed chodkyn\u00ed se stala pan\u00ed D. Bejrov\u00e1 s \u010dasem 17:00 min, za kterou t\u011bsn\u011b n\u00e1sledovala pan\u00ed Y. Musial z Polska (17:03 min) a sle\u010dna N. Paceh, tak\u00e9 z Polska (17:05 min). V b\u011bhu se o prvn\u00ed dv\u011b m\u00edsta pod\u011blili m\u00edstn\u00ed hasi\u010di pan Libor Lu\u0148\u00e1k s \u010dasem 7:00 minut<em> <\/em>n\u00e1sledovan\u00fd Martinem Hejlem (7:10 min). Nikdo dal\u0161\u00ed nem\u011bl k b\u011bhu odvahu&#8230; Cyklistickou trasu nejrychleji p\u0159ekonal v \u010dase 22:15 minut pan Pavel \u010cubi\u010d, pron\u00e1sledov\u00e1n Miroslavem Vo\u017een\u00edlkem mlad\u0161\u00edm (22:33 min) a t\u0159et\u00ed dojel David Bart\u016fn\u011bk (27:30 min). Mezi \u017eenami byla nejrychlej\u0161\u00ed sle\u010dna Julie Kultov\u00e1 (28:39 min). Druh\u00e1 \u017eena, pan\u00ed Eva Klapkov\u00e1 dojela sice posledn\u00ed, ale zato po cest\u011b potkala skupinku asi 15 divo\u010d\u00e1k\u016f, kte\u0159\u00ed ji p\u0159eb\u011bhli p\u0159es cestu t\u011bsn\u011b p\u0159ed kolem.<\/p>\n<p style=\"text-align: justify;\">Chutn\u00fd ob\u011bd pro \u00fa\u010dastn\u00edky dopoledn\u00edch sout\u011b\u017e\u00ed byl p\u0159ipraven v hezk\u00e9m prost\u0159ed\u00ed nov\u00e9ho penzionu &#8222;U Skutil\u016f&#8220;.<\/p>\n<p style=\"text-align: justify;\">Odpoledn\u00ed program prob\u00edhal op\u011bt v okol\u00ed nov\u00e9 vyhl\u00eddky a za\u010dal slavnostn\u00edm projevem na\u0161eho starosty a pokra\u010doval projevy m\u00edstostarosty Marcisz\u00f3wa a starosty V\u00edt\u011bzn\u00e9. Po projevech n\u00e1sledovalo p\u0159est\u0159i\u017een\u00ed stuhy, kter\u00e9 provedl starosta Piln\u00edkova spolu se z\u00e1stupkyn\u00ed z Marcisz\u00f3wa pan\u00ed Blankou Cepielik, a t\u00edm byla vyhl\u00eddka ofici\u00e1ln\u011b otev\u0159ena.<\/p>\n<p style=\"text-align: justify;\">Cel\u00e9 odpoledne moderovala pan\u00ed Mgr. Veronika Sokolovi\u010dov\u00e1, kter\u00e1 upozor\u0148ovala \u00fa\u010dastn\u00edky na akce prob\u00edhaj\u00edc\u00ed na r\u016fzn\u00fdch m\u00edstech vrchu &#8222;Na Spravedlnosti&#8220;. Byla to nap\u0159\u00edklad divadeln\u00ed vystoupen\u00ed Ladislava Pe\u0159iny &#8222;\u0160pal\u00ed\u010dek&#8220; a &#8222;\u010cert a K\u00e1\u010da&#8220;, pit\u00ed piva na \u010das, p\u0159ek\u00e1\u017ekov\u00fd b\u011bh, j\u00edzda zru\u010dnosti na kole, sout\u011b\u017e o nejlep\u0161\u00ed masku Krakono\u0161e nebo na popul\u00e1rn\u011b nau\u010dnou p\u0159edn\u00e1\u0161ku Mgr. Pavla Klapky, Ph. D. o Krkono\u0161\u00edch &#8211; o geologii i o sou\u010dasn\u00e9m v\u00fdhledu.<\/p>\n<p style=\"text-align: justify;\">B\u011bhem odpoledne tak\u00e9 vystoupilo p\u011bveck\u00e9 seskupen\u00ed Zorza z dru\u017eebn\u00edho Marcisz\u00f3wa s p\u011bti p\u00edsn\u011bmi. D\u00e1le odpoledne tak\u00e9 prob\u011bhl koncert m\u00edstn\u00ed hudebn\u00ed skupiny Tlupa tlap a ve\u010der, po slavnostn\u00edm zap\u00e1len\u00ed t\u00e1bor\u00e1ku panem Dole\u017ealem, p\u0159\u00edmo u t\u00e1bor\u00e1ku hr\u00e1la skupina Koc\u00e1bka.<\/p>\n<p style=\"text-align: justify;\">Po cel\u00e9 odpoledne si v\u0161ichni \u00fa\u010dastn\u00edci mohli v n\u011bkolika st\u00e1nc\u00edch zakoupit ob\u010derstven\u00ed &#8211; gul\u00e1\u0161, kol\u00e1\u010de, grilovan\u00e9 prase a k pit\u00ed i r\u016fzn\u00e9 druhy piv i nealkoholick\u00fdch n\u00e1poj\u016f. Pobl\u00ed\u017e stanu hasi\u010d\u016f byla v\u00fdstavka obr\u00e1zk\u016f namalovan\u00e1 d\u011btmi na &#8222;<a title=\"5. mysliveck\u00e9 \u201cP\u016flen\u00ed pr\u00e1zdnin\u201c\" href=\"https:\/\/jablkon.eu\/jbl\/pilnikov\/puleni-prazdnin-2012\/\">Mysliveck\u00e9m p\u016flen\u00ed pr\u00e1zdnin<\/a>\u201c. V podstat\u011b v\u011bt\u0161ina m\u00edstn\u00edch organizac\u00ed a spolk\u016f se na tomto dni n\u011bjak z\u00fa\u010dastnila.<\/p>\n<p style=\"text-align: justify;\">Je \u0161koda, \u017ee m\u00edstn\u00ed z\u00e1kladn\u00ed \u0161kola, a\u010dkoliv je uvedena na ti\u0161t\u011bn\u00e9 pozv\u00e1nce jako jeden z po\u0159\u00e1daj\u00edc\u00edch spolk\u016f, se na t\u00e9to v\u00fdznamn\u00e9 akci <em>(ji\u017e druh\u00fdm rokem)<\/em> nijak neprezentuje.<\/p>\n<p style=\"text-align: justify;\">Video je dlouh\u00e9 49:48 minut.<br \/>\n<iframe loading=\"lazy\" src=\"http:\/\/player.vimeo.com\/video\/49457200\" width=\"580\" height=\"325\" frameborder=\"0\" webkitAllowFullScreen mozallowfullscreen allowFullScreen><\/iframe><\/p>\n<p><embed height=\"900\" width=\"95%\" type=\"application\/x-shockwave-flash\" bgcolor=\"#000000\" flashvars=\"xmlDataPath=http:\/\/www.jablkon.eu\/pilnikov\/foto_akce\/2012\/0908\/foto.xml\" src=\"http:\/\/www.jablkon.eu\/_js\/viewer.swf\" allownetworking=\"internal\" allowscriptaccess=\"never\" enablejavascript=\"false\"><\/embed><\/p>\n<p style=\"text-align: justify;\">A na z\u00e1v\u011br je\u0161t\u011b ofici\u00e1ln\u00ed videa s koment\u00e1\u0159em v \u010desk\u00e9m a polsk\u00e9m jazyce. D\u00e9lka ka\u017ed\u00e9ho videa je 10:02 minut.<br \/>\n<iframe loading=\"lazy\" src=\"http:\/\/player.vimeo.com\/video\/50300761\" width=\"580\" height=\"325\" frameborder=\"0\" webkitAllowFullScreen mozallowfullscreen allowFullScreen><\/iframe><\/p>\n<p><iframe loading=\"lazy\" src=\"http:\/\/player.vimeo.com\/video\/51283492\" width=\"580\" height=\"325\" frameborder=\"0\" webkitAllowFullScreen mozallowfullscreen allowFullScreen><\/iframe><\/p>\n<h3>Souvisej\u00edc\u00ed obr\u00e1zky:<\/h3>","protected":false},"excerpt":{"rendered":"<p>V sobotu 8. z\u00e1\u0159\u00ed 2012 se konaly ji\u017e 6. m\u011bstsk\u00e9 slavnosti, leto\u0161n\u00ed t\u00e9ma bylo &#8222;Krkono\u0161e z Piln\u00edkovsk\u00e9 vyhl\u00eddky 2012\u201c. Cel\u00e1 slavnost prob\u00edhala na kopci &#8222;Na Spravedlnosti&#8220; (471 m n. m.) nad Piln\u00edkovem, kde byla postavena nov\u00e1 vyhl\u00eddka. Ve vyhl\u00eddce je &hellip; <a href=\"https:\/\/jablkon.eu\/jbl\/pilnikov\/den-mesta-2012\/\">Cel\u00fd p\u0159\u00edsp\u011bvek <span class=\"meta-nav\">&rarr;<\/span><\/a><\/p>\n","protected":false},"author":1,"featured_media":0,"comment_status":"closed","ping_status":"open","sticky":false,"template":"","format":"standard","meta":{"ngg_post_thumbnail":0,"footnotes":""},"categories":[30,10,7,12,43],"tags":[47,46,104],"class_list":["post-5092","post","type-post","status-publish","format-standard","hentry","category-den-mesta","category-pilnikovkultura","category-pilnikov","category-reportaze","category-video","tag-kultura","tag-pilnikov-2","tag-video"],"yoast_head":"<!-- This site is optimized with the Yoast SEO plugin v27.5 - https:\/\/yoast.com\/product\/yoast-seo-wordpress\/ -->\n<title>Krkono\u0161e z Piln\u00edkovsk\u00e9 vyhl\u00eddky 2012 - Jaroslav Bla\u017eek - fotograf<\/title>\n<meta name=\"description\" content=\"Jaroslav Bla\u017eek - fotograf\" \/>\n<meta name=\"robots\" content=\"index, follow, max-snippet:-1, max-image-preview:large, max-video-preview:-1\" \/>\n<link rel=\"canonical\" href=\"https:\/\/jablkon.eu\/jbl\/pilnikov\/den-mesta-2012\/\" \/>\n<meta property=\"og:locale\" content=\"cs_CZ\" \/>\n<meta property=\"og:type\" content=\"article\" \/>\n<meta property=\"og:title\" content=\"Krkono\u0161e z Piln\u00edkovsk\u00e9 vyhl\u00eddky 2012 - Jaroslav Bla\u017eek - fotograf\" \/>\n<meta property=\"og:description\" content=\"Jaroslav Bla\u017eek - fotograf\" \/>\n<meta property=\"og:url\" content=\"https:\/\/jablkon.eu\/jbl\/pilnikov\/den-mesta-2012\/\" \/>\n<meta property=\"og:site_name\" content=\"Jaroslav Bla\u017eek - fotograf\" \/>\n<meta property=\"article:published_time\" content=\"2012-09-08T20:52:30+00:00\" \/>\n<meta property=\"article:modified_time\" content=\"2013-07-22T18:00:35+00:00\" \/>\n<meta name=\"author\" content=\"JBla\u017eek\" \/>\n<meta name=\"twitter:label1\" content=\"Napsal(a)\" \/>\n\t<meta name=\"twitter:data1\" content=\"JBla\u017eek\" \/>\n\t<meta name=\"twitter:label2\" content=\"Odhadovan\u00e1 doba \u010dten\u00ed\" \/>\n\t<meta name=\"twitter:data2\" content=\"3 minuty\" \/>\n<script type=\"application\/ld+json\" class=\"yoast-schema-graph\">{\"@context\":\"https:\\\/\\\/schema.org\",\"@graph\":[{\"@type\":\"Article\",\"@id\":\"https:\\\/\\\/jablkon.eu\\\/jbl\\\/pilnikov\\\/den-mesta-2012\\\/#article\",\"isPartOf\":{\"@id\":\"https:\\\/\\\/jablkon.eu\\\/jbl\\\/pilnikov\\\/den-mesta-2012\\\/\"},\"author\":{\"name\":\"JBla\u017eek\",\"@id\":\"https:\\\/\\\/jablkon.eu\\\/jbl\\\/#\\\/schema\\\/person\\\/4984d4e992f073207f693460109eac25\"},\"headline\":\"Krkono\u0161e z Piln\u00edkovsk\u00e9 vyhl\u00eddky 2012\",\"datePublished\":\"2012-09-08T20:52:30+00:00\",\"dateModified\":\"2013-07-22T18:00:35+00:00\",\"mainEntityOfPage\":{\"@id\":\"https:\\\/\\\/jablkon.eu\\\/jbl\\\/pilnikov\\\/den-mesta-2012\\\/\"},\"wordCount\":693,\"publisher\":{\"@id\":\"https:\\\/\\\/jablkon.eu\\\/jbl\\\/#\\\/schema\\\/person\\\/4984d4e992f073207f693460109eac25\"},\"keywords\":[\"kultura\",\"Piln\u00edkov\",\"video\"],\"articleSection\":[\"den m\u011bsta\",\"informace z kultury\",\"m\u011bsto Piln\u00edkov\",\"report\u00e1\u017en\u00ed fotografie\",\"video\"],\"inLanguage\":\"cs\"},{\"@type\":\"WebPage\",\"@id\":\"https:\\\/\\\/jablkon.eu\\\/jbl\\\/pilnikov\\\/den-mesta-2012\\\/\",\"url\":\"https:\\\/\\\/jablkon.eu\\\/jbl\\\/pilnikov\\\/den-mesta-2012\\\/\",\"name\":\"Krkono\u0161e z Piln\u00edkovsk\u00e9 vyhl\u00eddky 2012 - Jaroslav Bla\u017eek - fotograf\",\"isPartOf\":{\"@id\":\"https:\\\/\\\/jablkon.eu\\\/jbl\\\/#website\"},\"datePublished\":\"2012-09-08T20:52:30+00:00\",\"dateModified\":\"2013-07-22T18:00:35+00:00\",\"description\":\"Jaroslav Bla\u017eek - fotograf\",\"breadcrumb\":{\"@id\":\"https:\\\/\\\/jablkon.eu\\\/jbl\\\/pilnikov\\\/den-mesta-2012\\\/#breadcrumb\"},\"inLanguage\":\"cs\",\"potentialAction\":[{\"@type\":\"ReadAction\",\"target\":[\"https:\\\/\\\/jablkon.eu\\\/jbl\\\/pilnikov\\\/den-mesta-2012\\\/\"]}]},{\"@type\":\"BreadcrumbList\",\"@id\":\"https:\\\/\\\/jablkon.eu\\\/jbl\\\/pilnikov\\\/den-mesta-2012\\\/#breadcrumb\",\"itemListElement\":[{\"@type\":\"ListItem\",\"position\":1,\"name\":\"Dom\u016f\",\"item\":\"https:\\\/\\\/jablkon.eu\\\/jbl\\\/\"},{\"@type\":\"ListItem\",\"position\":2,\"name\":\"Krkono\u0161e z Piln\u00edkovsk\u00e9 vyhl\u00eddky 2012\"}]},{\"@type\":\"WebSite\",\"@id\":\"https:\\\/\\\/jablkon.eu\\\/jbl\\\/#website\",\"url\":\"https:\\\/\\\/jablkon.eu\\\/jbl\\\/\",\"name\":\"Jaroslav Bla\u017eek - fotograf\",\"description\":\"Fotografick\u00e9 pr\u00e1ce - svatebn\u00ed, rodinn\u00e1 a portr\u00e9tn\u00ed fotografie, report\u00e1\u017ee\",\"publisher\":{\"@id\":\"https:\\\/\\\/jablkon.eu\\\/jbl\\\/#\\\/schema\\\/person\\\/4984d4e992f073207f693460109eac25\"},\"potentialAction\":[{\"@type\":\"SearchAction\",\"target\":{\"@type\":\"EntryPoint\",\"urlTemplate\":\"https:\\\/\\\/jablkon.eu\\\/jbl\\\/?s={search_term_string}\"},\"query-input\":{\"@type\":\"PropertyValueSpecification\",\"valueRequired\":true,\"valueName\":\"search_term_string\"}}],\"inLanguage\":\"cs\"},{\"@type\":[\"Person\",\"Organization\"],\"@id\":\"https:\\\/\\\/jablkon.eu\\\/jbl\\\/#\\\/schema\\\/person\\\/4984d4e992f073207f693460109eac25\",\"name\":\"JBla\u017eek\",\"image\":{\"@type\":\"ImageObject\",\"inLanguage\":\"cs\",\"@id\":\"https:\\\/\\\/secure.gravatar.com\\\/avatar\\\/c014bb8932a8609c14cf90b1aebdc83197cddda4aa4e3e599f1e0016a63d942e?s=96&d=mm&r=g\",\"url\":\"https:\\\/\\\/secure.gravatar.com\\\/avatar\\\/c014bb8932a8609c14cf90b1aebdc83197cddda4aa4e3e599f1e0016a63d942e?s=96&d=mm&r=g\",\"contentUrl\":\"https:\\\/\\\/secure.gravatar.com\\\/avatar\\\/c014bb8932a8609c14cf90b1aebdc83197cddda4aa4e3e599f1e0016a63d942e?s=96&d=mm&r=g\",\"caption\":\"JBla\u017eek\"},\"logo\":{\"@id\":\"https:\\\/\\\/secure.gravatar.com\\\/avatar\\\/c014bb8932a8609c14cf90b1aebdc83197cddda4aa4e3e599f1e0016a63d942e?s=96&d=mm&r=g\"},\"sameAs\":[\"http:\\\/\\\/foto.jablkon.cz\"],\"url\":\"https:\\\/\\\/jablkon.eu\\\/jbl\\\/author\\\/admin\\\/\"}]}<\/script>\n<!-- \/ Yoast SEO plugin. -->","yoast_head_json":{"title":"Krkono\u0161e z Piln\u00edkovsk\u00e9 vyhl\u00eddky 2012 - Jaroslav Bla\u017eek - fotograf","description":"Jaroslav Bla\u017eek - fotograf","robots":{"index":"index","follow":"follow","max-snippet":"max-snippet:-1","max-image-preview":"max-image-preview:large","max-video-preview":"max-video-preview:-1"},"canonical":"https:\/\/jablkon.eu\/jbl\/pilnikov\/den-mesta-2012\/","og_locale":"cs_CZ","og_type":"article","og_title":"Krkono\u0161e z Piln\u00edkovsk\u00e9 vyhl\u00eddky 2012 - Jaroslav Bla\u017eek - fotograf","og_description":"Jaroslav Bla\u017eek - fotograf","og_url":"https:\/\/jablkon.eu\/jbl\/pilnikov\/den-mesta-2012\/","og_site_name":"Jaroslav Bla\u017eek - fotograf","article_published_time":"2012-09-08T20:52:30+00:00","article_modified_time":"2013-07-22T18:00:35+00:00","author":"JBla\u017eek","twitter_misc":{"Napsal(a)":"JBla\u017eek","Odhadovan\u00e1 doba \u010dten\u00ed":"3 minuty"},"schema":{"@context":"https:\/\/schema.org","@graph":[{"@type":"Article","@id":"https:\/\/jablkon.eu\/jbl\/pilnikov\/den-mesta-2012\/#article","isPartOf":{"@id":"https:\/\/jablkon.eu\/jbl\/pilnikov\/den-mesta-2012\/"},"author":{"name":"JBla\u017eek","@id":"https:\/\/jablkon.eu\/jbl\/#\/schema\/person\/4984d4e992f073207f693460109eac25"},"headline":"Krkono\u0161e z Piln\u00edkovsk\u00e9 vyhl\u00eddky 2012","datePublished":"2012-09-08T20:52:30+00:00","dateModified":"2013-07-22T18:00:35+00:00","mainEntityOfPage":{"@id":"https:\/\/jablkon.eu\/jbl\/pilnikov\/den-mesta-2012\/"},"wordCount":693,"publisher":{"@id":"https:\/\/jablkon.eu\/jbl\/#\/schema\/person\/4984d4e992f073207f693460109eac25"},"keywords":["kultura","Piln\u00edkov","video"],"articleSection":["den m\u011bsta","informace z kultury","m\u011bsto Piln\u00edkov","report\u00e1\u017en\u00ed fotografie","video"],"inLanguage":"cs"},{"@type":"WebPage","@id":"https:\/\/jablkon.eu\/jbl\/pilnikov\/den-mesta-2012\/","url":"https:\/\/jablkon.eu\/jbl\/pilnikov\/den-mesta-2012\/","name":"Krkono\u0161e z Piln\u00edkovsk\u00e9 vyhl\u00eddky 2012 - Jaroslav Bla\u017eek - fotograf","isPartOf":{"@id":"https:\/\/jablkon.eu\/jbl\/#website"},"datePublished":"2012-09-08T20:52:30+00:00","dateModified":"2013-07-22T18:00:35+00:00","description":"Jaroslav Bla\u017eek - fotograf","breadcrumb":{"@id":"https:\/\/jablkon.eu\/jbl\/pilnikov\/den-mesta-2012\/#breadcrumb"},"inLanguage":"cs","potentialAction":[{"@type":"ReadAction","target":["https:\/\/jablkon.eu\/jbl\/pilnikov\/den-mesta-2012\/"]}]},{"@type":"BreadcrumbList","@id":"https:\/\/jablkon.eu\/jbl\/pilnikov\/den-mesta-2012\/#breadcrumb","itemListElement":[{"@type":"ListItem","position":1,"name":"Dom\u016f","item":"https:\/\/jablkon.eu\/jbl\/"},{"@type":"ListItem","position":2,"name":"Krkono\u0161e z Piln\u00edkovsk\u00e9 vyhl\u00eddky 2012"}]},{"@type":"WebSite","@id":"https:\/\/jablkon.eu\/jbl\/#website","url":"https:\/\/jablkon.eu\/jbl\/","name":"Jaroslav Bla\u017eek - fotograf","description":"Fotografick\u00e9 pr\u00e1ce - svatebn\u00ed, rodinn\u00e1 a portr\u00e9tn\u00ed fotografie, report\u00e1\u017ee","publisher":{"@id":"https:\/\/jablkon.eu\/jbl\/#\/schema\/person\/4984d4e992f073207f693460109eac25"},"potentialAction":[{"@type":"SearchAction","target":{"@type":"EntryPoint","urlTemplate":"https:\/\/jablkon.eu\/jbl\/?s={search_term_string}"},"query-input":{"@type":"PropertyValueSpecification","valueRequired":true,"valueName":"search_term_string"}}],"inLanguage":"cs"},{"@type":["Person","Organization"],"@id":"https:\/\/jablkon.eu\/jbl\/#\/schema\/person\/4984d4e992f073207f693460109eac25","name":"JBla\u017eek","image":{"@type":"ImageObject","inLanguage":"cs","@id":"https:\/\/secure.gravatar.com\/avatar\/c014bb8932a8609c14cf90b1aebdc83197cddda4aa4e3e599f1e0016a63d942e?s=96&d=mm&r=g","url":"https:\/\/secure.gravatar.com\/avatar\/c014bb8932a8609c14cf90b1aebdc83197cddda4aa4e3e599f1e0016a63d942e?s=96&d=mm&r=g","contentUrl":"https:\/\/secure.gravatar.com\/avatar\/c014bb8932a8609c14cf90b1aebdc83197cddda4aa4e3e599f1e0016a63d942e?s=96&d=mm&r=g","caption":"JBla\u017eek"},"logo":{"@id":"https:\/\/secure.gravatar.com\/avatar\/c014bb8932a8609c14cf90b1aebdc83197cddda4aa4e3e599f1e0016a63d942e?s=96&d=mm&r=g"},"sameAs":["http:\/\/foto.jablkon.cz"],"url":"https:\/\/jablkon.eu\/jbl\/author\/admin\/"}]}},"views":1761,"_links":{"self":[{"href":"https:\/\/jablkon.eu\/jbl\/wp-json\/wp\/v2\/posts\/5092","targetHints":{"allow":["GET"]}}],"collection":[{"href":"https:\/\/jablkon.eu\/jbl\/wp-json\/wp\/v2\/posts"}],"about":[{"href":"https:\/\/jablkon.eu\/jbl\/wp-json\/wp\/v2\/types\/post"}],"author":[{"embeddable":true,"href":"https:\/\/jablkon.eu\/jbl\/wp-json\/wp\/v2\/users\/1"}],"replies":[{"embeddable":true,"href":"https:\/\/jablkon.eu\/jbl\/wp-json\/wp\/v2\/comments?post=5092"}],"version-history":[{"count":0,"href":"https:\/\/jablkon.eu\/jbl\/wp-json\/wp\/v2\/posts\/5092\/revisions"}],"wp:attachment":[{"href":"https:\/\/jablkon.eu\/jbl\/wp-json\/wp\/v2\/media?parent=5092"}],"wp:term":[{"taxonomy":"category","embeddable":true,"href":"https:\/\/jablkon.eu\/jbl\/wp-json\/wp\/v2\/categories?post=5092"},{"taxonomy":"post_tag","embeddable":true,"href":"https:\/\/jablkon.eu\/jbl\/wp-json\/wp\/v2\/tags?post=5092"}],"curies":[{"name":"wp","href":"https:\/\/api.w.org\/{rel}","templated":true}]}}