{"id":5230,"date":"2012-09-28T21:50:50","date_gmt":"2012-09-28T19:50:50","guid":{"rendered":"http:\/\/jablkon.eu\/jbl\/?p=5230"},"modified":"2012-10-03T18:26:46","modified_gmt":"2012-10-03T16:26:46","slug":"dk-posviceni-2012","status":"publish","type":"post","link":"https:\/\/jablkon.eu\/jbl\/fotosluzby\/reportaze\/dk-posviceni-2012\/","title":{"rendered":"Svatov\u00e1clavsk\u00e9 posv\u00edcen\u00ed ve Dvo\u0159e Kr\u00e1lov\u00e9 nad Labem 28.09.2012"},"content":{"rendered":"<p style=\"text-align: justify;\">28. z\u00e1\u0159\u00ed 2012 se ve Dvo\u0159e Kr\u00e1lov\u00e9 nad Labem konalo Svatov\u00e1clavsk\u00e9 posv\u00edcen\u00ed. P\u0159ev\u00e1\u017en\u00e1 \u010d\u00e1st programu byla soust\u0159ed\u011bna na n\u00e1m\u011bst\u00ed. Byli jsme se pod\u00edvat na \u010d\u00e1sti vystoupen\u00ed kolem poledne a na ve\u010dern\u00ed koncert Anny K.<\/p>\n<p style=\"text-align: justify;\">Na n\u00e1m\u011bst\u00ed byla postavena \u0159ada st\u00e1nk\u016f a n\u011bjak\u00e9 atrakce pro d\u011bti <em>(koloto\u010d\u00e1\u0159i ale byli p\u0159ed gymn\u00e1ziem)<\/em>. V n\u011bkter\u00fdch st\u00e1nc\u00edch se prod\u00e1valo r\u016fzn\u00e9 pou\u0165ov\u00e9 zbo\u017e\u00ed, v jin\u00fdch se prezentovaly n\u011bkter\u00e9 organizace jako nap\u0159\u00edklad Mate\u0159sk\u00e9 centrum \u017dirafa, D\u016fm d\u011bt\u00ed a ml\u00e1de\u017ee Jedni\u010dka <em>(dv\u011b pan\u00ed zdarma pomalovaly mnoho d\u011bt\u00ed)<\/em>, p\u0159edlena z Domu Pod Jasanem, zahr\u00e1dk\u00e1\u0159i, chovatel\u00e9, st\u0159edn\u00ed \u0159emesln\u00e1 \u0161kola Jarom\u011b\u0159 a dal\u0161\u00ed. Mn\u011b osobn\u011b se ale nejv\u00edce l\u00edbila pr\u00e1ce sle\u010dny Zdeny \u0160trohalmov\u00e9 ze \u017delezn\u00e9ho Brodu, kter\u00e1 vyr\u00e1b\u011bla r\u016fzn\u00e1 sklen\u011bn\u00e1 zv\u00ed\u0159\u00e1tka na p\u0159\u00e1n\u00ed d\u011bt\u00ed i dosp\u011bl\u00fdch <em>(dv\u011b zv\u00ed\u0159\u00e1tka se k n\u00e1m tak\u00e9 nast\u011bhovala &#8211; lemur a p\u00e1v)<\/em>.<\/p>\n<p style=\"text-align: justify;\">Samoz\u0159ejm\u011b nechyb\u011bly ani st\u00e1nky s ob\u010derstven\u00edm. Mohu potvrdit, \u017ee grilovan\u00e1 vep\u0159ov\u00e1 k\u00fdta byla dobr\u00e1.<\/p>\n<p style=\"text-align: justify;\">P\u0159ekvapila m\u011b docela mal\u00e1 \u00fa\u010dast na programech, na kter\u00e9 jsem se byl pod\u00edvat. N\u00e1m\u011bst\u00ed se zaplnilo a\u017e na ve\u010dern\u00ed koncert Anny K.<\/p>\n<p><embed height=\"900\" width=\"95%\" type=\"application\/x-shockwave-flash\" bgcolor=\"#000000\" flashvars=\"xmlDataPath=http:\/\/www.jablkon.eu\/foto\/cz\/2012\/0928_DK_slavnosti\/foto.xml\" src=\"http:\/\/www.jablkon.eu\/_js\/viewer.swf\" allownetworking=\"internal\" allowscriptaccess=\"never\" enablejavascript=\"false\"><\/embed><\/p>\n<p><embed height=\"900\" width=\"95%\" type=\"application\/x-shockwave-flash\" bgcolor=\"#000000\" flashvars=\"xmlDataPath=http:\/\/www.jablkon.eu\/foto\/cz\/2012\/0928_DK_AnnaK\/foto.xml\" src=\"http:\/\/www.jablkon.eu\/_js\/viewer.swf\" allownetworking=\"internal\" allowscriptaccess=\"never\" enablejavascript=\"false\"><\/embed><\/p>\n<p>[scrollGallery id=94]<\/p>\n<p>Program slavnost\u00ed s vyzna\u010den\u00edm \u010d\u00e1st\u00ed, kter\u00e9 jsou na fotografi\u00edch:<br \/>\n<del>10:00\u00a0ma\u017eoretky\u00a0&#8211; soubor ZU\u0160<\/del><br \/>\n<del>10:15\u00a0Z\u00e1boj\u00a0&#8211; sm\u00ed\u0161en\u00fd p\u011bveck\u00fd sbor<\/del><br \/>\n10:30\u00a0zah\u00e1jen\u00ed starostkou m\u011bsta<br \/>\n10:35\u00a0Angeles Dance Groupe\u00a0 &#8211; Kovbojsk\u00e1<br \/>\n10:45\u00a0Carpe Diem\u00a0 &#8211; p\u011bveck\u00fd sbor ZU\u0160<br \/>\n11:15\u00a0Attitude\u00a0 &#8211; tane\u010dn\u00ed skupina<br \/>\n11:30\u00a0Wostruha<br \/>\n13:20\u00a0Attitude\u00a0&#8211; tane\u010dn\u00ed skupina<br \/>\n13:30\u00a0Vosa jede \u2013 z\u00e1bavn\u00fd po\u0159ad pro d\u011bti<br \/>\n<del>15:00\u00a0Undergaters \u2013 kr\u00e1lov\u00e9dvorsk\u00e1 rockov\u00e1 kapela<\/del><br \/>\n<del>16:05 Angeles Dance Groupe \u2013 tanec na ty\u010di<\/del><br \/>\n<del>16:30\u00a0Docuku\u00a0&#8211; folklorbeat z Vala\u0161ska<\/del><br \/>\n<del>18:30\u00a0November 2and\u00a0&#8211; rockov\u00e1 kapela<\/del><br \/>\n20:00\u00a0ANNA K<br \/>\n<del>21:45 Dum Doobie Doobie Band \u2013 skupina vok\u00e1ln\u00edho harmonick\u00e9ho bigb\u00edtu<\/del><\/p>\n<h3>Souvisej\u00edc\u00ed obr\u00e1zky:<\/h3>","protected":false},"excerpt":{"rendered":"<p>28. z\u00e1\u0159\u00ed 2012 se ve Dvo\u0159e Kr\u00e1lov\u00e9 nad Labem konalo Svatov\u00e1clavsk\u00e9 posv\u00edcen\u00ed. P\u0159ev\u00e1\u017en\u00e1 \u010d\u00e1st programu byla soust\u0159ed\u011bna na n\u00e1m\u011bst\u00ed. Byli jsme se pod\u00edvat na \u010d\u00e1sti vystoupen\u00ed kolem poledne a na ve\u010dern\u00ed koncert Anny K. Na n\u00e1m\u011bst\u00ed byla postavena \u0159ada st\u00e1nk\u016f &hellip; <a href=\"https:\/\/jablkon.eu\/jbl\/fotosluzby\/reportaze\/dk-posviceni-2012\/\">Cel\u00fd p\u0159\u00edsp\u011bvek <span class=\"meta-nav\">&rarr;<\/span><\/a><\/p>\n","protected":false},"author":1,"featured_media":0,"comment_status":"closed","ping_status":"open","sticky":false,"template":"","format":"standard","meta":{"ngg_post_thumbnail":0,"footnotes":""},"categories":[15,12],"tags":[47],"class_list":["post-5230","post","type-post","status-publish","format-standard","hentry","category-ceskarepublika","category-reportaze","tag-kultura"],"yoast_head":"<!-- This site is optimized with the Yoast SEO plugin v27.5 - https:\/\/yoast.com\/product\/yoast-seo-wordpress\/ -->\n<title>Svatov\u00e1clavsk\u00e9 posv\u00edcen\u00ed ve Dvo\u0159e Kr\u00e1lov\u00e9 nad Labem 28.09.2012 - Jaroslav Bla\u017eek - fotograf<\/title>\n<meta name=\"description\" content=\"Jaroslav Bla\u017eek - fotograf\" \/>\n<meta name=\"robots\" content=\"index, follow, max-snippet:-1, max-image-preview:large, max-video-preview:-1\" \/>\n<link rel=\"canonical\" href=\"https:\/\/jablkon.eu\/jbl\/fotosluzby\/reportaze\/dk-posviceni-2012\/\" \/>\n<meta property=\"og:locale\" content=\"cs_CZ\" \/>\n<meta property=\"og:type\" content=\"article\" \/>\n<meta property=\"og:title\" content=\"Svatov\u00e1clavsk\u00e9 posv\u00edcen\u00ed ve Dvo\u0159e Kr\u00e1lov\u00e9 nad Labem 28.09.2012 - Jaroslav Bla\u017eek - fotograf\" \/>\n<meta property=\"og:description\" content=\"Jaroslav Bla\u017eek - fotograf\" \/>\n<meta property=\"og:url\" content=\"https:\/\/jablkon.eu\/jbl\/fotosluzby\/reportaze\/dk-posviceni-2012\/\" \/>\n<meta property=\"og:site_name\" content=\"Jaroslav Bla\u017eek - fotograf\" \/>\n<meta property=\"article:published_time\" content=\"2012-09-28T19:50:50+00:00\" \/>\n<meta property=\"article:modified_time\" content=\"2012-10-03T16:26:46+00:00\" \/>\n<meta name=\"author\" content=\"JBla\u017eek\" \/>\n<meta name=\"twitter:label1\" content=\"Napsal(a)\" \/>\n\t<meta name=\"twitter:data1\" content=\"JBla\u017eek\" \/>\n\t<meta name=\"twitter:label2\" content=\"Odhadovan\u00e1 doba \u010dten\u00ed\" \/>\n\t<meta name=\"twitter:data2\" content=\"2 minuty\" \/>\n<script type=\"application\/ld+json\" class=\"yoast-schema-graph\">{\"@context\":\"https:\\\/\\\/schema.org\",\"@graph\":[{\"@type\":\"Article\",\"@id\":\"https:\\\/\\\/jablkon.eu\\\/jbl\\\/fotosluzby\\\/reportaze\\\/dk-posviceni-2012\\\/#article\",\"isPartOf\":{\"@id\":\"https:\\\/\\\/jablkon.eu\\\/jbl\\\/fotosluzby\\\/reportaze\\\/dk-posviceni-2012\\\/\"},\"author\":{\"name\":\"JBla\u017eek\",\"@id\":\"https:\\\/\\\/jablkon.eu\\\/jbl\\\/#\\\/schema\\\/person\\\/4984d4e992f073207f693460109eac25\"},\"headline\":\"Svatov\u00e1clavsk\u00e9 posv\u00edcen\u00ed ve Dvo\u0159e Kr\u00e1lov\u00e9 nad Labem 28.09.2012\",\"datePublished\":\"2012-09-28T19:50:50+00:00\",\"dateModified\":\"2012-10-03T16:26:46+00:00\",\"mainEntityOfPage\":{\"@id\":\"https:\\\/\\\/jablkon.eu\\\/jbl\\\/fotosluzby\\\/reportaze\\\/dk-posviceni-2012\\\/\"},\"wordCount\":345,\"publisher\":{\"@id\":\"https:\\\/\\\/jablkon.eu\\\/jbl\\\/#\\\/schema\\\/person\\\/4984d4e992f073207f693460109eac25\"},\"keywords\":[\"kultura\"],\"articleSection\":[\"\u010cesk\u00e1 republika\",\"report\u00e1\u017en\u00ed fotografie\"],\"inLanguage\":\"cs\"},{\"@type\":\"WebPage\",\"@id\":\"https:\\\/\\\/jablkon.eu\\\/jbl\\\/fotosluzby\\\/reportaze\\\/dk-posviceni-2012\\\/\",\"url\":\"https:\\\/\\\/jablkon.eu\\\/jbl\\\/fotosluzby\\\/reportaze\\\/dk-posviceni-2012\\\/\",\"name\":\"Svatov\u00e1clavsk\u00e9 posv\u00edcen\u00ed ve Dvo\u0159e Kr\u00e1lov\u00e9 nad Labem 28.09.2012 - Jaroslav Bla\u017eek - fotograf\",\"isPartOf\":{\"@id\":\"https:\\\/\\\/jablkon.eu\\\/jbl\\\/#website\"},\"datePublished\":\"2012-09-28T19:50:50+00:00\",\"dateModified\":\"2012-10-03T16:26:46+00:00\",\"description\":\"Jaroslav Bla\u017eek - fotograf\",\"breadcrumb\":{\"@id\":\"https:\\\/\\\/jablkon.eu\\\/jbl\\\/fotosluzby\\\/reportaze\\\/dk-posviceni-2012\\\/#breadcrumb\"},\"inLanguage\":\"cs\",\"potentialAction\":[{\"@type\":\"ReadAction\",\"target\":[\"https:\\\/\\\/jablkon.eu\\\/jbl\\\/fotosluzby\\\/reportaze\\\/dk-posviceni-2012\\\/\"]}]},{\"@type\":\"BreadcrumbList\",\"@id\":\"https:\\\/\\\/jablkon.eu\\\/jbl\\\/fotosluzby\\\/reportaze\\\/dk-posviceni-2012\\\/#breadcrumb\",\"itemListElement\":[{\"@type\":\"ListItem\",\"position\":1,\"name\":\"Dom\u016f\",\"item\":\"https:\\\/\\\/jablkon.eu\\\/jbl\\\/\"},{\"@type\":\"ListItem\",\"position\":2,\"name\":\"Svatov\u00e1clavsk\u00e9 posv\u00edcen\u00ed ve Dvo\u0159e Kr\u00e1lov\u00e9 nad Labem 28.09.2012\"}]},{\"@type\":\"WebSite\",\"@id\":\"https:\\\/\\\/jablkon.eu\\\/jbl\\\/#website\",\"url\":\"https:\\\/\\\/jablkon.eu\\\/jbl\\\/\",\"name\":\"Jaroslav Bla\u017eek - fotograf\",\"description\":\"Fotografick\u00e9 pr\u00e1ce - svatebn\u00ed, rodinn\u00e1 a portr\u00e9tn\u00ed fotografie, report\u00e1\u017ee\",\"publisher\":{\"@id\":\"https:\\\/\\\/jablkon.eu\\\/jbl\\\/#\\\/schema\\\/person\\\/4984d4e992f073207f693460109eac25\"},\"potentialAction\":[{\"@type\":\"SearchAction\",\"target\":{\"@type\":\"EntryPoint\",\"urlTemplate\":\"https:\\\/\\\/jablkon.eu\\\/jbl\\\/?s={search_term_string}\"},\"query-input\":{\"@type\":\"PropertyValueSpecification\",\"valueRequired\":true,\"valueName\":\"search_term_string\"}}],\"inLanguage\":\"cs\"},{\"@type\":[\"Person\",\"Organization\"],\"@id\":\"https:\\\/\\\/jablkon.eu\\\/jbl\\\/#\\\/schema\\\/person\\\/4984d4e992f073207f693460109eac25\",\"name\":\"JBla\u017eek\",\"image\":{\"@type\":\"ImageObject\",\"inLanguage\":\"cs\",\"@id\":\"https:\\\/\\\/secure.gravatar.com\\\/avatar\\\/c014bb8932a8609c14cf90b1aebdc83197cddda4aa4e3e599f1e0016a63d942e?s=96&d=mm&r=g\",\"url\":\"https:\\\/\\\/secure.gravatar.com\\\/avatar\\\/c014bb8932a8609c14cf90b1aebdc83197cddda4aa4e3e599f1e0016a63d942e?s=96&d=mm&r=g\",\"contentUrl\":\"https:\\\/\\\/secure.gravatar.com\\\/avatar\\\/c014bb8932a8609c14cf90b1aebdc83197cddda4aa4e3e599f1e0016a63d942e?s=96&d=mm&r=g\",\"caption\":\"JBla\u017eek\"},\"logo\":{\"@id\":\"https:\\\/\\\/secure.gravatar.com\\\/avatar\\\/c014bb8932a8609c14cf90b1aebdc83197cddda4aa4e3e599f1e0016a63d942e?s=96&d=mm&r=g\"},\"sameAs\":[\"http:\\\/\\\/foto.jablkon.cz\"],\"url\":\"https:\\\/\\\/jablkon.eu\\\/jbl\\\/author\\\/admin\\\/\"}]}<\/script>\n<!-- \/ Yoast SEO plugin. -->","yoast_head_json":{"title":"Svatov\u00e1clavsk\u00e9 posv\u00edcen\u00ed ve Dvo\u0159e Kr\u00e1lov\u00e9 nad Labem 28.09.2012 - Jaroslav Bla\u017eek - fotograf","description":"Jaroslav Bla\u017eek - fotograf","robots":{"index":"index","follow":"follow","max-snippet":"max-snippet:-1","max-image-preview":"max-image-preview:large","max-video-preview":"max-video-preview:-1"},"canonical":"https:\/\/jablkon.eu\/jbl\/fotosluzby\/reportaze\/dk-posviceni-2012\/","og_locale":"cs_CZ","og_type":"article","og_title":"Svatov\u00e1clavsk\u00e9 posv\u00edcen\u00ed ve Dvo\u0159e Kr\u00e1lov\u00e9 nad Labem 28.09.2012 - Jaroslav Bla\u017eek - fotograf","og_description":"Jaroslav Bla\u017eek - fotograf","og_url":"https:\/\/jablkon.eu\/jbl\/fotosluzby\/reportaze\/dk-posviceni-2012\/","og_site_name":"Jaroslav Bla\u017eek - fotograf","article_published_time":"2012-09-28T19:50:50+00:00","article_modified_time":"2012-10-03T16:26:46+00:00","author":"JBla\u017eek","twitter_misc":{"Napsal(a)":"JBla\u017eek","Odhadovan\u00e1 doba \u010dten\u00ed":"2 minuty"},"schema":{"@context":"https:\/\/schema.org","@graph":[{"@type":"Article","@id":"https:\/\/jablkon.eu\/jbl\/fotosluzby\/reportaze\/dk-posviceni-2012\/#article","isPartOf":{"@id":"https:\/\/jablkon.eu\/jbl\/fotosluzby\/reportaze\/dk-posviceni-2012\/"},"author":{"name":"JBla\u017eek","@id":"https:\/\/jablkon.eu\/jbl\/#\/schema\/person\/4984d4e992f073207f693460109eac25"},"headline":"Svatov\u00e1clavsk\u00e9 posv\u00edcen\u00ed ve Dvo\u0159e Kr\u00e1lov\u00e9 nad Labem 28.09.2012","datePublished":"2012-09-28T19:50:50+00:00","dateModified":"2012-10-03T16:26:46+00:00","mainEntityOfPage":{"@id":"https:\/\/jablkon.eu\/jbl\/fotosluzby\/reportaze\/dk-posviceni-2012\/"},"wordCount":345,"publisher":{"@id":"https:\/\/jablkon.eu\/jbl\/#\/schema\/person\/4984d4e992f073207f693460109eac25"},"keywords":["kultura"],"articleSection":["\u010cesk\u00e1 republika","report\u00e1\u017en\u00ed fotografie"],"inLanguage":"cs"},{"@type":"WebPage","@id":"https:\/\/jablkon.eu\/jbl\/fotosluzby\/reportaze\/dk-posviceni-2012\/","url":"https:\/\/jablkon.eu\/jbl\/fotosluzby\/reportaze\/dk-posviceni-2012\/","name":"Svatov\u00e1clavsk\u00e9 posv\u00edcen\u00ed ve Dvo\u0159e Kr\u00e1lov\u00e9 nad Labem 28.09.2012 - Jaroslav Bla\u017eek - fotograf","isPartOf":{"@id":"https:\/\/jablkon.eu\/jbl\/#website"},"datePublished":"2012-09-28T19:50:50+00:00","dateModified":"2012-10-03T16:26:46+00:00","description":"Jaroslav Bla\u017eek - fotograf","breadcrumb":{"@id":"https:\/\/jablkon.eu\/jbl\/fotosluzby\/reportaze\/dk-posviceni-2012\/#breadcrumb"},"inLanguage":"cs","potentialAction":[{"@type":"ReadAction","target":["https:\/\/jablkon.eu\/jbl\/fotosluzby\/reportaze\/dk-posviceni-2012\/"]}]},{"@type":"BreadcrumbList","@id":"https:\/\/jablkon.eu\/jbl\/fotosluzby\/reportaze\/dk-posviceni-2012\/#breadcrumb","itemListElement":[{"@type":"ListItem","position":1,"name":"Dom\u016f","item":"https:\/\/jablkon.eu\/jbl\/"},{"@type":"ListItem","position":2,"name":"Svatov\u00e1clavsk\u00e9 posv\u00edcen\u00ed ve Dvo\u0159e Kr\u00e1lov\u00e9 nad Labem 28.09.2012"}]},{"@type":"WebSite","@id":"https:\/\/jablkon.eu\/jbl\/#website","url":"https:\/\/jablkon.eu\/jbl\/","name":"Jaroslav Bla\u017eek - fotograf","description":"Fotografick\u00e9 pr\u00e1ce - svatebn\u00ed, rodinn\u00e1 a portr\u00e9tn\u00ed fotografie, report\u00e1\u017ee","publisher":{"@id":"https:\/\/jablkon.eu\/jbl\/#\/schema\/person\/4984d4e992f073207f693460109eac25"},"potentialAction":[{"@type":"SearchAction","target":{"@type":"EntryPoint","urlTemplate":"https:\/\/jablkon.eu\/jbl\/?s={search_term_string}"},"query-input":{"@type":"PropertyValueSpecification","valueRequired":true,"valueName":"search_term_string"}}],"inLanguage":"cs"},{"@type":["Person","Organization"],"@id":"https:\/\/jablkon.eu\/jbl\/#\/schema\/person\/4984d4e992f073207f693460109eac25","name":"JBla\u017eek","image":{"@type":"ImageObject","inLanguage":"cs","@id":"https:\/\/secure.gravatar.com\/avatar\/c014bb8932a8609c14cf90b1aebdc83197cddda4aa4e3e599f1e0016a63d942e?s=96&d=mm&r=g","url":"https:\/\/secure.gravatar.com\/avatar\/c014bb8932a8609c14cf90b1aebdc83197cddda4aa4e3e599f1e0016a63d942e?s=96&d=mm&r=g","contentUrl":"https:\/\/secure.gravatar.com\/avatar\/c014bb8932a8609c14cf90b1aebdc83197cddda4aa4e3e599f1e0016a63d942e?s=96&d=mm&r=g","caption":"JBla\u017eek"},"logo":{"@id":"https:\/\/secure.gravatar.com\/avatar\/c014bb8932a8609c14cf90b1aebdc83197cddda4aa4e3e599f1e0016a63d942e?s=96&d=mm&r=g"},"sameAs":["http:\/\/foto.jablkon.cz"],"url":"https:\/\/jablkon.eu\/jbl\/author\/admin\/"}]}},"views":1635,"_links":{"self":[{"href":"https:\/\/jablkon.eu\/jbl\/wp-json\/wp\/v2\/posts\/5230","targetHints":{"allow":["GET"]}}],"collection":[{"href":"https:\/\/jablkon.eu\/jbl\/wp-json\/wp\/v2\/posts"}],"about":[{"href":"https:\/\/jablkon.eu\/jbl\/wp-json\/wp\/v2\/types\/post"}],"author":[{"embeddable":true,"href":"https:\/\/jablkon.eu\/jbl\/wp-json\/wp\/v2\/users\/1"}],"replies":[{"embeddable":true,"href":"https:\/\/jablkon.eu\/jbl\/wp-json\/wp\/v2\/comments?post=5230"}],"version-history":[{"count":0,"href":"https:\/\/jablkon.eu\/jbl\/wp-json\/wp\/v2\/posts\/5230\/revisions"}],"wp:attachment":[{"href":"https:\/\/jablkon.eu\/jbl\/wp-json\/wp\/v2\/media?parent=5230"}],"wp:term":[{"taxonomy":"category","embeddable":true,"href":"https:\/\/jablkon.eu\/jbl\/wp-json\/wp\/v2\/categories?post=5230"},{"taxonomy":"post_tag","embeddable":true,"href":"https:\/\/jablkon.eu\/jbl\/wp-json\/wp\/v2\/tags?post=5230"}],"curies":[{"name":"wp","href":"https:\/\/api.w.org\/{rel}","templated":true}]}}