{"id":7216,"date":"2013-06-23T12:55:30","date_gmt":"2013-06-23T10:55:30","guid":{"rendered":"http:\/\/jablkon.eu\/jbl\/?p=7216"},"modified":"2013-07-12T22:11:58","modified_gmt":"2013-07-12T20:11:58","slug":"kolin-plaketova-jizda-2013","status":"publish","type":"post","link":"https:\/\/jablkon.eu\/jbl\/fotosluzby\/reportaze\/kolin-plaketova-jizda-2013\/","title":{"rendered":"29. kol\u00ednsk\u00e1 plaketov\u00e1 j\u00edzda a v\u00fdstava veter\u00e1n\u016f"},"content":{"rendered":"<p style=\"text-align: justify;\">V sobotu 22. \u010dervna 2013 se v Kol\u00edn\u011b a okol\u00ed konal ji\u017e 29. ro\u010dn\u00edk tradi\u010dn\u00ed plaketov\u00e9 j\u00edzdy veter\u00e1n\u016f spojen\u00fd s v\u00fdstavou z\u00fa\u010dastn\u011bn\u00fdch vozidel. J\u00edzda za\u010d\u00ednala v dopoledn\u00edch hodin\u00e1ch na kol\u00ednsk\u00e9m Karlov\u011b n\u00e1m\u011bst\u00ed.<\/p>\n<p style=\"text-align: justify;\">Leto\u0161n\u00ed tra\u0165 plaketov\u00e9 j\u00edzdy byla dvouetapov\u00e1. Ka\u017ed\u00e1 z etap byla dlouh\u00e1 p\u0159ibli\u017en\u011b 40 km a pro ka\u017edou etapu byl stanoven \u010dasov\u00fd limit. Prvn\u00ed etapa byla odstartov\u00e1na v Kol\u00edn\u011b na Karlov\u011b n\u00e1m\u011bst\u00ed a vedla do m\u011bste\u010dka K\u00e1cov. Na z\u00e1meck\u00e9m n\u00e1dvo\u0159\u00ed pak n\u00e1sledovala v\u00fdstava veter\u00e1n\u016f a pro \u00fa\u010dastn\u00edky j\u00edzdy i prohl\u00eddka m\u011bste\u010dka spojen\u00e1 s exkurz\u00ed do z\u00e1meck\u00e9ho pivovaru, kde se dnes op\u011bt va\u0159\u00ed pivo. Druh\u00e1 etapa vedla z K\u00e1cova a kon\u010dila op\u011bt na kol\u00ednsk\u00e9m n\u00e1m\u011bst\u00ed. P\u0159ed startem druh\u00e9 etapy ale je\u0161t\u011b v K\u00e1cov\u011b ka\u017ed\u00fd z \u00fa\u010dastn\u00edk\u016f absolvoval n\u011bkolik \u00fakol\u016f, v\u010detn\u011b j\u00edzdy zru\u010dnosti.<\/p>\n<p style=\"text-align: justify;\">Hezk\u00fd den byl nakonec zakon\u010den slavnostn\u00edm spole\u010densk\u00fdm ve\u010derem s hudbou, na kter\u00e9m byla cel\u00e1 plaketov\u00e1 j\u00edzda zhodnocena a v\u00edt\u011bz\u016fm p\u0159ed\u00e1ny ceny.<\/p>\n<p style=\"text-align: justify;\">Na z\u00e1v\u011br bych je\u0161t\u011b uvedl motto <a title=\"Veteran Car Club Kol\u00edn\" href=\"http:\/\/www.vcckolin.cz\" target=\"_blank\">kol\u00ednsk\u00e9ho veteran car clubu<\/a>:<\/p>\n<blockquote>\n<p style=\"text-align: justify;\">To, co na\u0161i p\u0159edkov\u00e9 v minulosti se smyslem pro kr\u00e1su a technick\u00fd um jim vlastn\u00ed vytvo\u0159ili, je pot\u0159eba obnovovat v poko\u0159e a nad\u011bji, \u017ee tak poslou\u017e\u00edme generac\u00edm p\u0159\u00ed\u0161t\u00edm.<\/p>\n<\/blockquote>\n<p style=\"text-align: justify;\"><em>Publikov\u00e1no tak\u00e9 na <a title=\"29. kol\u00ednsk\u00e1 plaketov\u00e1 j\u00edzda a v\u00fdstava veter\u00e1n\u016f\" href=\"http:\/\/www.novinky.cz\/vase-zpravy\/uzivatel=3622\" target=\"_blank\">novinky.cz<\/a>.<\/em><\/p>\n<p><embed height=\"900\" width=\"100%\" type=\"application\/x-shockwave-flash\" bgcolor=\"#000000\" flashvars=\"xmlDataPath=http:\/\/www.jablkon.eu\/foto\/cz\/2013\/0622_veterani\/foto.xml\" src=\"http:\/\/www.jablkon.eu\/_js\/viewer.swf\" allownetworking=\"internal\" allowscriptaccess=\"never\" enablejavascript=\"false\"><\/embed><\/p>\n<h3>Souvisej\u00edc\u00ed obr\u00e1zky:<\/h3>","protected":false},"excerpt":{"rendered":"<p>V sobotu 22. \u010dervna 2013 se v Kol\u00edn\u011b a okol\u00ed konal ji\u017e 29. ro\u010dn\u00edk tradi\u010dn\u00ed plaketov\u00e9 j\u00edzdy veter\u00e1n\u016f spojen\u00fd s v\u00fdstavou z\u00fa\u010dastn\u011bn\u00fdch vozidel. J\u00edzda za\u010d\u00ednala v dopoledn\u00edch hodin\u00e1ch na kol\u00ednsk\u00e9m Karlov\u011b n\u00e1m\u011bst\u00ed. Leto\u0161n\u00ed tra\u0165 plaketov\u00e9 j\u00edzdy byla dvouetapov\u00e1. Ka\u017ed\u00e1 z &hellip; <a href=\"https:\/\/jablkon.eu\/jbl\/fotosluzby\/reportaze\/kolin-plaketova-jizda-2013\/\">Cel\u00fd p\u0159\u00edsp\u011bvek <span class=\"meta-nav\">&rarr;<\/span><\/a><\/p>\n","protected":false},"author":1,"featured_media":0,"comment_status":"closed","ping_status":"open","sticky":false,"template":"","format":"standard","meta":{"ngg_post_thumbnail":0,"footnotes":""},"categories":[15,12],"tags":[36,87],"class_list":["post-7216","post","type-post","status-publish","format-standard","hentry","category-ceskarepublika","category-reportaze","tag-kolin","tag-publikovano"],"yoast_head":"<!-- This site is optimized with the Yoast SEO plugin v27.5 - https:\/\/yoast.com\/product\/yoast-seo-wordpress\/ -->\n<title>29. kol\u00ednsk\u00e1 plaketov\u00e1 j\u00edzda a v\u00fdstava veter\u00e1n\u016f - Jaroslav Bla\u017eek - fotograf<\/title>\n<meta name=\"description\" content=\"V sobotu 22. \u010dervna 2013 se v Kol\u00edn\u011b a okol\u00ed konal ji\u017e 29. ro\u010dn\u00edk tradi\u010dn\u00ed plaketov\u00e9 j\u00edzdy veter\u00e1n\u016f spojen\u00fd s v\u00fdstavou z\u00fa\u010dastn\u011bn\u00fdch vozidel. J\u00edzda za\u010d\u00ednala v dopoledn\u00edch hodin\u00e1ch na kol\u00ednsk\u00e9m Karlov\u011b n\u00e1m\u011bst\u00ed.\" \/>\n<meta name=\"robots\" content=\"index, follow, max-snippet:-1, max-image-preview:large, max-video-preview:-1\" \/>\n<link rel=\"canonical\" href=\"https:\/\/jablkon.eu\/jbl\/fotosluzby\/reportaze\/kolin-plaketova-jizda-2013\/\" \/>\n<meta property=\"og:locale\" content=\"cs_CZ\" \/>\n<meta property=\"og:type\" content=\"article\" \/>\n<meta property=\"og:title\" content=\"29. kol\u00ednsk\u00e1 plaketov\u00e1 j\u00edzda a v\u00fdstava veter\u00e1n\u016f - Jaroslav Bla\u017eek - fotograf\" \/>\n<meta property=\"og:description\" content=\"V sobotu 22. \u010dervna 2013 se v Kol\u00edn\u011b a okol\u00ed konal ji\u017e 29. ro\u010dn\u00edk tradi\u010dn\u00ed plaketov\u00e9 j\u00edzdy veter\u00e1n\u016f spojen\u00fd s v\u00fdstavou z\u00fa\u010dastn\u011bn\u00fdch vozidel. J\u00edzda za\u010d\u00ednala v dopoledn\u00edch hodin\u00e1ch na kol\u00ednsk\u00e9m Karlov\u011b n\u00e1m\u011bst\u00ed.\" \/>\n<meta property=\"og:url\" content=\"https:\/\/jablkon.eu\/jbl\/fotosluzby\/reportaze\/kolin-plaketova-jizda-2013\/\" \/>\n<meta property=\"og:site_name\" content=\"Jaroslav Bla\u017eek - fotograf\" \/>\n<meta property=\"article:published_time\" content=\"2013-06-23T10:55:30+00:00\" \/>\n<meta property=\"article:modified_time\" content=\"2013-07-12T20:11:58+00:00\" \/>\n<meta name=\"author\" content=\"JBla\u017eek\" \/>\n<meta name=\"twitter:label1\" content=\"Napsal(a)\" \/>\n\t<meta name=\"twitter:data1\" content=\"JBla\u017eek\" \/>\n\t<meta name=\"twitter:label2\" content=\"Odhadovan\u00e1 doba \u010dten\u00ed\" \/>\n\t<meta name=\"twitter:data2\" content=\"1 minuta\" \/>\n<script type=\"application\/ld+json\" class=\"yoast-schema-graph\">{\"@context\":\"https:\\\/\\\/schema.org\",\"@graph\":[{\"@type\":\"Article\",\"@id\":\"https:\\\/\\\/jablkon.eu\\\/jbl\\\/fotosluzby\\\/reportaze\\\/kolin-plaketova-jizda-2013\\\/#article\",\"isPartOf\":{\"@id\":\"https:\\\/\\\/jablkon.eu\\\/jbl\\\/fotosluzby\\\/reportaze\\\/kolin-plaketova-jizda-2013\\\/\"},\"author\":{\"name\":\"JBla\u017eek\",\"@id\":\"https:\\\/\\\/jablkon.eu\\\/jbl\\\/#\\\/schema\\\/person\\\/4984d4e992f073207f693460109eac25\"},\"headline\":\"29. kol\u00ednsk\u00e1 plaketov\u00e1 j\u00edzda a v\u00fdstava veter\u00e1n\u016f\",\"datePublished\":\"2013-06-23T10:55:30+00:00\",\"dateModified\":\"2013-07-12T20:11:58+00:00\",\"mainEntityOfPage\":{\"@id\":\"https:\\\/\\\/jablkon.eu\\\/jbl\\\/fotosluzby\\\/reportaze\\\/kolin-plaketova-jizda-2013\\\/\"},\"wordCount\":282,\"publisher\":{\"@id\":\"https:\\\/\\\/jablkon.eu\\\/jbl\\\/#\\\/schema\\\/person\\\/4984d4e992f073207f693460109eac25\"},\"keywords\":[\"Kol\u00edn\",\"publikov\u00e1no\"],\"articleSection\":[\"\u010cesk\u00e1 republika\",\"report\u00e1\u017en\u00ed fotografie\"],\"inLanguage\":\"cs\"},{\"@type\":\"WebPage\",\"@id\":\"https:\\\/\\\/jablkon.eu\\\/jbl\\\/fotosluzby\\\/reportaze\\\/kolin-plaketova-jizda-2013\\\/\",\"url\":\"https:\\\/\\\/jablkon.eu\\\/jbl\\\/fotosluzby\\\/reportaze\\\/kolin-plaketova-jizda-2013\\\/\",\"name\":\"29. kol\u00ednsk\u00e1 plaketov\u00e1 j\u00edzda a v\u00fdstava veter\u00e1n\u016f - Jaroslav Bla\u017eek - fotograf\",\"isPartOf\":{\"@id\":\"https:\\\/\\\/jablkon.eu\\\/jbl\\\/#website\"},\"datePublished\":\"2013-06-23T10:55:30+00:00\",\"dateModified\":\"2013-07-12T20:11:58+00:00\",\"description\":\"V sobotu 22. \u010dervna 2013 se v Kol\u00edn\u011b a okol\u00ed konal ji\u017e 29. ro\u010dn\u00edk tradi\u010dn\u00ed plaketov\u00e9 j\u00edzdy veter\u00e1n\u016f spojen\u00fd s v\u00fdstavou z\u00fa\u010dastn\u011bn\u00fdch vozidel. J\u00edzda za\u010d\u00ednala v dopoledn\u00edch hodin\u00e1ch na kol\u00ednsk\u00e9m Karlov\u011b n\u00e1m\u011bst\u00ed.\",\"breadcrumb\":{\"@id\":\"https:\\\/\\\/jablkon.eu\\\/jbl\\\/fotosluzby\\\/reportaze\\\/kolin-plaketova-jizda-2013\\\/#breadcrumb\"},\"inLanguage\":\"cs\",\"potentialAction\":[{\"@type\":\"ReadAction\",\"target\":[\"https:\\\/\\\/jablkon.eu\\\/jbl\\\/fotosluzby\\\/reportaze\\\/kolin-plaketova-jizda-2013\\\/\"]}]},{\"@type\":\"BreadcrumbList\",\"@id\":\"https:\\\/\\\/jablkon.eu\\\/jbl\\\/fotosluzby\\\/reportaze\\\/kolin-plaketova-jizda-2013\\\/#breadcrumb\",\"itemListElement\":[{\"@type\":\"ListItem\",\"position\":1,\"name\":\"Dom\u016f\",\"item\":\"https:\\\/\\\/jablkon.eu\\\/jbl\\\/\"},{\"@type\":\"ListItem\",\"position\":2,\"name\":\"29. kol\u00ednsk\u00e1 plaketov\u00e1 j\u00edzda a v\u00fdstava veter\u00e1n\u016f\"}]},{\"@type\":\"WebSite\",\"@id\":\"https:\\\/\\\/jablkon.eu\\\/jbl\\\/#website\",\"url\":\"https:\\\/\\\/jablkon.eu\\\/jbl\\\/\",\"name\":\"Jaroslav Bla\u017eek - fotograf\",\"description\":\"Fotografick\u00e9 pr\u00e1ce - svatebn\u00ed, rodinn\u00e1 a portr\u00e9tn\u00ed fotografie, report\u00e1\u017ee\",\"publisher\":{\"@id\":\"https:\\\/\\\/jablkon.eu\\\/jbl\\\/#\\\/schema\\\/person\\\/4984d4e992f073207f693460109eac25\"},\"potentialAction\":[{\"@type\":\"SearchAction\",\"target\":{\"@type\":\"EntryPoint\",\"urlTemplate\":\"https:\\\/\\\/jablkon.eu\\\/jbl\\\/?s={search_term_string}\"},\"query-input\":{\"@type\":\"PropertyValueSpecification\",\"valueRequired\":true,\"valueName\":\"search_term_string\"}}],\"inLanguage\":\"cs\"},{\"@type\":[\"Person\",\"Organization\"],\"@id\":\"https:\\\/\\\/jablkon.eu\\\/jbl\\\/#\\\/schema\\\/person\\\/4984d4e992f073207f693460109eac25\",\"name\":\"JBla\u017eek\",\"image\":{\"@type\":\"ImageObject\",\"inLanguage\":\"cs\",\"@id\":\"https:\\\/\\\/secure.gravatar.com\\\/avatar\\\/c014bb8932a8609c14cf90b1aebdc83197cddda4aa4e3e599f1e0016a63d942e?s=96&d=mm&r=g\",\"url\":\"https:\\\/\\\/secure.gravatar.com\\\/avatar\\\/c014bb8932a8609c14cf90b1aebdc83197cddda4aa4e3e599f1e0016a63d942e?s=96&d=mm&r=g\",\"contentUrl\":\"https:\\\/\\\/secure.gravatar.com\\\/avatar\\\/c014bb8932a8609c14cf90b1aebdc83197cddda4aa4e3e599f1e0016a63d942e?s=96&d=mm&r=g\",\"caption\":\"JBla\u017eek\"},\"logo\":{\"@id\":\"https:\\\/\\\/secure.gravatar.com\\\/avatar\\\/c014bb8932a8609c14cf90b1aebdc83197cddda4aa4e3e599f1e0016a63d942e?s=96&d=mm&r=g\"},\"sameAs\":[\"http:\\\/\\\/foto.jablkon.cz\"],\"url\":\"https:\\\/\\\/jablkon.eu\\\/jbl\\\/author\\\/admin\\\/\"}]}<\/script>\n<!-- \/ Yoast SEO plugin. -->","yoast_head_json":{"title":"29. kol\u00ednsk\u00e1 plaketov\u00e1 j\u00edzda a v\u00fdstava veter\u00e1n\u016f - Jaroslav Bla\u017eek - fotograf","description":"V sobotu 22. \u010dervna 2013 se v Kol\u00edn\u011b a okol\u00ed konal ji\u017e 29. ro\u010dn\u00edk tradi\u010dn\u00ed plaketov\u00e9 j\u00edzdy veter\u00e1n\u016f spojen\u00fd s v\u00fdstavou z\u00fa\u010dastn\u011bn\u00fdch vozidel. J\u00edzda za\u010d\u00ednala v dopoledn\u00edch hodin\u00e1ch na kol\u00ednsk\u00e9m Karlov\u011b n\u00e1m\u011bst\u00ed.","robots":{"index":"index","follow":"follow","max-snippet":"max-snippet:-1","max-image-preview":"max-image-preview:large","max-video-preview":"max-video-preview:-1"},"canonical":"https:\/\/jablkon.eu\/jbl\/fotosluzby\/reportaze\/kolin-plaketova-jizda-2013\/","og_locale":"cs_CZ","og_type":"article","og_title":"29. kol\u00ednsk\u00e1 plaketov\u00e1 j\u00edzda a v\u00fdstava veter\u00e1n\u016f - Jaroslav Bla\u017eek - fotograf","og_description":"V sobotu 22. \u010dervna 2013 se v Kol\u00edn\u011b a okol\u00ed konal ji\u017e 29. ro\u010dn\u00edk tradi\u010dn\u00ed plaketov\u00e9 j\u00edzdy veter\u00e1n\u016f spojen\u00fd s v\u00fdstavou z\u00fa\u010dastn\u011bn\u00fdch vozidel. J\u00edzda za\u010d\u00ednala v dopoledn\u00edch hodin\u00e1ch na kol\u00ednsk\u00e9m Karlov\u011b n\u00e1m\u011bst\u00ed.","og_url":"https:\/\/jablkon.eu\/jbl\/fotosluzby\/reportaze\/kolin-plaketova-jizda-2013\/","og_site_name":"Jaroslav Bla\u017eek - fotograf","article_published_time":"2013-06-23T10:55:30+00:00","article_modified_time":"2013-07-12T20:11:58+00:00","author":"JBla\u017eek","twitter_misc":{"Napsal(a)":"JBla\u017eek","Odhadovan\u00e1 doba \u010dten\u00ed":"1 minuta"},"schema":{"@context":"https:\/\/schema.org","@graph":[{"@type":"Article","@id":"https:\/\/jablkon.eu\/jbl\/fotosluzby\/reportaze\/kolin-plaketova-jizda-2013\/#article","isPartOf":{"@id":"https:\/\/jablkon.eu\/jbl\/fotosluzby\/reportaze\/kolin-plaketova-jizda-2013\/"},"author":{"name":"JBla\u017eek","@id":"https:\/\/jablkon.eu\/jbl\/#\/schema\/person\/4984d4e992f073207f693460109eac25"},"headline":"29. kol\u00ednsk\u00e1 plaketov\u00e1 j\u00edzda a v\u00fdstava veter\u00e1n\u016f","datePublished":"2013-06-23T10:55:30+00:00","dateModified":"2013-07-12T20:11:58+00:00","mainEntityOfPage":{"@id":"https:\/\/jablkon.eu\/jbl\/fotosluzby\/reportaze\/kolin-plaketova-jizda-2013\/"},"wordCount":282,"publisher":{"@id":"https:\/\/jablkon.eu\/jbl\/#\/schema\/person\/4984d4e992f073207f693460109eac25"},"keywords":["Kol\u00edn","publikov\u00e1no"],"articleSection":["\u010cesk\u00e1 republika","report\u00e1\u017en\u00ed fotografie"],"inLanguage":"cs"},{"@type":"WebPage","@id":"https:\/\/jablkon.eu\/jbl\/fotosluzby\/reportaze\/kolin-plaketova-jizda-2013\/","url":"https:\/\/jablkon.eu\/jbl\/fotosluzby\/reportaze\/kolin-plaketova-jizda-2013\/","name":"29. kol\u00ednsk\u00e1 plaketov\u00e1 j\u00edzda a v\u00fdstava veter\u00e1n\u016f - Jaroslav Bla\u017eek - fotograf","isPartOf":{"@id":"https:\/\/jablkon.eu\/jbl\/#website"},"datePublished":"2013-06-23T10:55:30+00:00","dateModified":"2013-07-12T20:11:58+00:00","description":"V sobotu 22. \u010dervna 2013 se v Kol\u00edn\u011b a okol\u00ed konal ji\u017e 29. ro\u010dn\u00edk tradi\u010dn\u00ed plaketov\u00e9 j\u00edzdy veter\u00e1n\u016f spojen\u00fd s v\u00fdstavou z\u00fa\u010dastn\u011bn\u00fdch vozidel. J\u00edzda za\u010d\u00ednala v dopoledn\u00edch hodin\u00e1ch na kol\u00ednsk\u00e9m Karlov\u011b n\u00e1m\u011bst\u00ed.","breadcrumb":{"@id":"https:\/\/jablkon.eu\/jbl\/fotosluzby\/reportaze\/kolin-plaketova-jizda-2013\/#breadcrumb"},"inLanguage":"cs","potentialAction":[{"@type":"ReadAction","target":["https:\/\/jablkon.eu\/jbl\/fotosluzby\/reportaze\/kolin-plaketova-jizda-2013\/"]}]},{"@type":"BreadcrumbList","@id":"https:\/\/jablkon.eu\/jbl\/fotosluzby\/reportaze\/kolin-plaketova-jizda-2013\/#breadcrumb","itemListElement":[{"@type":"ListItem","position":1,"name":"Dom\u016f","item":"https:\/\/jablkon.eu\/jbl\/"},{"@type":"ListItem","position":2,"name":"29. kol\u00ednsk\u00e1 plaketov\u00e1 j\u00edzda a v\u00fdstava veter\u00e1n\u016f"}]},{"@type":"WebSite","@id":"https:\/\/jablkon.eu\/jbl\/#website","url":"https:\/\/jablkon.eu\/jbl\/","name":"Jaroslav Bla\u017eek - fotograf","description":"Fotografick\u00e9 pr\u00e1ce - svatebn\u00ed, rodinn\u00e1 a portr\u00e9tn\u00ed fotografie, report\u00e1\u017ee","publisher":{"@id":"https:\/\/jablkon.eu\/jbl\/#\/schema\/person\/4984d4e992f073207f693460109eac25"},"potentialAction":[{"@type":"SearchAction","target":{"@type":"EntryPoint","urlTemplate":"https:\/\/jablkon.eu\/jbl\/?s={search_term_string}"},"query-input":{"@type":"PropertyValueSpecification","valueRequired":true,"valueName":"search_term_string"}}],"inLanguage":"cs"},{"@type":["Person","Organization"],"@id":"https:\/\/jablkon.eu\/jbl\/#\/schema\/person\/4984d4e992f073207f693460109eac25","name":"JBla\u017eek","image":{"@type":"ImageObject","inLanguage":"cs","@id":"https:\/\/secure.gravatar.com\/avatar\/c014bb8932a8609c14cf90b1aebdc83197cddda4aa4e3e599f1e0016a63d942e?s=96&d=mm&r=g","url":"https:\/\/secure.gravatar.com\/avatar\/c014bb8932a8609c14cf90b1aebdc83197cddda4aa4e3e599f1e0016a63d942e?s=96&d=mm&r=g","contentUrl":"https:\/\/secure.gravatar.com\/avatar\/c014bb8932a8609c14cf90b1aebdc83197cddda4aa4e3e599f1e0016a63d942e?s=96&d=mm&r=g","caption":"JBla\u017eek"},"logo":{"@id":"https:\/\/secure.gravatar.com\/avatar\/c014bb8932a8609c14cf90b1aebdc83197cddda4aa4e3e599f1e0016a63d942e?s=96&d=mm&r=g"},"sameAs":["http:\/\/foto.jablkon.cz"],"url":"https:\/\/jablkon.eu\/jbl\/author\/admin\/"}]}},"views":891,"_links":{"self":[{"href":"https:\/\/jablkon.eu\/jbl\/wp-json\/wp\/v2\/posts\/7216","targetHints":{"allow":["GET"]}}],"collection":[{"href":"https:\/\/jablkon.eu\/jbl\/wp-json\/wp\/v2\/posts"}],"about":[{"href":"https:\/\/jablkon.eu\/jbl\/wp-json\/wp\/v2\/types\/post"}],"author":[{"embeddable":true,"href":"https:\/\/jablkon.eu\/jbl\/wp-json\/wp\/v2\/users\/1"}],"replies":[{"embeddable":true,"href":"https:\/\/jablkon.eu\/jbl\/wp-json\/wp\/v2\/comments?post=7216"}],"version-history":[{"count":0,"href":"https:\/\/jablkon.eu\/jbl\/wp-json\/wp\/v2\/posts\/7216\/revisions"}],"wp:attachment":[{"href":"https:\/\/jablkon.eu\/jbl\/wp-json\/wp\/v2\/media?parent=7216"}],"wp:term":[{"taxonomy":"category","embeddable":true,"href":"https:\/\/jablkon.eu\/jbl\/wp-json\/wp\/v2\/categories?post=7216"},{"taxonomy":"post_tag","embeddable":true,"href":"https:\/\/jablkon.eu\/jbl\/wp-json\/wp\/v2\/tags?post=7216"}],"curies":[{"name":"wp","href":"https:\/\/api.w.org\/{rel}","templated":true}]}}