{"id":7680,"date":"2013-10-20T19:35:46","date_gmt":"2013-10-20T17:35:46","guid":{"rendered":"http:\/\/jablkon.eu\/jbl\/?p=7680"},"modified":"2013-11-30T15:14:00","modified_gmt":"2013-11-30T14:14:00","slug":"cesko-saske-svycarsko-2013","status":"publish","type":"post","link":"https:\/\/jablkon.eu\/jbl\/cestopisy\/ceskarepublika\/cesko-saske-svycarsko-2013\/","title":{"rendered":"\u010cesko &#8211; Sask\u00e9 \u0160v\u00fdcarsko"},"content":{"rendered":"<p align=\"JUSTIFY\">N\u00e1rodn\u00ed park \u010cesko-Sask\u00e9 \u0160v\u00fdcarsko najdete v\u00a0m\u00edstech, kde se Labe m\u011bn\u00ed na Elbe, tedy kde \u0159eka opou\u0161t\u00ed \u00fazem\u00ed \u010cesk\u00e9 republiky a odt\u00e9k\u00e1 do N\u011bmecka. Je to velmi zaj\u00edmav\u00e1 krajina pln\u00e1 skal, les\u016f, potok\u016f a pot\u016f\u010dk\u016f, strm\u00fdch p\u00edskovcov\u00fdch v\u011b\u017e\u00ed i hlubok\u00fdch skaln\u00edch rozsedlin. Najdete zde m\u00edsta, o kter\u00fdch jste jen t\u011b\u017eko mohli nesly\u0161et. T\u0159eba Prav\u010dickou br\u00e1nu, poh\u00e1dkov\u00fd Dolsk\u00fd ml\u00fdn nebo turisty obl\u00edben\u00e9 sout\u011bsky \u0159\u00ed\u010dky Kamenice s\u00a0lodi\u010dkami.<\/p>\n<p align=\"JUSTIFY\">Tentokr\u00e1t jsem se vydal na n\u011bmeckou stranu \u010cesko \u2013 Sask\u00e9ho \u0160v\u00fdcarska, do oblasti masivu Schrammsteine, kde je spousta kr\u00e1sn\u00fdch v\u00fdhled\u016f. Obzvl\u00e1\u0161t\u011b po r\u00e1nu ne\u017e sem vylezou turist\u00e9, kter\u00fdch zde je i nyn\u00ed,\u00a0t\u00e9m\u011b\u0159 na konci \u0159\u00edjna, celkem dost. Cesty jsou zde v\u011bt\u0161inou dost strm\u00e9, pln\u00e9 schod\u016f, \u017eeb\u0159\u00edk\u016f, l\u00e1vek i vysut\u00fdch cest v\u00a0n\u011bkter\u00fdch m\u00edstech se sp\u00ed\u0161e podobaj\u00edc\u00edm ferrat\u00e1m. Ob\u010das kr\u00e1\u010d\u00edte po vrcholech s\u00a0kr\u00e1sn\u00fdmi v\u00fdhledy, ob\u010das se protla\u010dujete \u00fazk\u00fdmi pr\u016frvami. I p\u0159esto <i>(nebo snad pr\u00e1v\u011b proto?)<\/i> pat\u0159\u00ed tato oblast k\u00a0nejobl\u00edben\u011bj\u0161\u00edm turistick\u00fdm c\u00edl\u016fm.<\/p>\n<p align=\"JUSTIFY\">Tentokr\u00e1t jsme fotografovali v\u00fdchod Slunce ze zn\u00e1m\u00e9\u00a0vyhl\u00eddky Schrammsteinaussicht ve v\u00fd\u0161ce 417 m n. m. a jej\u00edho okol\u00ed. Na vyhl\u00eddku vede cesta z\u00a0lesn\u00edho parkovi\u0161t\u011b pobl\u00ed\u017e hotelu Schrammsteinboude. Na cest\u011b je spousta schod\u016f a ke konci i kovov\u00e9 schody a n\u011bjak\u00e9 ty \u017eeb\u0159\u00edky. Zato cesta zp\u011bt je zaj\u00edmav\u00e1\u2026 \u0160li jsme toti\u017e po schodech a \u017eeb\u0159\u00edc\u00edch Mittelwinkelgrund, kter\u00fdch je \u2026 hodn\u011b a p\u0159ekon\u00e1vaj\u00ed v\u00fd\u0161ku cca 40 metr\u016f.<\/p>\n<p><embed height=\"900\" width=\"100%\" type=\"application\/x-shockwave-flash\" bgcolor=\"#000000\" flashvars=\"xmlDataPath=http:\/\/www.jablkon.eu\/foto\/cz\/2013\/1019_Schrammsteine\/foto.xml\" src=\"http:\/\/www.jablkon.eu\/_js\/viewer.swf\" allownetworking=\"internal\" allowscriptaccess=\"never\" enablejavascript=\"false\"><\/embed><\/p>\n<p align=\"JUSTIFY\">Z\u00e1pad Slunce z\u00a0okol\u00ed hotelu Belveder, kter\u00fd m\u00e1 vlastn\u00ed vyhl\u00eddku strm\u011b se ty\u010d\u00edc\u00ed 130 metr\u016f nad \u00fadol\u00edm Labe.<\/p>\n<p><embed height=\"900\" width=\"100%\" type=\"application\/x-shockwave-flash\" bgcolor=\"#000000\" flashvars=\"xmlDataPath=http:\/\/www.jablkon.eu\/foto\/cz\/2013\/1019_Belveder\/foto.xml\" src=\"http:\/\/www.jablkon.eu\/_js\/viewer.swf\" allownetworking=\"internal\" allowscriptaccess=\"never\" enablejavascript=\"false\"><\/embed><\/p>\n<p align=\"JUSTIFY\">No a na z\u00e1v\u011br je\u0161t\u011b p\u00e1r fotografi\u00ed z\u00a0\u00fadol\u00ed \u0159\u00ed\u010dky Kamenice.<\/p>\n<p><embed height=\"900\" width=\"100%\" type=\"application\/x-shockwave-flash\" bgcolor=\"#000000\" flashvars=\"xmlDataPath=http:\/\/www.jablkon.eu\/foto\/cz\/2013\/1020_Kamenice\/foto.xml\" src=\"http:\/\/www.jablkon.eu\/_js\/viewer.swf\" allownetworking=\"internal\" allowscriptaccess=\"never\" enablejavascript=\"false\"><\/embed><\/p>\n<h3>Souvisej\u00edc\u00ed obr\u00e1zky:<\/h3>","protected":false},"excerpt":{"rendered":"<p>N\u00e1rodn\u00ed park \u010cesko-Sask\u00e9 \u0160v\u00fdcarsko najdete v\u00a0m\u00edstech, kde se Labe m\u011bn\u00ed na Elbe, tedy kde \u0159eka opou\u0161t\u00ed \u00fazem\u00ed \u010cesk\u00e9 republiky a odt\u00e9k\u00e1 do N\u011bmecka. Je to velmi zaj\u00edmav\u00e1 krajina pln\u00e1 skal, les\u016f, potok\u016f a pot\u016f\u010dk\u016f, strm\u00fdch p\u00edskovcov\u00fdch v\u011b\u017e\u00ed i hlubok\u00fdch skaln\u00edch &hellip; <a href=\"https:\/\/jablkon.eu\/jbl\/cestopisy\/ceskarepublika\/cesko-saske-svycarsko-2013\/\">Cel\u00fd p\u0159\u00edsp\u011bvek <span class=\"meta-nav\">&rarr;<\/span><\/a><\/p>\n","protected":false},"author":1,"featured_media":0,"comment_status":"closed","ping_status":"open","sticky":false,"template":"","format":"standard","meta":{"ngg_post_thumbnail":0,"footnotes":""},"categories":[15,92,19],"tags":[69,72,86],"class_list":["post-7680","post","type-post","status-publish","format-standard","hentry","category-ceskarepublika","category-krajinarska-fotografie","category-skaly","tag-cestovani","tag-podzim","tag-wildlife"],"yoast_head":"<!-- This site is optimized with the Yoast SEO plugin v27.5 - https:\/\/yoast.com\/product\/yoast-seo-wordpress\/ -->\n<title>\u010cesko - Sask\u00e9 \u0160v\u00fdcarsko - Jaroslav Bla\u017eek - fotograf<\/title>\n<meta name=\"description\" content=\"Jaroslav Bla\u017eek - fotograf\" \/>\n<meta name=\"robots\" content=\"index, follow, max-snippet:-1, max-image-preview:large, max-video-preview:-1\" \/>\n<link rel=\"canonical\" href=\"https:\/\/jablkon.eu\/jbl\/cestopisy\/ceskarepublika\/cesko-saske-svycarsko-2013\/\" \/>\n<meta property=\"og:locale\" content=\"cs_CZ\" \/>\n<meta property=\"og:type\" content=\"article\" \/>\n<meta property=\"og:title\" content=\"\u010cesko - Sask\u00e9 \u0160v\u00fdcarsko - Jaroslav Bla\u017eek - fotograf\" \/>\n<meta property=\"og:description\" content=\"Jaroslav Bla\u017eek - fotograf\" \/>\n<meta property=\"og:url\" content=\"https:\/\/jablkon.eu\/jbl\/cestopisy\/ceskarepublika\/cesko-saske-svycarsko-2013\/\" \/>\n<meta property=\"og:site_name\" content=\"Jaroslav Bla\u017eek - fotograf\" \/>\n<meta property=\"article:published_time\" content=\"2013-10-20T17:35:46+00:00\" \/>\n<meta property=\"article:modified_time\" content=\"2013-11-30T14:14:00+00:00\" \/>\n<meta name=\"author\" content=\"JBla\u017eek\" \/>\n<meta name=\"twitter:label1\" content=\"Napsal(a)\" \/>\n\t<meta name=\"twitter:data1\" content=\"JBla\u017eek\" \/>\n\t<meta name=\"twitter:label2\" content=\"Odhadovan\u00e1 doba \u010dten\u00ed\" \/>\n\t<meta name=\"twitter:data2\" content=\"2 minuty\" \/>\n<script type=\"application\/ld+json\" class=\"yoast-schema-graph\">{\"@context\":\"https:\\\/\\\/schema.org\",\"@graph\":[{\"@type\":\"Article\",\"@id\":\"https:\\\/\\\/jablkon.eu\\\/jbl\\\/cestopisy\\\/ceskarepublika\\\/cesko-saske-svycarsko-2013\\\/#article\",\"isPartOf\":{\"@id\":\"https:\\\/\\\/jablkon.eu\\\/jbl\\\/cestopisy\\\/ceskarepublika\\\/cesko-saske-svycarsko-2013\\\/\"},\"author\":{\"name\":\"JBla\u017eek\",\"@id\":\"https:\\\/\\\/jablkon.eu\\\/jbl\\\/#\\\/schema\\\/person\\\/4984d4e992f073207f693460109eac25\"},\"headline\":\"\u010cesko &#8211; Sask\u00e9 \u0160v\u00fdcarsko\",\"datePublished\":\"2013-10-20T17:35:46+00:00\",\"dateModified\":\"2013-11-30T14:14:00+00:00\",\"mainEntityOfPage\":{\"@id\":\"https:\\\/\\\/jablkon.eu\\\/jbl\\\/cestopisy\\\/ceskarepublika\\\/cesko-saske-svycarsko-2013\\\/\"},\"wordCount\":337,\"publisher\":{\"@id\":\"https:\\\/\\\/jablkon.eu\\\/jbl\\\/#\\\/schema\\\/person\\\/4984d4e992f073207f693460109eac25\"},\"keywords\":[\"cestov\u00e1n\u00ed\",\"podzim\",\"wildlife\"],\"articleSection\":[\"\u010cesk\u00e1 republika\",\"krajin\u00e1\u0159sk\u00e1 fotografie\",\"sk\u00e1ly a horolezci\"],\"inLanguage\":\"cs\"},{\"@type\":\"WebPage\",\"@id\":\"https:\\\/\\\/jablkon.eu\\\/jbl\\\/cestopisy\\\/ceskarepublika\\\/cesko-saske-svycarsko-2013\\\/\",\"url\":\"https:\\\/\\\/jablkon.eu\\\/jbl\\\/cestopisy\\\/ceskarepublika\\\/cesko-saske-svycarsko-2013\\\/\",\"name\":\"\u010cesko - Sask\u00e9 \u0160v\u00fdcarsko - Jaroslav Bla\u017eek - fotograf\",\"isPartOf\":{\"@id\":\"https:\\\/\\\/jablkon.eu\\\/jbl\\\/#website\"},\"datePublished\":\"2013-10-20T17:35:46+00:00\",\"dateModified\":\"2013-11-30T14:14:00+00:00\",\"description\":\"Jaroslav Bla\u017eek - fotograf\",\"breadcrumb\":{\"@id\":\"https:\\\/\\\/jablkon.eu\\\/jbl\\\/cestopisy\\\/ceskarepublika\\\/cesko-saske-svycarsko-2013\\\/#breadcrumb\"},\"inLanguage\":\"cs\",\"potentialAction\":[{\"@type\":\"ReadAction\",\"target\":[\"https:\\\/\\\/jablkon.eu\\\/jbl\\\/cestopisy\\\/ceskarepublika\\\/cesko-saske-svycarsko-2013\\\/\"]}]},{\"@type\":\"BreadcrumbList\",\"@id\":\"https:\\\/\\\/jablkon.eu\\\/jbl\\\/cestopisy\\\/ceskarepublika\\\/cesko-saske-svycarsko-2013\\\/#breadcrumb\",\"itemListElement\":[{\"@type\":\"ListItem\",\"position\":1,\"name\":\"Dom\u016f\",\"item\":\"https:\\\/\\\/jablkon.eu\\\/jbl\\\/\"},{\"@type\":\"ListItem\",\"position\":2,\"name\":\"\u010cesko &#8211; Sask\u00e9 \u0160v\u00fdcarsko\"}]},{\"@type\":\"WebSite\",\"@id\":\"https:\\\/\\\/jablkon.eu\\\/jbl\\\/#website\",\"url\":\"https:\\\/\\\/jablkon.eu\\\/jbl\\\/\",\"name\":\"Jaroslav Bla\u017eek - fotograf\",\"description\":\"Fotografick\u00e9 pr\u00e1ce - svatebn\u00ed, rodinn\u00e1 a portr\u00e9tn\u00ed fotografie, report\u00e1\u017ee\",\"publisher\":{\"@id\":\"https:\\\/\\\/jablkon.eu\\\/jbl\\\/#\\\/schema\\\/person\\\/4984d4e992f073207f693460109eac25\"},\"potentialAction\":[{\"@type\":\"SearchAction\",\"target\":{\"@type\":\"EntryPoint\",\"urlTemplate\":\"https:\\\/\\\/jablkon.eu\\\/jbl\\\/?s={search_term_string}\"},\"query-input\":{\"@type\":\"PropertyValueSpecification\",\"valueRequired\":true,\"valueName\":\"search_term_string\"}}],\"inLanguage\":\"cs\"},{\"@type\":[\"Person\",\"Organization\"],\"@id\":\"https:\\\/\\\/jablkon.eu\\\/jbl\\\/#\\\/schema\\\/person\\\/4984d4e992f073207f693460109eac25\",\"name\":\"JBla\u017eek\",\"image\":{\"@type\":\"ImageObject\",\"inLanguage\":\"cs\",\"@id\":\"https:\\\/\\\/secure.gravatar.com\\\/avatar\\\/c014bb8932a8609c14cf90b1aebdc83197cddda4aa4e3e599f1e0016a63d942e?s=96&d=mm&r=g\",\"url\":\"https:\\\/\\\/secure.gravatar.com\\\/avatar\\\/c014bb8932a8609c14cf90b1aebdc83197cddda4aa4e3e599f1e0016a63d942e?s=96&d=mm&r=g\",\"contentUrl\":\"https:\\\/\\\/secure.gravatar.com\\\/avatar\\\/c014bb8932a8609c14cf90b1aebdc83197cddda4aa4e3e599f1e0016a63d942e?s=96&d=mm&r=g\",\"caption\":\"JBla\u017eek\"},\"logo\":{\"@id\":\"https:\\\/\\\/secure.gravatar.com\\\/avatar\\\/c014bb8932a8609c14cf90b1aebdc83197cddda4aa4e3e599f1e0016a63d942e?s=96&d=mm&r=g\"},\"sameAs\":[\"http:\\\/\\\/foto.jablkon.cz\"],\"url\":\"https:\\\/\\\/jablkon.eu\\\/jbl\\\/author\\\/admin\\\/\"}]}<\/script>\n<!-- \/ Yoast SEO plugin. -->","yoast_head_json":{"title":"\u010cesko - Sask\u00e9 \u0160v\u00fdcarsko - Jaroslav Bla\u017eek - fotograf","description":"Jaroslav Bla\u017eek - fotograf","robots":{"index":"index","follow":"follow","max-snippet":"max-snippet:-1","max-image-preview":"max-image-preview:large","max-video-preview":"max-video-preview:-1"},"canonical":"https:\/\/jablkon.eu\/jbl\/cestopisy\/ceskarepublika\/cesko-saske-svycarsko-2013\/","og_locale":"cs_CZ","og_type":"article","og_title":"\u010cesko - Sask\u00e9 \u0160v\u00fdcarsko - Jaroslav Bla\u017eek - fotograf","og_description":"Jaroslav Bla\u017eek - fotograf","og_url":"https:\/\/jablkon.eu\/jbl\/cestopisy\/ceskarepublika\/cesko-saske-svycarsko-2013\/","og_site_name":"Jaroslav Bla\u017eek - fotograf","article_published_time":"2013-10-20T17:35:46+00:00","article_modified_time":"2013-11-30T14:14:00+00:00","author":"JBla\u017eek","twitter_misc":{"Napsal(a)":"JBla\u017eek","Odhadovan\u00e1 doba \u010dten\u00ed":"2 minuty"},"schema":{"@context":"https:\/\/schema.org","@graph":[{"@type":"Article","@id":"https:\/\/jablkon.eu\/jbl\/cestopisy\/ceskarepublika\/cesko-saske-svycarsko-2013\/#article","isPartOf":{"@id":"https:\/\/jablkon.eu\/jbl\/cestopisy\/ceskarepublika\/cesko-saske-svycarsko-2013\/"},"author":{"name":"JBla\u017eek","@id":"https:\/\/jablkon.eu\/jbl\/#\/schema\/person\/4984d4e992f073207f693460109eac25"},"headline":"\u010cesko &#8211; Sask\u00e9 \u0160v\u00fdcarsko","datePublished":"2013-10-20T17:35:46+00:00","dateModified":"2013-11-30T14:14:00+00:00","mainEntityOfPage":{"@id":"https:\/\/jablkon.eu\/jbl\/cestopisy\/ceskarepublika\/cesko-saske-svycarsko-2013\/"},"wordCount":337,"publisher":{"@id":"https:\/\/jablkon.eu\/jbl\/#\/schema\/person\/4984d4e992f073207f693460109eac25"},"keywords":["cestov\u00e1n\u00ed","podzim","wildlife"],"articleSection":["\u010cesk\u00e1 republika","krajin\u00e1\u0159sk\u00e1 fotografie","sk\u00e1ly a horolezci"],"inLanguage":"cs"},{"@type":"WebPage","@id":"https:\/\/jablkon.eu\/jbl\/cestopisy\/ceskarepublika\/cesko-saske-svycarsko-2013\/","url":"https:\/\/jablkon.eu\/jbl\/cestopisy\/ceskarepublika\/cesko-saske-svycarsko-2013\/","name":"\u010cesko - Sask\u00e9 \u0160v\u00fdcarsko - Jaroslav Bla\u017eek - fotograf","isPartOf":{"@id":"https:\/\/jablkon.eu\/jbl\/#website"},"datePublished":"2013-10-20T17:35:46+00:00","dateModified":"2013-11-30T14:14:00+00:00","description":"Jaroslav Bla\u017eek - fotograf","breadcrumb":{"@id":"https:\/\/jablkon.eu\/jbl\/cestopisy\/ceskarepublika\/cesko-saske-svycarsko-2013\/#breadcrumb"},"inLanguage":"cs","potentialAction":[{"@type":"ReadAction","target":["https:\/\/jablkon.eu\/jbl\/cestopisy\/ceskarepublika\/cesko-saske-svycarsko-2013\/"]}]},{"@type":"BreadcrumbList","@id":"https:\/\/jablkon.eu\/jbl\/cestopisy\/ceskarepublika\/cesko-saske-svycarsko-2013\/#breadcrumb","itemListElement":[{"@type":"ListItem","position":1,"name":"Dom\u016f","item":"https:\/\/jablkon.eu\/jbl\/"},{"@type":"ListItem","position":2,"name":"\u010cesko &#8211; Sask\u00e9 \u0160v\u00fdcarsko"}]},{"@type":"WebSite","@id":"https:\/\/jablkon.eu\/jbl\/#website","url":"https:\/\/jablkon.eu\/jbl\/","name":"Jaroslav Bla\u017eek - fotograf","description":"Fotografick\u00e9 pr\u00e1ce - svatebn\u00ed, rodinn\u00e1 a portr\u00e9tn\u00ed fotografie, report\u00e1\u017ee","publisher":{"@id":"https:\/\/jablkon.eu\/jbl\/#\/schema\/person\/4984d4e992f073207f693460109eac25"},"potentialAction":[{"@type":"SearchAction","target":{"@type":"EntryPoint","urlTemplate":"https:\/\/jablkon.eu\/jbl\/?s={search_term_string}"},"query-input":{"@type":"PropertyValueSpecification","valueRequired":true,"valueName":"search_term_string"}}],"inLanguage":"cs"},{"@type":["Person","Organization"],"@id":"https:\/\/jablkon.eu\/jbl\/#\/schema\/person\/4984d4e992f073207f693460109eac25","name":"JBla\u017eek","image":{"@type":"ImageObject","inLanguage":"cs","@id":"https:\/\/secure.gravatar.com\/avatar\/c014bb8932a8609c14cf90b1aebdc83197cddda4aa4e3e599f1e0016a63d942e?s=96&d=mm&r=g","url":"https:\/\/secure.gravatar.com\/avatar\/c014bb8932a8609c14cf90b1aebdc83197cddda4aa4e3e599f1e0016a63d942e?s=96&d=mm&r=g","contentUrl":"https:\/\/secure.gravatar.com\/avatar\/c014bb8932a8609c14cf90b1aebdc83197cddda4aa4e3e599f1e0016a63d942e?s=96&d=mm&r=g","caption":"JBla\u017eek"},"logo":{"@id":"https:\/\/secure.gravatar.com\/avatar\/c014bb8932a8609c14cf90b1aebdc83197cddda4aa4e3e599f1e0016a63d942e?s=96&d=mm&r=g"},"sameAs":["http:\/\/foto.jablkon.cz"],"url":"https:\/\/jablkon.eu\/jbl\/author\/admin\/"}]}},"views":892,"_links":{"self":[{"href":"https:\/\/jablkon.eu\/jbl\/wp-json\/wp\/v2\/posts\/7680","targetHints":{"allow":["GET"]}}],"collection":[{"href":"https:\/\/jablkon.eu\/jbl\/wp-json\/wp\/v2\/posts"}],"about":[{"href":"https:\/\/jablkon.eu\/jbl\/wp-json\/wp\/v2\/types\/post"}],"author":[{"embeddable":true,"href":"https:\/\/jablkon.eu\/jbl\/wp-json\/wp\/v2\/users\/1"}],"replies":[{"embeddable":true,"href":"https:\/\/jablkon.eu\/jbl\/wp-json\/wp\/v2\/comments?post=7680"}],"version-history":[{"count":0,"href":"https:\/\/jablkon.eu\/jbl\/wp-json\/wp\/v2\/posts\/7680\/revisions"}],"wp:attachment":[{"href":"https:\/\/jablkon.eu\/jbl\/wp-json\/wp\/v2\/media?parent=7680"}],"wp:term":[{"taxonomy":"category","embeddable":true,"href":"https:\/\/jablkon.eu\/jbl\/wp-json\/wp\/v2\/categories?post=7680"},{"taxonomy":"post_tag","embeddable":true,"href":"https:\/\/jablkon.eu\/jbl\/wp-json\/wp\/v2\/tags?post=7680"}],"curies":[{"name":"wp","href":"https:\/\/api.w.org\/{rel}","templated":true}]}}