{"id":7692,"date":"2013-10-26T17:16:12","date_gmt":"2013-10-26T15:16:12","guid":{"rendered":"http:\/\/jablkon.eu\/jbl\/?p=7692"},"modified":"2013-10-29T22:25:18","modified_gmt":"2013-10-29T21:25:18","slug":"volby-do-poslanecke-snemovny-2013","status":"publish","type":"post","link":"https:\/\/jablkon.eu\/jbl\/pilnikov\/volby-do-poslanecke-snemovny-2013\/","title":{"rendered":"Volby do Poslaneck\u00e9 sn\u011bmovny 25.10. \u2013 26.10.2013"},"content":{"rendered":"<p style=\"text-align: justify;\">Tak volby ji\u017e skon\u010dily a Piln\u00edkov byl se\u010dten. Letos vyhr\u00e1lo &#8222;ANO 2011&#8220; se 102 hlasy, co\u017e je 20,03 % z celkov\u00e9ho po\u010dtu vol\u00edc\u00edch voli\u010d\u016f. Hned za nimi se um\u00edstila \u010cSSD s 97 hlasy (19,05 %) a za nimi KS\u010cM s 66 hlasy (12,96 %). Dal\u0161\u00ed v\u00fdsledky jak se u n\u00e1s hlasovalo najdete na <a href=\"http:\/\/www.volby.cz\/pls\/ps2013\/ps311?xjazyk=CZ&amp;xkraj=8&amp;xobec=579599&amp;xvyber=5205\" target=\"_blank\">www.volby.cz<\/a>.<\/p>\n<p style=\"text-align: justify;\">Volebn\u00ed \u00fa\u010dast byla 52,60 % &#8211; ze 979 voli\u010d\u016f se k volb\u00e1m dostavilo 515 voli\u010d\u016f, ale platn\u00fdch hlas\u016f bylo 509 (99,22 %).Celkov\u00e9 v\u00fdsledky voleb najdete takt\u00e9\u017e na serveru <a href=\"http:\/\/www.volby.cz\/pls\/ps2013\/ps2?xjazyk=CZ&amp;xkraj=0\" target=\"_blank\">www.volby.cz<\/a>.<\/p>\n<p style=\"text-align: justify;\">Chcete-li v\u00fdsledky porovnat s minul\u00fdmi volbami m\u016f\u017eete se pod\u00edvat t\u0159eba <a href=\"https:\/\/jablkon.eu\/jbl\/pilnikov\/volby-10-2012\/\" target=\"_blank\">sem<\/a>.<\/p>\n<h3>Souvisej\u00edc\u00ed obr\u00e1zky:<\/h3>","protected":false},"excerpt":{"rendered":"<p>Tak volby ji\u017e skon\u010dily a Piln\u00edkov byl se\u010dten. Letos vyhr\u00e1lo &#8222;ANO 2011&#8220; se 102 hlasy, co\u017e je 20,03 % z celkov\u00e9ho po\u010dtu vol\u00edc\u00edch voli\u010d\u016f. Hned za nimi se um\u00edstila \u010cSSD s 97 hlasy (19,05 %) a za nimi KS\u010cM s &hellip; <a href=\"https:\/\/jablkon.eu\/jbl\/pilnikov\/volby-do-poslanecke-snemovny-2013\/\">Cel\u00fd p\u0159\u00edsp\u011bvek <span class=\"meta-nav\">&rarr;<\/span><\/a><\/p>\n","protected":false},"author":1,"featured_media":0,"comment_status":"closed","ping_status":"open","sticky":false,"template":"","format":"standard","meta":{"ngg_post_thumbnail":0,"footnotes":""},"categories":[7],"tags":[],"class_list":["post-7692","post","type-post","status-publish","format-standard","hentry","category-pilnikov"],"yoast_head":"<!-- This site is optimized with the Yoast SEO plugin v27.5 - https:\/\/yoast.com\/product\/yoast-seo-wordpress\/ -->\n<title>Volby do Poslaneck\u00e9 sn\u011bmovny 25.10. \u2013 26.10.2013 - Jaroslav Bla\u017eek - fotograf<\/title>\n<meta name=\"description\" content=\"Jaroslav Bla\u017eek - fotograf\" \/>\n<meta name=\"robots\" content=\"index, follow, max-snippet:-1, max-image-preview:large, max-video-preview:-1\" \/>\n<link rel=\"canonical\" href=\"https:\/\/jablkon.eu\/jbl\/pilnikov\/volby-do-poslanecke-snemovny-2013\/\" \/>\n<meta property=\"og:locale\" content=\"cs_CZ\" \/>\n<meta property=\"og:type\" content=\"article\" \/>\n<meta property=\"og:title\" content=\"Volby do Poslaneck\u00e9 sn\u011bmovny 25.10. \u2013 26.10.2013 - Jaroslav Bla\u017eek - fotograf\" \/>\n<meta property=\"og:description\" content=\"Jaroslav Bla\u017eek - fotograf\" \/>\n<meta property=\"og:url\" content=\"https:\/\/jablkon.eu\/jbl\/pilnikov\/volby-do-poslanecke-snemovny-2013\/\" \/>\n<meta property=\"og:site_name\" content=\"Jaroslav Bla\u017eek - fotograf\" \/>\n<meta property=\"article:published_time\" content=\"2013-10-26T15:16:12+00:00\" \/>\n<meta property=\"article:modified_time\" content=\"2013-10-29T21:25:18+00:00\" \/>\n<meta name=\"author\" content=\"JBla\u017eek\" \/>\n<meta name=\"twitter:label1\" content=\"Napsal(a)\" \/>\n\t<meta name=\"twitter:data1\" content=\"JBla\u017eek\" \/>\n\t<meta name=\"twitter:label2\" content=\"Odhadovan\u00e1 doba \u010dten\u00ed\" \/>\n\t<meta name=\"twitter:data2\" content=\"1 minuta\" \/>\n<script type=\"application\/ld+json\" class=\"yoast-schema-graph\">{\"@context\":\"https:\\\/\\\/schema.org\",\"@graph\":[{\"@type\":\"Article\",\"@id\":\"https:\\\/\\\/jablkon.eu\\\/jbl\\\/pilnikov\\\/volby-do-poslanecke-snemovny-2013\\\/#article\",\"isPartOf\":{\"@id\":\"https:\\\/\\\/jablkon.eu\\\/jbl\\\/pilnikov\\\/volby-do-poslanecke-snemovny-2013\\\/\"},\"author\":{\"name\":\"JBla\u017eek\",\"@id\":\"https:\\\/\\\/jablkon.eu\\\/jbl\\\/#\\\/schema\\\/person\\\/4984d4e992f073207f693460109eac25\"},\"headline\":\"Volby do Poslaneck\u00e9 sn\u011bmovny 25.10. \u2013 26.10.2013\",\"datePublished\":\"2013-10-26T15:16:12+00:00\",\"dateModified\":\"2013-10-29T21:25:18+00:00\",\"mainEntityOfPage\":{\"@id\":\"https:\\\/\\\/jablkon.eu\\\/jbl\\\/pilnikov\\\/volby-do-poslanecke-snemovny-2013\\\/\"},\"wordCount\":107,\"publisher\":{\"@id\":\"https:\\\/\\\/jablkon.eu\\\/jbl\\\/#\\\/schema\\\/person\\\/4984d4e992f073207f693460109eac25\"},\"articleSection\":[\"m\u011bsto Piln\u00edkov\"],\"inLanguage\":\"cs\"},{\"@type\":\"WebPage\",\"@id\":\"https:\\\/\\\/jablkon.eu\\\/jbl\\\/pilnikov\\\/volby-do-poslanecke-snemovny-2013\\\/\",\"url\":\"https:\\\/\\\/jablkon.eu\\\/jbl\\\/pilnikov\\\/volby-do-poslanecke-snemovny-2013\\\/\",\"name\":\"Volby do Poslaneck\u00e9 sn\u011bmovny 25.10. \u2013 26.10.2013 - Jaroslav Bla\u017eek - fotograf\",\"isPartOf\":{\"@id\":\"https:\\\/\\\/jablkon.eu\\\/jbl\\\/#website\"},\"datePublished\":\"2013-10-26T15:16:12+00:00\",\"dateModified\":\"2013-10-29T21:25:18+00:00\",\"description\":\"Jaroslav Bla\u017eek - fotograf\",\"breadcrumb\":{\"@id\":\"https:\\\/\\\/jablkon.eu\\\/jbl\\\/pilnikov\\\/volby-do-poslanecke-snemovny-2013\\\/#breadcrumb\"},\"inLanguage\":\"cs\",\"potentialAction\":[{\"@type\":\"ReadAction\",\"target\":[\"https:\\\/\\\/jablkon.eu\\\/jbl\\\/pilnikov\\\/volby-do-poslanecke-snemovny-2013\\\/\"]}]},{\"@type\":\"BreadcrumbList\",\"@id\":\"https:\\\/\\\/jablkon.eu\\\/jbl\\\/pilnikov\\\/volby-do-poslanecke-snemovny-2013\\\/#breadcrumb\",\"itemListElement\":[{\"@type\":\"ListItem\",\"position\":1,\"name\":\"Dom\u016f\",\"item\":\"https:\\\/\\\/jablkon.eu\\\/jbl\\\/\"},{\"@type\":\"ListItem\",\"position\":2,\"name\":\"Volby do Poslaneck\u00e9 sn\u011bmovny 25.10. \u2013 26.10.2013\"}]},{\"@type\":\"WebSite\",\"@id\":\"https:\\\/\\\/jablkon.eu\\\/jbl\\\/#website\",\"url\":\"https:\\\/\\\/jablkon.eu\\\/jbl\\\/\",\"name\":\"Jaroslav Bla\u017eek - fotograf\",\"description\":\"Fotografick\u00e9 pr\u00e1ce - svatebn\u00ed, rodinn\u00e1 a portr\u00e9tn\u00ed fotografie, report\u00e1\u017ee\",\"publisher\":{\"@id\":\"https:\\\/\\\/jablkon.eu\\\/jbl\\\/#\\\/schema\\\/person\\\/4984d4e992f073207f693460109eac25\"},\"potentialAction\":[{\"@type\":\"SearchAction\",\"target\":{\"@type\":\"EntryPoint\",\"urlTemplate\":\"https:\\\/\\\/jablkon.eu\\\/jbl\\\/?s={search_term_string}\"},\"query-input\":{\"@type\":\"PropertyValueSpecification\",\"valueRequired\":true,\"valueName\":\"search_term_string\"}}],\"inLanguage\":\"cs\"},{\"@type\":[\"Person\",\"Organization\"],\"@id\":\"https:\\\/\\\/jablkon.eu\\\/jbl\\\/#\\\/schema\\\/person\\\/4984d4e992f073207f693460109eac25\",\"name\":\"JBla\u017eek\",\"image\":{\"@type\":\"ImageObject\",\"inLanguage\":\"cs\",\"@id\":\"https:\\\/\\\/secure.gravatar.com\\\/avatar\\\/c014bb8932a8609c14cf90b1aebdc83197cddda4aa4e3e599f1e0016a63d942e?s=96&d=mm&r=g\",\"url\":\"https:\\\/\\\/secure.gravatar.com\\\/avatar\\\/c014bb8932a8609c14cf90b1aebdc83197cddda4aa4e3e599f1e0016a63d942e?s=96&d=mm&r=g\",\"contentUrl\":\"https:\\\/\\\/secure.gravatar.com\\\/avatar\\\/c014bb8932a8609c14cf90b1aebdc83197cddda4aa4e3e599f1e0016a63d942e?s=96&d=mm&r=g\",\"caption\":\"JBla\u017eek\"},\"logo\":{\"@id\":\"https:\\\/\\\/secure.gravatar.com\\\/avatar\\\/c014bb8932a8609c14cf90b1aebdc83197cddda4aa4e3e599f1e0016a63d942e?s=96&d=mm&r=g\"},\"sameAs\":[\"http:\\\/\\\/foto.jablkon.cz\"],\"url\":\"https:\\\/\\\/jablkon.eu\\\/jbl\\\/author\\\/admin\\\/\"}]}<\/script>\n<!-- \/ Yoast SEO plugin. -->","yoast_head_json":{"title":"Volby do Poslaneck\u00e9 sn\u011bmovny 25.10. \u2013 26.10.2013 - Jaroslav Bla\u017eek - fotograf","description":"Jaroslav Bla\u017eek - fotograf","robots":{"index":"index","follow":"follow","max-snippet":"max-snippet:-1","max-image-preview":"max-image-preview:large","max-video-preview":"max-video-preview:-1"},"canonical":"https:\/\/jablkon.eu\/jbl\/pilnikov\/volby-do-poslanecke-snemovny-2013\/","og_locale":"cs_CZ","og_type":"article","og_title":"Volby do Poslaneck\u00e9 sn\u011bmovny 25.10. \u2013 26.10.2013 - Jaroslav Bla\u017eek - fotograf","og_description":"Jaroslav Bla\u017eek - fotograf","og_url":"https:\/\/jablkon.eu\/jbl\/pilnikov\/volby-do-poslanecke-snemovny-2013\/","og_site_name":"Jaroslav Bla\u017eek - fotograf","article_published_time":"2013-10-26T15:16:12+00:00","article_modified_time":"2013-10-29T21:25:18+00:00","author":"JBla\u017eek","twitter_misc":{"Napsal(a)":"JBla\u017eek","Odhadovan\u00e1 doba \u010dten\u00ed":"1 minuta"},"schema":{"@context":"https:\/\/schema.org","@graph":[{"@type":"Article","@id":"https:\/\/jablkon.eu\/jbl\/pilnikov\/volby-do-poslanecke-snemovny-2013\/#article","isPartOf":{"@id":"https:\/\/jablkon.eu\/jbl\/pilnikov\/volby-do-poslanecke-snemovny-2013\/"},"author":{"name":"JBla\u017eek","@id":"https:\/\/jablkon.eu\/jbl\/#\/schema\/person\/4984d4e992f073207f693460109eac25"},"headline":"Volby do Poslaneck\u00e9 sn\u011bmovny 25.10. \u2013 26.10.2013","datePublished":"2013-10-26T15:16:12+00:00","dateModified":"2013-10-29T21:25:18+00:00","mainEntityOfPage":{"@id":"https:\/\/jablkon.eu\/jbl\/pilnikov\/volby-do-poslanecke-snemovny-2013\/"},"wordCount":107,"publisher":{"@id":"https:\/\/jablkon.eu\/jbl\/#\/schema\/person\/4984d4e992f073207f693460109eac25"},"articleSection":["m\u011bsto Piln\u00edkov"],"inLanguage":"cs"},{"@type":"WebPage","@id":"https:\/\/jablkon.eu\/jbl\/pilnikov\/volby-do-poslanecke-snemovny-2013\/","url":"https:\/\/jablkon.eu\/jbl\/pilnikov\/volby-do-poslanecke-snemovny-2013\/","name":"Volby do Poslaneck\u00e9 sn\u011bmovny 25.10. \u2013 26.10.2013 - Jaroslav Bla\u017eek - fotograf","isPartOf":{"@id":"https:\/\/jablkon.eu\/jbl\/#website"},"datePublished":"2013-10-26T15:16:12+00:00","dateModified":"2013-10-29T21:25:18+00:00","description":"Jaroslav Bla\u017eek - fotograf","breadcrumb":{"@id":"https:\/\/jablkon.eu\/jbl\/pilnikov\/volby-do-poslanecke-snemovny-2013\/#breadcrumb"},"inLanguage":"cs","potentialAction":[{"@type":"ReadAction","target":["https:\/\/jablkon.eu\/jbl\/pilnikov\/volby-do-poslanecke-snemovny-2013\/"]}]},{"@type":"BreadcrumbList","@id":"https:\/\/jablkon.eu\/jbl\/pilnikov\/volby-do-poslanecke-snemovny-2013\/#breadcrumb","itemListElement":[{"@type":"ListItem","position":1,"name":"Dom\u016f","item":"https:\/\/jablkon.eu\/jbl\/"},{"@type":"ListItem","position":2,"name":"Volby do Poslaneck\u00e9 sn\u011bmovny 25.10. \u2013 26.10.2013"}]},{"@type":"WebSite","@id":"https:\/\/jablkon.eu\/jbl\/#website","url":"https:\/\/jablkon.eu\/jbl\/","name":"Jaroslav Bla\u017eek - fotograf","description":"Fotografick\u00e9 pr\u00e1ce - svatebn\u00ed, rodinn\u00e1 a portr\u00e9tn\u00ed fotografie, report\u00e1\u017ee","publisher":{"@id":"https:\/\/jablkon.eu\/jbl\/#\/schema\/person\/4984d4e992f073207f693460109eac25"},"potentialAction":[{"@type":"SearchAction","target":{"@type":"EntryPoint","urlTemplate":"https:\/\/jablkon.eu\/jbl\/?s={search_term_string}"},"query-input":{"@type":"PropertyValueSpecification","valueRequired":true,"valueName":"search_term_string"}}],"inLanguage":"cs"},{"@type":["Person","Organization"],"@id":"https:\/\/jablkon.eu\/jbl\/#\/schema\/person\/4984d4e992f073207f693460109eac25","name":"JBla\u017eek","image":{"@type":"ImageObject","inLanguage":"cs","@id":"https:\/\/secure.gravatar.com\/avatar\/c014bb8932a8609c14cf90b1aebdc83197cddda4aa4e3e599f1e0016a63d942e?s=96&d=mm&r=g","url":"https:\/\/secure.gravatar.com\/avatar\/c014bb8932a8609c14cf90b1aebdc83197cddda4aa4e3e599f1e0016a63d942e?s=96&d=mm&r=g","contentUrl":"https:\/\/secure.gravatar.com\/avatar\/c014bb8932a8609c14cf90b1aebdc83197cddda4aa4e3e599f1e0016a63d942e?s=96&d=mm&r=g","caption":"JBla\u017eek"},"logo":{"@id":"https:\/\/secure.gravatar.com\/avatar\/c014bb8932a8609c14cf90b1aebdc83197cddda4aa4e3e599f1e0016a63d942e?s=96&d=mm&r=g"},"sameAs":["http:\/\/foto.jablkon.cz"],"url":"https:\/\/jablkon.eu\/jbl\/author\/admin\/"}]}},"views":637,"_links":{"self":[{"href":"https:\/\/jablkon.eu\/jbl\/wp-json\/wp\/v2\/posts\/7692","targetHints":{"allow":["GET"]}}],"collection":[{"href":"https:\/\/jablkon.eu\/jbl\/wp-json\/wp\/v2\/posts"}],"about":[{"href":"https:\/\/jablkon.eu\/jbl\/wp-json\/wp\/v2\/types\/post"}],"author":[{"embeddable":true,"href":"https:\/\/jablkon.eu\/jbl\/wp-json\/wp\/v2\/users\/1"}],"replies":[{"embeddable":true,"href":"https:\/\/jablkon.eu\/jbl\/wp-json\/wp\/v2\/comments?post=7692"}],"version-history":[{"count":0,"href":"https:\/\/jablkon.eu\/jbl\/wp-json\/wp\/v2\/posts\/7692\/revisions"}],"wp:attachment":[{"href":"https:\/\/jablkon.eu\/jbl\/wp-json\/wp\/v2\/media?parent=7692"}],"wp:term":[{"taxonomy":"category","embeddable":true,"href":"https:\/\/jablkon.eu\/jbl\/wp-json\/wp\/v2\/categories?post=7692"},{"taxonomy":"post_tag","embeddable":true,"href":"https:\/\/jablkon.eu\/jbl\/wp-json\/wp\/v2\/tags?post=7692"}],"curies":[{"name":"wp","href":"https:\/\/api.w.org\/{rel}","templated":true}]}}