{"id":7801,"date":"2013-12-01T20:46:47","date_gmt":"2013-12-01T19:46:47","guid":{"rendered":"http:\/\/jablkon.eu\/jbl\/?p=7801"},"modified":"2013-12-22T23:08:19","modified_gmt":"2013-12-22T22:08:19","slug":"certoviny-2013","status":"publish","type":"post","link":"https:\/\/jablkon.eu\/jbl\/pilnikov\/certoviny-2013\/","title":{"rendered":"\u010certoviny pobavily t\u0159i des\u00edtky d\u011bt\u00ed"},"content":{"rendered":"<p style=\"text-align: justify;\">V ned\u011bli 1. prosince 2013 op\u011bt po roce o\u017eil s\u00e1l restaurace \u201eSlunce\u201c d\u011btsk\u00fdm sm\u00edchem, konala se tu dal\u0161\u00ed Mikul\u00e1\u0161sk\u00e1 z\u00e1bava pro d\u011bti. Letos pod n\u00e1zvem \u201e\u010certoviny\u201c. Ne\u017e ale Mikul\u00e1\u0161 s and\u011blem a \u010derty p\u0159i\u0161el, d\u011bti si zatancovaly a zahr\u00e1ly \u0159adu zaj\u00edmav\u00fdch her. Do n\u011bkter\u00fdch se p\u0159itom aktivn\u011b zapojili i se sv\u00fdmi rodi\u010di. Za \u00fa\u010dast v ka\u017ed\u00e9 h\u0159e d\u011bti byly odm\u011bn\u011bny sladkou odm\u011bnou.<\/p>\n<p style=\"text-align: justify;\">Po \u010dtvrt\u00e9 hodin\u011b vrazili do s\u00e1lu dva \u010derti. Obch\u00e1zeli d\u011bti a dor\u00e1\u017eeli na n\u011b:<\/p>\n<p style=\"text-align: justify;\">\u201eTy jsi ur\u010dit\u011b zlobil?!\u201c<\/p>\n<p style=\"text-align: justify;\">\u201eN\u00e9, n\u00e9\u00e9\u201c, zast\u00e1vali se n\u011bkter\u00fdch d\u011bt\u00ed rodi\u010de.<\/p>\n<p style=\"text-align: justify;\">\u201eJe hodn\u00e1, ale cuc\u00e1 si palec!\u201c, \u0159ekla na dcerku jedna maminka.<\/p>\n<p style=\"text-align: justify;\">\u201eZlob\u00ed jen tro\u0161ku&#8230;\u201c, br\u00e1nila d\u011bti jin\u00e1.<\/p>\n<p style=\"text-align: justify;\">\u201eNecht\u011bj\u00ed si \u010distit zuby!\u201c, \u017ealovala na syny dal\u0161\u00ed.<\/p>\n<p style=\"text-align: justify;\">Nakonec se d\u011bti shrom\u00e1\u017edily uprost\u0159ed s\u00e1lu a \u0159ekly Mikul\u00e1\u0161ovi spole\u010dn\u011b p\u011bknou b\u00e1sni\u010dku. Mikul\u00e1\u0161 si je za to jednotliv\u011b volal a pro ka\u017ed\u00e9 d\u00edt\u011b m\u011bl p\u0159ipraven\u00fd sladk\u00fd bal\u00ed\u010dek.<\/p>\n<p style=\"text-align: justify;\">Mikul\u00e1\u0161sk\u00e9 odpoledne pro v\u00e1s op\u011bt p\u0159ipravila Komise pro kulturu a sport.<\/p>\n<p style=\"text-align: justify;\">Leto\u0161n\u00edho mikul\u00e1\u0161sk\u00e9ho odpoledne se z\u00fa\u010dastnilo 30 d\u011bt\u00ed.<\/p>\n<p><em>Publikov\u00e1no tak\u00e9 na <a title=\"novinky.cz\" href=\"http:\/\/www.novinky.cz\/vase-zpravy\/uzivatel=3622\" target=\"_blank\">novinky.cz<\/a>.<\/em><\/p>\n<p><iframe loading=\"lazy\" src=\"http:\/\/player.vimeo.com\/video\/82443750\" height=\"325\" width=\"580\" allowfullscreen=\"\" frameborder=\"0\"><\/iframe><br \/>\n<embed height=\"900\" width=\"100%\" type=\"application\/x-shockwave-flash\" bgcolor=\"#000000\" flashvars=\"xmlDataPath=http:\/\/www.jablkon.eu\/pilnikov\/foto_akce\/2013\/1201\/foto.xml\" src=\"http:\/\/www.jablkon.eu\/_js\/viewer.swf\" allownetworking=\"internal\" allowscriptaccess=\"never\" enablejavascript=\"false\"><\/embed><\/p>\n<h3>Souvisej\u00edc\u00ed obr\u00e1zky:<\/h3>","protected":false},"excerpt":{"rendered":"<p>V ned\u011bli 1. prosince 2013 op\u011bt po roce o\u017eil s\u00e1l restaurace \u201eSlunce\u201c d\u011btsk\u00fdm sm\u00edchem, konala se tu dal\u0161\u00ed Mikul\u00e1\u0161sk\u00e1 z\u00e1bava pro d\u011bti. Letos pod n\u00e1zvem \u201e\u010certoviny\u201c. Ne\u017e ale Mikul\u00e1\u0161 s and\u011blem a \u010derty p\u0159i\u0161el, d\u011bti si zatancovaly a zahr\u00e1ly \u0159adu &hellip; <a href=\"https:\/\/jablkon.eu\/jbl\/pilnikov\/certoviny-2013\/\">Cel\u00fd p\u0159\u00edsp\u011bvek <span class=\"meta-nav\">&rarr;<\/span><\/a><\/p>\n","protected":false},"author":1,"featured_media":0,"comment_status":"closed","ping_status":"open","sticky":false,"template":"","format":"standard","meta":{"ngg_post_thumbnail":0,"footnotes":""},"categories":[10,7,12,43],"tags":[40,47,46,87,104],"class_list":["post-7801","post","type-post","status-publish","format-standard","hentry","category-pilnikovkultura","category-pilnikov","category-reportaze","category-video","tag-deti","tag-kultura","tag-pilnikov-2","tag-publikovano","tag-video"],"yoast_head":"<!-- This site is optimized with the Yoast SEO plugin v27.4 - https:\/\/yoast.com\/product\/yoast-seo-wordpress\/ -->\n<title>\u010certoviny pobavily t\u0159i des\u00edtky d\u011bt\u00ed - Jaroslav Bla\u017eek - fotograf<\/title>\n<meta name=\"description\" content=\"Jaroslav Bla\u017eek - fotograf\" \/>\n<meta name=\"robots\" content=\"index, follow, max-snippet:-1, max-image-preview:large, max-video-preview:-1\" \/>\n<link rel=\"canonical\" href=\"https:\/\/jablkon.eu\/jbl\/pilnikov\/certoviny-2013\/\" \/>\n<meta property=\"og:locale\" content=\"cs_CZ\" \/>\n<meta property=\"og:type\" content=\"article\" \/>\n<meta property=\"og:title\" content=\"\u010certoviny pobavily t\u0159i des\u00edtky d\u011bt\u00ed - Jaroslav Bla\u017eek - fotograf\" \/>\n<meta property=\"og:description\" content=\"Jaroslav Bla\u017eek - fotograf\" \/>\n<meta property=\"og:url\" content=\"https:\/\/jablkon.eu\/jbl\/pilnikov\/certoviny-2013\/\" \/>\n<meta property=\"og:site_name\" content=\"Jaroslav Bla\u017eek - fotograf\" \/>\n<meta property=\"article:published_time\" content=\"2013-12-01T19:46:47+00:00\" \/>\n<meta property=\"article:modified_time\" content=\"2013-12-22T22:08:19+00:00\" \/>\n<meta name=\"author\" content=\"JBla\u017eek\" \/>\n<meta name=\"twitter:label1\" content=\"Napsal(a)\" \/>\n\t<meta name=\"twitter:data1\" content=\"JBla\u017eek\" \/>\n\t<meta name=\"twitter:label2\" content=\"Odhadovan\u00e1 doba \u010dten\u00ed\" \/>\n\t<meta name=\"twitter:data2\" content=\"1 minuta\" \/>\n<script type=\"application\/ld+json\" class=\"yoast-schema-graph\">{\"@context\":\"https:\\\/\\\/schema.org\",\"@graph\":[{\"@type\":\"Article\",\"@id\":\"https:\\\/\\\/jablkon.eu\\\/jbl\\\/pilnikov\\\/certoviny-2013\\\/#article\",\"isPartOf\":{\"@id\":\"https:\\\/\\\/jablkon.eu\\\/jbl\\\/pilnikov\\\/certoviny-2013\\\/\"},\"author\":{\"name\":\"JBla\u017eek\",\"@id\":\"https:\\\/\\\/jablkon.eu\\\/jbl\\\/#\\\/schema\\\/person\\\/4984d4e992f073207f693460109eac25\"},\"headline\":\"\u010certoviny pobavily t\u0159i des\u00edtky d\u011bt\u00ed\",\"datePublished\":\"2013-12-01T19:46:47+00:00\",\"dateModified\":\"2013-12-22T22:08:19+00:00\",\"mainEntityOfPage\":{\"@id\":\"https:\\\/\\\/jablkon.eu\\\/jbl\\\/pilnikov\\\/certoviny-2013\\\/\"},\"wordCount\":235,\"publisher\":{\"@id\":\"https:\\\/\\\/jablkon.eu\\\/jbl\\\/#\\\/schema\\\/person\\\/4984d4e992f073207f693460109eac25\"},\"keywords\":[\"d\u011bti\",\"kultura\",\"Piln\u00edkov\",\"publikov\u00e1no\",\"video\"],\"articleSection\":[\"informace z kultury\",\"m\u011bsto Piln\u00edkov\",\"report\u00e1\u017en\u00ed fotografie\",\"video\"],\"inLanguage\":\"cs\"},{\"@type\":\"WebPage\",\"@id\":\"https:\\\/\\\/jablkon.eu\\\/jbl\\\/pilnikov\\\/certoviny-2013\\\/\",\"url\":\"https:\\\/\\\/jablkon.eu\\\/jbl\\\/pilnikov\\\/certoviny-2013\\\/\",\"name\":\"\u010certoviny pobavily t\u0159i des\u00edtky d\u011bt\u00ed - Jaroslav Bla\u017eek - fotograf\",\"isPartOf\":{\"@id\":\"https:\\\/\\\/jablkon.eu\\\/jbl\\\/#website\"},\"datePublished\":\"2013-12-01T19:46:47+00:00\",\"dateModified\":\"2013-12-22T22:08:19+00:00\",\"description\":\"Jaroslav Bla\u017eek - fotograf\",\"breadcrumb\":{\"@id\":\"https:\\\/\\\/jablkon.eu\\\/jbl\\\/pilnikov\\\/certoviny-2013\\\/#breadcrumb\"},\"inLanguage\":\"cs\",\"potentialAction\":[{\"@type\":\"ReadAction\",\"target\":[\"https:\\\/\\\/jablkon.eu\\\/jbl\\\/pilnikov\\\/certoviny-2013\\\/\"]}]},{\"@type\":\"BreadcrumbList\",\"@id\":\"https:\\\/\\\/jablkon.eu\\\/jbl\\\/pilnikov\\\/certoviny-2013\\\/#breadcrumb\",\"itemListElement\":[{\"@type\":\"ListItem\",\"position\":1,\"name\":\"Dom\u016f\",\"item\":\"https:\\\/\\\/jablkon.eu\\\/jbl\\\/\"},{\"@type\":\"ListItem\",\"position\":2,\"name\":\"\u010certoviny pobavily t\u0159i des\u00edtky d\u011bt\u00ed\"}]},{\"@type\":\"WebSite\",\"@id\":\"https:\\\/\\\/jablkon.eu\\\/jbl\\\/#website\",\"url\":\"https:\\\/\\\/jablkon.eu\\\/jbl\\\/\",\"name\":\"Jaroslav Bla\u017eek - fotograf\",\"description\":\"Fotografick\u00e9 pr\u00e1ce - svatebn\u00ed, rodinn\u00e1 a portr\u00e9tn\u00ed fotografie, report\u00e1\u017ee\",\"publisher\":{\"@id\":\"https:\\\/\\\/jablkon.eu\\\/jbl\\\/#\\\/schema\\\/person\\\/4984d4e992f073207f693460109eac25\"},\"potentialAction\":[{\"@type\":\"SearchAction\",\"target\":{\"@type\":\"EntryPoint\",\"urlTemplate\":\"https:\\\/\\\/jablkon.eu\\\/jbl\\\/?s={search_term_string}\"},\"query-input\":{\"@type\":\"PropertyValueSpecification\",\"valueRequired\":true,\"valueName\":\"search_term_string\"}}],\"inLanguage\":\"cs\"},{\"@type\":[\"Person\",\"Organization\"],\"@id\":\"https:\\\/\\\/jablkon.eu\\\/jbl\\\/#\\\/schema\\\/person\\\/4984d4e992f073207f693460109eac25\",\"name\":\"JBla\u017eek\",\"image\":{\"@type\":\"ImageObject\",\"inLanguage\":\"cs\",\"@id\":\"https:\\\/\\\/secure.gravatar.com\\\/avatar\\\/c014bb8932a8609c14cf90b1aebdc83197cddda4aa4e3e599f1e0016a63d942e?s=96&d=mm&r=g\",\"url\":\"https:\\\/\\\/secure.gravatar.com\\\/avatar\\\/c014bb8932a8609c14cf90b1aebdc83197cddda4aa4e3e599f1e0016a63d942e?s=96&d=mm&r=g\",\"contentUrl\":\"https:\\\/\\\/secure.gravatar.com\\\/avatar\\\/c014bb8932a8609c14cf90b1aebdc83197cddda4aa4e3e599f1e0016a63d942e?s=96&d=mm&r=g\",\"caption\":\"JBla\u017eek\"},\"logo\":{\"@id\":\"https:\\\/\\\/secure.gravatar.com\\\/avatar\\\/c014bb8932a8609c14cf90b1aebdc83197cddda4aa4e3e599f1e0016a63d942e?s=96&d=mm&r=g\"},\"sameAs\":[\"http:\\\/\\\/foto.jablkon.cz\"],\"url\":\"https:\\\/\\\/jablkon.eu\\\/jbl\\\/author\\\/admin\\\/\"}]}<\/script>\n<!-- \/ Yoast SEO plugin. -->","yoast_head_json":{"title":"\u010certoviny pobavily t\u0159i des\u00edtky d\u011bt\u00ed - Jaroslav Bla\u017eek - fotograf","description":"Jaroslav Bla\u017eek - fotograf","robots":{"index":"index","follow":"follow","max-snippet":"max-snippet:-1","max-image-preview":"max-image-preview:large","max-video-preview":"max-video-preview:-1"},"canonical":"https:\/\/jablkon.eu\/jbl\/pilnikov\/certoviny-2013\/","og_locale":"cs_CZ","og_type":"article","og_title":"\u010certoviny pobavily t\u0159i des\u00edtky d\u011bt\u00ed - Jaroslav Bla\u017eek - fotograf","og_description":"Jaroslav Bla\u017eek - fotograf","og_url":"https:\/\/jablkon.eu\/jbl\/pilnikov\/certoviny-2013\/","og_site_name":"Jaroslav Bla\u017eek - fotograf","article_published_time":"2013-12-01T19:46:47+00:00","article_modified_time":"2013-12-22T22:08:19+00:00","author":"JBla\u017eek","twitter_misc":{"Napsal(a)":"JBla\u017eek","Odhadovan\u00e1 doba \u010dten\u00ed":"1 minuta"},"schema":{"@context":"https:\/\/schema.org","@graph":[{"@type":"Article","@id":"https:\/\/jablkon.eu\/jbl\/pilnikov\/certoviny-2013\/#article","isPartOf":{"@id":"https:\/\/jablkon.eu\/jbl\/pilnikov\/certoviny-2013\/"},"author":{"name":"JBla\u017eek","@id":"https:\/\/jablkon.eu\/jbl\/#\/schema\/person\/4984d4e992f073207f693460109eac25"},"headline":"\u010certoviny pobavily t\u0159i des\u00edtky d\u011bt\u00ed","datePublished":"2013-12-01T19:46:47+00:00","dateModified":"2013-12-22T22:08:19+00:00","mainEntityOfPage":{"@id":"https:\/\/jablkon.eu\/jbl\/pilnikov\/certoviny-2013\/"},"wordCount":235,"publisher":{"@id":"https:\/\/jablkon.eu\/jbl\/#\/schema\/person\/4984d4e992f073207f693460109eac25"},"keywords":["d\u011bti","kultura","Piln\u00edkov","publikov\u00e1no","video"],"articleSection":["informace z kultury","m\u011bsto Piln\u00edkov","report\u00e1\u017en\u00ed fotografie","video"],"inLanguage":"cs"},{"@type":"WebPage","@id":"https:\/\/jablkon.eu\/jbl\/pilnikov\/certoviny-2013\/","url":"https:\/\/jablkon.eu\/jbl\/pilnikov\/certoviny-2013\/","name":"\u010certoviny pobavily t\u0159i des\u00edtky d\u011bt\u00ed - Jaroslav Bla\u017eek - fotograf","isPartOf":{"@id":"https:\/\/jablkon.eu\/jbl\/#website"},"datePublished":"2013-12-01T19:46:47+00:00","dateModified":"2013-12-22T22:08:19+00:00","description":"Jaroslav Bla\u017eek - fotograf","breadcrumb":{"@id":"https:\/\/jablkon.eu\/jbl\/pilnikov\/certoviny-2013\/#breadcrumb"},"inLanguage":"cs","potentialAction":[{"@type":"ReadAction","target":["https:\/\/jablkon.eu\/jbl\/pilnikov\/certoviny-2013\/"]}]},{"@type":"BreadcrumbList","@id":"https:\/\/jablkon.eu\/jbl\/pilnikov\/certoviny-2013\/#breadcrumb","itemListElement":[{"@type":"ListItem","position":1,"name":"Dom\u016f","item":"https:\/\/jablkon.eu\/jbl\/"},{"@type":"ListItem","position":2,"name":"\u010certoviny pobavily t\u0159i des\u00edtky d\u011bt\u00ed"}]},{"@type":"WebSite","@id":"https:\/\/jablkon.eu\/jbl\/#website","url":"https:\/\/jablkon.eu\/jbl\/","name":"Jaroslav Bla\u017eek - fotograf","description":"Fotografick\u00e9 pr\u00e1ce - svatebn\u00ed, rodinn\u00e1 a portr\u00e9tn\u00ed fotografie, report\u00e1\u017ee","publisher":{"@id":"https:\/\/jablkon.eu\/jbl\/#\/schema\/person\/4984d4e992f073207f693460109eac25"},"potentialAction":[{"@type":"SearchAction","target":{"@type":"EntryPoint","urlTemplate":"https:\/\/jablkon.eu\/jbl\/?s={search_term_string}"},"query-input":{"@type":"PropertyValueSpecification","valueRequired":true,"valueName":"search_term_string"}}],"inLanguage":"cs"},{"@type":["Person","Organization"],"@id":"https:\/\/jablkon.eu\/jbl\/#\/schema\/person\/4984d4e992f073207f693460109eac25","name":"JBla\u017eek","image":{"@type":"ImageObject","inLanguage":"cs","@id":"https:\/\/secure.gravatar.com\/avatar\/c014bb8932a8609c14cf90b1aebdc83197cddda4aa4e3e599f1e0016a63d942e?s=96&d=mm&r=g","url":"https:\/\/secure.gravatar.com\/avatar\/c014bb8932a8609c14cf90b1aebdc83197cddda4aa4e3e599f1e0016a63d942e?s=96&d=mm&r=g","contentUrl":"https:\/\/secure.gravatar.com\/avatar\/c014bb8932a8609c14cf90b1aebdc83197cddda4aa4e3e599f1e0016a63d942e?s=96&d=mm&r=g","caption":"JBla\u017eek"},"logo":{"@id":"https:\/\/secure.gravatar.com\/avatar\/c014bb8932a8609c14cf90b1aebdc83197cddda4aa4e3e599f1e0016a63d942e?s=96&d=mm&r=g"},"sameAs":["http:\/\/foto.jablkon.cz"],"url":"https:\/\/jablkon.eu\/jbl\/author\/admin\/"}]}},"views":796,"_links":{"self":[{"href":"https:\/\/jablkon.eu\/jbl\/wp-json\/wp\/v2\/posts\/7801","targetHints":{"allow":["GET"]}}],"collection":[{"href":"https:\/\/jablkon.eu\/jbl\/wp-json\/wp\/v2\/posts"}],"about":[{"href":"https:\/\/jablkon.eu\/jbl\/wp-json\/wp\/v2\/types\/post"}],"author":[{"embeddable":true,"href":"https:\/\/jablkon.eu\/jbl\/wp-json\/wp\/v2\/users\/1"}],"replies":[{"embeddable":true,"href":"https:\/\/jablkon.eu\/jbl\/wp-json\/wp\/v2\/comments?post=7801"}],"version-history":[{"count":0,"href":"https:\/\/jablkon.eu\/jbl\/wp-json\/wp\/v2\/posts\/7801\/revisions"}],"wp:attachment":[{"href":"https:\/\/jablkon.eu\/jbl\/wp-json\/wp\/v2\/media?parent=7801"}],"wp:term":[{"taxonomy":"category","embeddable":true,"href":"https:\/\/jablkon.eu\/jbl\/wp-json\/wp\/v2\/categories?post=7801"},{"taxonomy":"post_tag","embeddable":true,"href":"https:\/\/jablkon.eu\/jbl\/wp-json\/wp\/v2\/tags?post=7801"}],"curies":[{"name":"wp","href":"https:\/\/api.w.org\/{rel}","templated":true}]}}