{"id":8200,"date":"2014-09-21T20:45:53","date_gmt":"2014-09-21T18:45:53","guid":{"rendered":"http:\/\/jablkon.eu\/jbl\/?p=8200"},"modified":"2015-04-14T09:55:52","modified_gmt":"2015-04-14T07:55:52","slug":"kalendar-pilnikov-2015","status":"publish","type":"post","link":"https:\/\/jablkon.eu\/jbl\/pilnikov\/pilnikovfoto\/kalendar-pilnikov-2015\/","title":{"rendered":"Kalend\u00e1\u0159 &#8222;Piln\u00edkov 2015&#8220;"},"content":{"rendered":"<p align=\"justify\">Tak\u00e9 letos jsme se rozhodli vydat kalend\u00e1\u0159 s fotografiemi z Piln\u00edkova. Tentokr\u00e1t jsme vybrali celkem 13 fotografi\u00ed pomn\u00ed\u010dk\u016f a k\u0159\u00ed\u017ek\u016f, kter\u00e9 se zde nach\u00e1z\u00ed. <span class=\"userContent\"> N\u00e1hledy v\u0161ech fotografi\u00ed vid\u00edte n\u00ed\u017ee.<\/span><\/p>\n<p align=\"justify\">Kalend\u00e1\u0159 bude m\u00edt op\u011bt form\u00e1t A3, ale tentokr\u00e1t bude na v\u00fd\u0161ku. Vyti\u0161t\u011bn bude na klasick\u00e9m leskl\u00e9m k\u0159\u00eddov\u00e9m pap\u00edru, 200 g\/m2.<\/p>\n<p>Cena 250,- K\u010d.<\/p>\n<p>Objedn\u00e1vat m\u016f\u017eete na e-mailu <a href=\"mailto:kalendar@jablkon.eu\" target=\"_blank\">kalendar@jablkon.eu<\/a>.<\/p>\n<p><em>N\u00e1hledy kliknut\u00edm zv\u011bt\u0161\u00edte.<\/em><\/p>\n<div id=\"attachment_8202\" style=\"width: 421px\" class=\"wp-caption aligncenter\"><a href=\"https:\/\/jablkon.eu\/jbl\/wp-content\/uploads\/2014\/09\/nahledy.jpg\"><img loading=\"lazy\" decoding=\"async\" aria-describedby=\"caption-attachment-8202\" class=\" wp-image-8202\" src=\"https:\/\/jablkon.eu\/jbl\/wp-content\/uploads\/2014\/09\/nahledy-300x248.jpg\" alt=\"Kalend\u00e1\u0159 &quot;Piln\u00edkov 2015&quot;\" width=\"411\" height=\"340\" srcset=\"https:\/\/jablkon.eu\/jbl\/wp-content\/uploads\/2014\/09\/nahledy-300x248.jpg 300w, https:\/\/jablkon.eu\/jbl\/wp-content\/uploads\/2014\/09\/nahledy.jpg 768w\" sizes=\"auto, (max-width: 411px) 100vw, 411px\" \/><\/a><p id=\"caption-attachment-8202\" class=\"wp-caption-text\">Kalend\u00e1\u0159 &#8222;Piln\u00edkov 2015&#8220;<\/p><\/div>\n<h3>Souvisej\u00edc\u00ed obr\u00e1zky:<\/h3>","protected":false},"excerpt":{"rendered":"<p>Tak\u00e9 letos jsme se rozhodli vydat kalend\u00e1\u0159 s fotografiemi z Piln\u00edkova. Tentokr\u00e1t jsme vybrali celkem 13 fotografi\u00ed pomn\u00ed\u010dk\u016f a k\u0159\u00ed\u017ek\u016f, kter\u00e9 se zde nach\u00e1z\u00ed. N\u00e1hledy v\u0161ech fotografi\u00ed vid\u00edte n\u00ed\u017ee. Kalend\u00e1\u0159 bude m\u00edt op\u011bt form\u00e1t A3, ale tentokr\u00e1t bude na v\u00fd\u0161ku. &hellip; <a href=\"https:\/\/jablkon.eu\/jbl\/pilnikov\/pilnikovfoto\/kalendar-pilnikov-2015\/\">Cel\u00fd p\u0159\u00edsp\u011bvek <span class=\"meta-nav\">&rarr;<\/span><\/a><\/p>\n","protected":false},"author":1,"featured_media":0,"comment_status":"closed","ping_status":"open","sticky":false,"template":"","format":"standard","meta":{"ngg_post_thumbnail":0,"footnotes":""},"categories":[11,92,7,9,6],"tags":[55,76,47,50,89,46,99],"class_list":["post-8200","post","type-post","status-publish","format-standard","hentry","category-dochovane-historicke-pamatky","category-krajinarska-fotografie","category-pilnikov","category-pilnikovhistorie","category-pilnikovfoto","tag-historie","tag-kostel","tag-kultura","tag-pamatkova-zona","tag-pamatky","tag-pilnikov-2","tag-pomnicky"],"yoast_head":"<!-- This site is optimized with the Yoast SEO plugin v27.5 - https:\/\/yoast.com\/product\/yoast-seo-wordpress\/ -->\n<title>Kalend\u00e1\u0159 &quot;Piln\u00edkov 2015&quot; - Jaroslav Bla\u017eek - fotograf<\/title>\n<meta name=\"description\" content=\"I letos vy\u0161el kalend\u00e1\u0159 s t\u00e9matem Piln\u00edkova. Tentokr\u00e1t seznamuje se zn\u00e1m\u00fdmi i m\u00e9n\u011b zn\u00e1m\u00fdmi pam\u00e1tkami Piln\u00edkova a jeho nejbli\u017e\u0161\u00edho okol\u00ed.\" \/>\n<meta name=\"robots\" content=\"index, follow, max-snippet:-1, max-image-preview:large, max-video-preview:-1\" \/>\n<link rel=\"canonical\" href=\"https:\/\/jablkon.eu\/jbl\/pilnikov\/pilnikovfoto\/kalendar-pilnikov-2015\/\" \/>\n<meta property=\"og:locale\" content=\"cs_CZ\" \/>\n<meta property=\"og:type\" content=\"article\" \/>\n<meta property=\"og:title\" content=\"Kalend\u00e1\u0159 &quot;Piln\u00edkov 2015&quot; - Jaroslav Bla\u017eek - fotograf\" \/>\n<meta property=\"og:description\" content=\"I letos vy\u0161el kalend\u00e1\u0159 s t\u00e9matem Piln\u00edkova. Tentokr\u00e1t seznamuje se zn\u00e1m\u00fdmi i m\u00e9n\u011b zn\u00e1m\u00fdmi pam\u00e1tkami Piln\u00edkova a jeho nejbli\u017e\u0161\u00edho okol\u00ed.\" \/>\n<meta property=\"og:url\" content=\"https:\/\/jablkon.eu\/jbl\/pilnikov\/pilnikovfoto\/kalendar-pilnikov-2015\/\" \/>\n<meta property=\"og:site_name\" content=\"Jaroslav Bla\u017eek - fotograf\" \/>\n<meta property=\"article:published_time\" content=\"2014-09-21T18:45:53+00:00\" \/>\n<meta property=\"article:modified_time\" content=\"2015-04-14T07:55:52+00:00\" \/>\n<meta property=\"og:image\" content=\"http:\/\/jablkon.eu\/jbl\/wp-content\/uploads\/2014\/09\/nahledy-300x248.jpg\" \/>\n<meta name=\"author\" content=\"JBla\u017eek\" \/>\n<meta name=\"twitter:label1\" content=\"Napsal(a)\" \/>\n\t<meta name=\"twitter:data1\" content=\"JBla\u017eek\" \/>\n<script type=\"application\/ld+json\" class=\"yoast-schema-graph\">{\"@context\":\"https:\\\/\\\/schema.org\",\"@graph\":[{\"@type\":\"Article\",\"@id\":\"https:\\\/\\\/jablkon.eu\\\/jbl\\\/pilnikov\\\/pilnikovfoto\\\/kalendar-pilnikov-2015\\\/#article\",\"isPartOf\":{\"@id\":\"https:\\\/\\\/jablkon.eu\\\/jbl\\\/pilnikov\\\/pilnikovfoto\\\/kalendar-pilnikov-2015\\\/\"},\"author\":{\"name\":\"JBla\u017eek\",\"@id\":\"https:\\\/\\\/jablkon.eu\\\/jbl\\\/#\\\/schema\\\/person\\\/4984d4e992f073207f693460109eac25\"},\"headline\":\"Kalend\u00e1\u0159 &#8222;Piln\u00edkov 2015&#8220;\",\"datePublished\":\"2014-09-21T18:45:53+00:00\",\"dateModified\":\"2015-04-14T07:55:52+00:00\",\"mainEntityOfPage\":{\"@id\":\"https:\\\/\\\/jablkon.eu\\\/jbl\\\/pilnikov\\\/pilnikovfoto\\\/kalendar-pilnikov-2015\\\/\"},\"wordCount\":102,\"publisher\":{\"@id\":\"https:\\\/\\\/jablkon.eu\\\/jbl\\\/#\\\/schema\\\/person\\\/4984d4e992f073207f693460109eac25\"},\"image\":{\"@id\":\"https:\\\/\\\/jablkon.eu\\\/jbl\\\/pilnikov\\\/pilnikovfoto\\\/kalendar-pilnikov-2015\\\/#primaryimage\"},\"thumbnailUrl\":\"http:\\\/\\\/jablkon.eu\\\/jbl\\\/wp-content\\\/uploads\\\/2014\\\/09\\\/nahledy-300x248.jpg\",\"keywords\":[\"historie\",\"kostel\",\"kultura\",\"pam\u00e1tkov\u00e1 z\u00f3na\",\"pam\u00e1tky\",\"Piln\u00edkov\",\"pomn\u00ed\u010dky\"],\"articleSection\":[\"historick\u00e9 pam\u00e1tky\",\"krajin\u00e1\u0159sk\u00e1 fotografie\",\"m\u011bsto Piln\u00edkov\",\"n\u011bco z historie\",\"Piln\u00edkovsk\u00e9 fotografie\"],\"inLanguage\":\"cs\"},{\"@type\":\"WebPage\",\"@id\":\"https:\\\/\\\/jablkon.eu\\\/jbl\\\/pilnikov\\\/pilnikovfoto\\\/kalendar-pilnikov-2015\\\/\",\"url\":\"https:\\\/\\\/jablkon.eu\\\/jbl\\\/pilnikov\\\/pilnikovfoto\\\/kalendar-pilnikov-2015\\\/\",\"name\":\"Kalend\u00e1\u0159 \\\"Piln\u00edkov 2015\\\" - Jaroslav Bla\u017eek - fotograf\",\"isPartOf\":{\"@id\":\"https:\\\/\\\/jablkon.eu\\\/jbl\\\/#website\"},\"primaryImageOfPage\":{\"@id\":\"https:\\\/\\\/jablkon.eu\\\/jbl\\\/pilnikov\\\/pilnikovfoto\\\/kalendar-pilnikov-2015\\\/#primaryimage\"},\"image\":{\"@id\":\"https:\\\/\\\/jablkon.eu\\\/jbl\\\/pilnikov\\\/pilnikovfoto\\\/kalendar-pilnikov-2015\\\/#primaryimage\"},\"thumbnailUrl\":\"http:\\\/\\\/jablkon.eu\\\/jbl\\\/wp-content\\\/uploads\\\/2014\\\/09\\\/nahledy-300x248.jpg\",\"datePublished\":\"2014-09-21T18:45:53+00:00\",\"dateModified\":\"2015-04-14T07:55:52+00:00\",\"description\":\"I letos vy\u0161el kalend\u00e1\u0159 s t\u00e9matem Piln\u00edkova. Tentokr\u00e1t seznamuje se zn\u00e1m\u00fdmi i m\u00e9n\u011b zn\u00e1m\u00fdmi pam\u00e1tkami Piln\u00edkova a jeho nejbli\u017e\u0161\u00edho okol\u00ed.\",\"breadcrumb\":{\"@id\":\"https:\\\/\\\/jablkon.eu\\\/jbl\\\/pilnikov\\\/pilnikovfoto\\\/kalendar-pilnikov-2015\\\/#breadcrumb\"},\"inLanguage\":\"cs\",\"potentialAction\":[{\"@type\":\"ReadAction\",\"target\":[\"https:\\\/\\\/jablkon.eu\\\/jbl\\\/pilnikov\\\/pilnikovfoto\\\/kalendar-pilnikov-2015\\\/\"]}]},{\"@type\":\"ImageObject\",\"inLanguage\":\"cs\",\"@id\":\"https:\\\/\\\/jablkon.eu\\\/jbl\\\/pilnikov\\\/pilnikovfoto\\\/kalendar-pilnikov-2015\\\/#primaryimage\",\"url\":\"https:\\\/\\\/jablkon.eu\\\/jbl\\\/wp-content\\\/uploads\\\/2014\\\/09\\\/nahledy.jpg\",\"contentUrl\":\"https:\\\/\\\/jablkon.eu\\\/jbl\\\/wp-content\\\/uploads\\\/2014\\\/09\\\/nahledy.jpg\",\"width\":768,\"height\":635,\"caption\":\"Kalend\u00e1\u0159 \\\"Piln\u00edkov 2015\\\"\"},{\"@type\":\"BreadcrumbList\",\"@id\":\"https:\\\/\\\/jablkon.eu\\\/jbl\\\/pilnikov\\\/pilnikovfoto\\\/kalendar-pilnikov-2015\\\/#breadcrumb\",\"itemListElement\":[{\"@type\":\"ListItem\",\"position\":1,\"name\":\"Dom\u016f\",\"item\":\"https:\\\/\\\/jablkon.eu\\\/jbl\\\/\"},{\"@type\":\"ListItem\",\"position\":2,\"name\":\"Kalend\u00e1\u0159 &#8220;Piln\u00edkov 2015&#8221;\"}]},{\"@type\":\"WebSite\",\"@id\":\"https:\\\/\\\/jablkon.eu\\\/jbl\\\/#website\",\"url\":\"https:\\\/\\\/jablkon.eu\\\/jbl\\\/\",\"name\":\"Jaroslav Bla\u017eek - fotograf\",\"description\":\"Fotografick\u00e9 pr\u00e1ce - svatebn\u00ed, rodinn\u00e1 a portr\u00e9tn\u00ed fotografie, report\u00e1\u017ee\",\"publisher\":{\"@id\":\"https:\\\/\\\/jablkon.eu\\\/jbl\\\/#\\\/schema\\\/person\\\/4984d4e992f073207f693460109eac25\"},\"potentialAction\":[{\"@type\":\"SearchAction\",\"target\":{\"@type\":\"EntryPoint\",\"urlTemplate\":\"https:\\\/\\\/jablkon.eu\\\/jbl\\\/?s={search_term_string}\"},\"query-input\":{\"@type\":\"PropertyValueSpecification\",\"valueRequired\":true,\"valueName\":\"search_term_string\"}}],\"inLanguage\":\"cs\"},{\"@type\":[\"Person\",\"Organization\"],\"@id\":\"https:\\\/\\\/jablkon.eu\\\/jbl\\\/#\\\/schema\\\/person\\\/4984d4e992f073207f693460109eac25\",\"name\":\"JBla\u017eek\",\"image\":{\"@type\":\"ImageObject\",\"inLanguage\":\"cs\",\"@id\":\"https:\\\/\\\/secure.gravatar.com\\\/avatar\\\/c014bb8932a8609c14cf90b1aebdc83197cddda4aa4e3e599f1e0016a63d942e?s=96&d=mm&r=g\",\"url\":\"https:\\\/\\\/secure.gravatar.com\\\/avatar\\\/c014bb8932a8609c14cf90b1aebdc83197cddda4aa4e3e599f1e0016a63d942e?s=96&d=mm&r=g\",\"contentUrl\":\"https:\\\/\\\/secure.gravatar.com\\\/avatar\\\/c014bb8932a8609c14cf90b1aebdc83197cddda4aa4e3e599f1e0016a63d942e?s=96&d=mm&r=g\",\"caption\":\"JBla\u017eek\"},\"logo\":{\"@id\":\"https:\\\/\\\/secure.gravatar.com\\\/avatar\\\/c014bb8932a8609c14cf90b1aebdc83197cddda4aa4e3e599f1e0016a63d942e?s=96&d=mm&r=g\"},\"sameAs\":[\"http:\\\/\\\/foto.jablkon.cz\"],\"url\":\"https:\\\/\\\/jablkon.eu\\\/jbl\\\/author\\\/admin\\\/\"}]}<\/script>\n<!-- \/ Yoast SEO plugin. -->","yoast_head_json":{"title":"Kalend\u00e1\u0159 \"Piln\u00edkov 2015\" - Jaroslav Bla\u017eek - fotograf","description":"I letos vy\u0161el kalend\u00e1\u0159 s t\u00e9matem Piln\u00edkova. Tentokr\u00e1t seznamuje se zn\u00e1m\u00fdmi i m\u00e9n\u011b zn\u00e1m\u00fdmi pam\u00e1tkami Piln\u00edkova a jeho nejbli\u017e\u0161\u00edho okol\u00ed.","robots":{"index":"index","follow":"follow","max-snippet":"max-snippet:-1","max-image-preview":"max-image-preview:large","max-video-preview":"max-video-preview:-1"},"canonical":"https:\/\/jablkon.eu\/jbl\/pilnikov\/pilnikovfoto\/kalendar-pilnikov-2015\/","og_locale":"cs_CZ","og_type":"article","og_title":"Kalend\u00e1\u0159 \"Piln\u00edkov 2015\" - Jaroslav Bla\u017eek - fotograf","og_description":"I letos vy\u0161el kalend\u00e1\u0159 s t\u00e9matem Piln\u00edkova. Tentokr\u00e1t seznamuje se zn\u00e1m\u00fdmi i m\u00e9n\u011b zn\u00e1m\u00fdmi pam\u00e1tkami Piln\u00edkova a jeho nejbli\u017e\u0161\u00edho okol\u00ed.","og_url":"https:\/\/jablkon.eu\/jbl\/pilnikov\/pilnikovfoto\/kalendar-pilnikov-2015\/","og_site_name":"Jaroslav Bla\u017eek - fotograf","article_published_time":"2014-09-21T18:45:53+00:00","article_modified_time":"2015-04-14T07:55:52+00:00","og_image":[{"url":"http:\/\/jablkon.eu\/jbl\/wp-content\/uploads\/2014\/09\/nahledy-300x248.jpg","type":"","width":"","height":""}],"author":"JBla\u017eek","twitter_misc":{"Napsal(a)":"JBla\u017eek"},"schema":{"@context":"https:\/\/schema.org","@graph":[{"@type":"Article","@id":"https:\/\/jablkon.eu\/jbl\/pilnikov\/pilnikovfoto\/kalendar-pilnikov-2015\/#article","isPartOf":{"@id":"https:\/\/jablkon.eu\/jbl\/pilnikov\/pilnikovfoto\/kalendar-pilnikov-2015\/"},"author":{"name":"JBla\u017eek","@id":"https:\/\/jablkon.eu\/jbl\/#\/schema\/person\/4984d4e992f073207f693460109eac25"},"headline":"Kalend\u00e1\u0159 &#8222;Piln\u00edkov 2015&#8220;","datePublished":"2014-09-21T18:45:53+00:00","dateModified":"2015-04-14T07:55:52+00:00","mainEntityOfPage":{"@id":"https:\/\/jablkon.eu\/jbl\/pilnikov\/pilnikovfoto\/kalendar-pilnikov-2015\/"},"wordCount":102,"publisher":{"@id":"https:\/\/jablkon.eu\/jbl\/#\/schema\/person\/4984d4e992f073207f693460109eac25"},"image":{"@id":"https:\/\/jablkon.eu\/jbl\/pilnikov\/pilnikovfoto\/kalendar-pilnikov-2015\/#primaryimage"},"thumbnailUrl":"http:\/\/jablkon.eu\/jbl\/wp-content\/uploads\/2014\/09\/nahledy-300x248.jpg","keywords":["historie","kostel","kultura","pam\u00e1tkov\u00e1 z\u00f3na","pam\u00e1tky","Piln\u00edkov","pomn\u00ed\u010dky"],"articleSection":["historick\u00e9 pam\u00e1tky","krajin\u00e1\u0159sk\u00e1 fotografie","m\u011bsto Piln\u00edkov","n\u011bco z historie","Piln\u00edkovsk\u00e9 fotografie"],"inLanguage":"cs"},{"@type":"WebPage","@id":"https:\/\/jablkon.eu\/jbl\/pilnikov\/pilnikovfoto\/kalendar-pilnikov-2015\/","url":"https:\/\/jablkon.eu\/jbl\/pilnikov\/pilnikovfoto\/kalendar-pilnikov-2015\/","name":"Kalend\u00e1\u0159 \"Piln\u00edkov 2015\" - Jaroslav Bla\u017eek - fotograf","isPartOf":{"@id":"https:\/\/jablkon.eu\/jbl\/#website"},"primaryImageOfPage":{"@id":"https:\/\/jablkon.eu\/jbl\/pilnikov\/pilnikovfoto\/kalendar-pilnikov-2015\/#primaryimage"},"image":{"@id":"https:\/\/jablkon.eu\/jbl\/pilnikov\/pilnikovfoto\/kalendar-pilnikov-2015\/#primaryimage"},"thumbnailUrl":"http:\/\/jablkon.eu\/jbl\/wp-content\/uploads\/2014\/09\/nahledy-300x248.jpg","datePublished":"2014-09-21T18:45:53+00:00","dateModified":"2015-04-14T07:55:52+00:00","description":"I letos vy\u0161el kalend\u00e1\u0159 s t\u00e9matem Piln\u00edkova. Tentokr\u00e1t seznamuje se zn\u00e1m\u00fdmi i m\u00e9n\u011b zn\u00e1m\u00fdmi pam\u00e1tkami Piln\u00edkova a jeho nejbli\u017e\u0161\u00edho okol\u00ed.","breadcrumb":{"@id":"https:\/\/jablkon.eu\/jbl\/pilnikov\/pilnikovfoto\/kalendar-pilnikov-2015\/#breadcrumb"},"inLanguage":"cs","potentialAction":[{"@type":"ReadAction","target":["https:\/\/jablkon.eu\/jbl\/pilnikov\/pilnikovfoto\/kalendar-pilnikov-2015\/"]}]},{"@type":"ImageObject","inLanguage":"cs","@id":"https:\/\/jablkon.eu\/jbl\/pilnikov\/pilnikovfoto\/kalendar-pilnikov-2015\/#primaryimage","url":"https:\/\/jablkon.eu\/jbl\/wp-content\/uploads\/2014\/09\/nahledy.jpg","contentUrl":"https:\/\/jablkon.eu\/jbl\/wp-content\/uploads\/2014\/09\/nahledy.jpg","width":768,"height":635,"caption":"Kalend\u00e1\u0159 \"Piln\u00edkov 2015\""},{"@type":"BreadcrumbList","@id":"https:\/\/jablkon.eu\/jbl\/pilnikov\/pilnikovfoto\/kalendar-pilnikov-2015\/#breadcrumb","itemListElement":[{"@type":"ListItem","position":1,"name":"Dom\u016f","item":"https:\/\/jablkon.eu\/jbl\/"},{"@type":"ListItem","position":2,"name":"Kalend\u00e1\u0159 &#8220;Piln\u00edkov 2015&#8221;"}]},{"@type":"WebSite","@id":"https:\/\/jablkon.eu\/jbl\/#website","url":"https:\/\/jablkon.eu\/jbl\/","name":"Jaroslav Bla\u017eek - fotograf","description":"Fotografick\u00e9 pr\u00e1ce - svatebn\u00ed, rodinn\u00e1 a portr\u00e9tn\u00ed fotografie, report\u00e1\u017ee","publisher":{"@id":"https:\/\/jablkon.eu\/jbl\/#\/schema\/person\/4984d4e992f073207f693460109eac25"},"potentialAction":[{"@type":"SearchAction","target":{"@type":"EntryPoint","urlTemplate":"https:\/\/jablkon.eu\/jbl\/?s={search_term_string}"},"query-input":{"@type":"PropertyValueSpecification","valueRequired":true,"valueName":"search_term_string"}}],"inLanguage":"cs"},{"@type":["Person","Organization"],"@id":"https:\/\/jablkon.eu\/jbl\/#\/schema\/person\/4984d4e992f073207f693460109eac25","name":"JBla\u017eek","image":{"@type":"ImageObject","inLanguage":"cs","@id":"https:\/\/secure.gravatar.com\/avatar\/c014bb8932a8609c14cf90b1aebdc83197cddda4aa4e3e599f1e0016a63d942e?s=96&d=mm&r=g","url":"https:\/\/secure.gravatar.com\/avatar\/c014bb8932a8609c14cf90b1aebdc83197cddda4aa4e3e599f1e0016a63d942e?s=96&d=mm&r=g","contentUrl":"https:\/\/secure.gravatar.com\/avatar\/c014bb8932a8609c14cf90b1aebdc83197cddda4aa4e3e599f1e0016a63d942e?s=96&d=mm&r=g","caption":"JBla\u017eek"},"logo":{"@id":"https:\/\/secure.gravatar.com\/avatar\/c014bb8932a8609c14cf90b1aebdc83197cddda4aa4e3e599f1e0016a63d942e?s=96&d=mm&r=g"},"sameAs":["http:\/\/foto.jablkon.cz"],"url":"https:\/\/jablkon.eu\/jbl\/author\/admin\/"}]}},"views":1129,"_links":{"self":[{"href":"https:\/\/jablkon.eu\/jbl\/wp-json\/wp\/v2\/posts\/8200","targetHints":{"allow":["GET"]}}],"collection":[{"href":"https:\/\/jablkon.eu\/jbl\/wp-json\/wp\/v2\/posts"}],"about":[{"href":"https:\/\/jablkon.eu\/jbl\/wp-json\/wp\/v2\/types\/post"}],"author":[{"embeddable":true,"href":"https:\/\/jablkon.eu\/jbl\/wp-json\/wp\/v2\/users\/1"}],"replies":[{"embeddable":true,"href":"https:\/\/jablkon.eu\/jbl\/wp-json\/wp\/v2\/comments?post=8200"}],"version-history":[{"count":0,"href":"https:\/\/jablkon.eu\/jbl\/wp-json\/wp\/v2\/posts\/8200\/revisions"}],"wp:attachment":[{"href":"https:\/\/jablkon.eu\/jbl\/wp-json\/wp\/v2\/media?parent=8200"}],"wp:term":[{"taxonomy":"category","embeddable":true,"href":"https:\/\/jablkon.eu\/jbl\/wp-json\/wp\/v2\/categories?post=8200"},{"taxonomy":"post_tag","embeddable":true,"href":"https:\/\/jablkon.eu\/jbl\/wp-json\/wp\/v2\/tags?post=8200"}],"curies":[{"name":"wp","href":"https:\/\/api.w.org\/{rel}","templated":true}]}}