{"id":8210,"date":"2014-09-27T19:41:38","date_gmt":"2014-09-27T17:41:38","guid":{"rendered":"http:\/\/jablkon.eu\/jbl\/?p=8210"},"modified":"2014-09-29T17:46:47","modified_gmt":"2014-09-29T15:46:47","slug":"den-mesta-2014","status":"publish","type":"post","link":"https:\/\/jablkon.eu\/jbl\/pilnikov\/den-mesta-2014\/","title":{"rendered":"Den m\u011bsta 2014: 500. v\u00fdro\u010d\u00ed pov\u00fd\u0161en\u00ed Piln\u00edkova na m\u011bsto"},"content":{"rendered":"<p align=\"justify\">V sobotu 27. z\u00e1\u0159\u00ed 2014 se v Piln\u00edkov\u011b konaly ji\u017e osm\u00e9 m\u011bstsk\u00e9 slavnosti. Leto\u0161n\u00ed slavnosti se konaly u p\u0159\u00edle\u017eitosti <strong>500. v\u00fdro\u010d\u00ed pov\u00fd\u0161en\u00ed Piln\u00edkova na m\u011bsto<\/strong>, co\u017e se ale stalo 20.\u00a0b\u0159ezna 1514 za vl\u00e1dy kr\u00e1le Vladislava IV., jeho\u017e byla ves majetkem. P\u0159i t\u00e9to p\u0159\u00edle\u017eitosti byl tak\u00e9 m\u011bstu ud\u011blen znak.<\/p>\n<p align=\"justify\">Na organizaci dne m\u011bsta se pod\u00edleli Z\u0160 a M\u0160 Piln\u00edkov, Mysliveck\u00e9 sdru\u017een\u00ed Krakono\u0161, MS \u010cesk\u00e9ho ryb\u00e1\u0159sk\u00e9ho svazu, Spartak Piln\u00edkov a SDH Piln\u00edkov. Jako host\u00e9 se slavnost\u00ed z\u00fa\u010dastnila tak\u00e9 delegace b\u00fdval\u00fdch obyvatel z N\u011bmecka.<\/p>\n<p align=\"justify\">V \u00favodn\u00edm projevu p\u0159iv\u00edtal v\u0161echny n\u00e1v\u0161t\u011bvn\u00edky starosta m\u011bsta Haken, kter\u00fd z\u00e1rove\u0148 v\u0161echny sezn\u00e1mil se stru\u010dnou histori\u00ed m\u011bsta. Na jeho projev nav\u00e1zal Dr. Johannes Gottwald, vedouc\u00ed n\u011bmeck\u00e9 delegace.<\/p>\n<p align=\"justify\">Po \u00favodn\u00edch projevech za\u010dalo vystoupen\u00ed d\u011bt\u00ed z m\u00edstn\u00ed z\u00e1kladn\u00ed \u0161koly. V t\u00e9\u017ee dob\u011b v\u0161ak p\u0159il\u00e9tl \u017elut\u00fd vrtuln\u00edk, kter\u00fd nejprve oblet\u011bl n\u011bkolikr\u00e1t kolem Piln\u00edkova a potom p\u0159ist\u00e1l na m\u00edstn\u00edm fotbalov\u00e9m h\u0159i\u0161ti, tak\u017ee se v\u011bt\u0161ina n\u00e1v\u0161t\u011bvn\u00edk\u016f p\u0159esunula tam. Vrtuln\u00edk byl uzp\u016fsoben pro vyhl\u00eddkov\u00e9 lety a m\u011bl \u010dty\u0159i m\u00edsta pro pasa\u017e\u00e9ry. Do vrtuln\u00edku nastoupili t\u0159i p\u0159edstavitel\u00e9 z veden\u00ed m\u011bsta a odlet\u011bli na vyhl\u00eddkov\u00fd let. Po jejich n\u00e1vratu vrtuln\u00edk odlet\u011bl a ji\u017e se nevr\u00e1til. Tak\u017ee \u017e\u00e1dn\u00e9 vyhl\u00eddkov\u00e9 lety pro ve\u0159ejnost&#8230;<\/p>\n<p align=\"justify\">Mezit\u00edm na p\u00f3diu dokon\u010dili sv\u00e1 vystoupen\u00ed \u017e\u00e1ci m\u00edstn\u00ed z\u00e1kladn\u00ed \u0161koly, po kter\u00fdch zazp\u00edval soubor V\u00edt\u011bz\u0148\u00e1\u010dek ze z\u00e1kladn\u00ed \u0161koly ze sousedn\u00ed obce V\u00edt\u011bzn\u00e1 a pot\u00e9 ji\u017e podium pat\u0159ilo loutkov\u00e9mu divadlu Kozl\u00edk z Hradce Kr\u00e1lov\u00e9.<\/p>\n<p align=\"justify\">Na fotbalov\u00e9m h\u0159i\u0161ti byla uspo\u0159\u00e1d\u00e1na velk\u00e1 p\u0159ehl\u00eddka dravc\u016f s letov\u00fdmi uk\u00e1zkami <em>(sou\u010dasn\u011b prob\u00edhalo loutkov\u00e9 divadlo na hlavn\u00edm p\u00f3diu &#8211; oboj\u00ed najednou se opravdu ned\u00e1 stihnout, ale tolik dravc\u016f tu je\u0161t\u011b nebylo&#8230;)<\/em>, kterou zajistili m\u00edstn\u00ed myslivci u spole\u010dnosti SEIFEROS cz, o.p.s.. Uk\u00e1zky byly zaj\u00edmav\u00e9, dokonce jsme si mohli i pohladit v\u00fdra, a byly prov\u00e1zeny velmi vtipn\u00fdm koment\u00e1\u0159em moder\u00e1tora. Ke konci vystoupen\u00ed moder\u00e1tor zapojil do p\u0159edstaven\u00ed i n\u011bkolik m\u00edstn\u00edch d\u011bt\u00ed.<\/p>\n<p align=\"justify\">Mezi 10 a 13 hodinou byl po dlouh\u00e9 dob\u011b otev\u0159en kostel Nejsv\u011bt\u011bj\u0161\u00ed Trojice pro v\u0161echny z\u00e1jemce k nahl\u00e9dnut\u00ed na sou\u010dasn\u00fd stav oprav. Z\u00e1jemci vid\u011bli opravenou sakristii &#8211; nyn\u00ed kapli a mohli tak\u00e9 nahl\u00e9dnout do kosteln\u00ed lodi. P\u0159ekvapiv\u011b p\u0159i\u0161lo velmi mnoho z\u00e1jemc\u016f.<\/p>\n<p align=\"justify\">Prohl\u00eddky kostela se z\u00fa\u010dastnili v\u0161ichni host\u00e9 z n\u011bmeck\u00e9 delegace, kter\u00fdm p\u0159ekl\u00e1dala b\u00fdval\u00e1 kastel\u00e1nka pan\u00ed Milu\u0161e Honcov\u00e1. Starosta p\u0159i t\u00e9to p\u0159\u00edle\u017eitosti donesl p\u016fvodn\u00ed k\u0159\u00ed\u017e, kter\u00fd byl um\u00edst\u011bn kdysi na st\u0159e\u0161e kostela.<\/p>\n<p align=\"justify\">N\u011bme\u010dt\u00ed host\u00e9 se po prohl\u00eddce vr\u00e1tili na ob\u011bd do penzionu &#8222;U Skutil\u016f&#8220;, kde jsme pro n\u011b narychlo p\u0159ipravili improvizovanou v\u00fdstavu fotografi\u00ed z kostela, o kterou n\u00e1s v kostele po\u017e\u00e1dali.<\/p>\n<p align=\"justify\">Pozd\u011bji odpoledne a ve\u010der je\u0161t\u011b vystoupily hudebn\u00ed skupiny Koneckonc\u016f, m\u00edstn\u00ed Tlupa-tlap a Jam &amp; bazar. Kdo vydr\u017eel a\u017e do setm\u011bn\u00ed, mohl shl\u00e9dnout velk\u00fd oh\u0148ostroj.<\/p>\n<p align=\"justify\">Jen je \u0161koda, \u017ee nebyl dodr\u017een zve\u0159ejn\u011bn\u00fd \u010dasov\u00fd rozvrh, proto\u017ee kdy\u017e se n\u011bkte\u0159\u00ed piln\u00edkov\u00e1ci p\u0159i\u0161li pod\u00edvat na oh\u0148ostroj, bylo ji\u017e d\u00e1vno po n\u011bm. N\u011bkdo m\u011bl toti\u017e &#8222;dobr\u00fd&#8220; n\u00e1pad jej posunout je\u0161t\u011b p\u0159ed koncert Tlupy-Tlap. A tak\u00e9 v\u0161imli jste si, \u017ee nikde nebyla vyv\u011b\u0161ena vlajka N\u011bmecka? Ale na vlajku EU, Euroregionu glacensis se nezapomn\u011blo&#8230; a\u00a0taky na vlajku Polskou a \u010ceskou. Delegace ale byla pouze z N\u011bmecka&#8230;<\/p>\n<p align=\"justify\">A to jsem zcela pominul skute\u010dnost, \u017ee kdy\u017e s patn\u00e1ctiminutov\u00fdm zpo\u017ed\u011bn\u00edm za\u010dal \u00favodn\u00ed proslov, je\u0161t\u011b st\u00e1le firma T-audio dod\u011bl\u00e1vala p\u00f3dium&#8230;<\/p>\n<p><em>Publikov\u00e1no tak\u00e9 na <a title=\"novinky.cz\" href=\"http:\/\/www.novinky.cz\/vase-zpravy\/uzivatel=3622\" target=\"_blank\">novinky.cz<\/a>.<\/em><br \/>\n<embed width=\"100%\" height=\"900\" type=\"application\/x-shockwave-flash\" src=\"http:\/\/www.jablkon.eu\/_js\/viewer.swf\" bgcolor=\"#000000\" flashvars=\"xmlDataPath=http:\/\/www.jablkon.eu\/pilnikov\/foto_akce\/2014\/0927\/foto.xml\" allownetworking=\"internal\" allowscriptaccess=\"never\" enablejavascript=\"false\"><\/embed><\/p>\n<h3>Souvisej\u00edc\u00ed obr\u00e1zky:<\/h3>","protected":false},"excerpt":{"rendered":"<p>V sobotu 27. z\u00e1\u0159\u00ed 2014 se v Piln\u00edkov\u011b konaly ji\u017e osm\u00e9 m\u011bstsk\u00e9 slavnosti. Leto\u0161n\u00ed slavnosti se konaly u p\u0159\u00edle\u017eitosti 500. v\u00fdro\u010d\u00ed pov\u00fd\u0161en\u00ed Piln\u00edkova na m\u011bsto, co\u017e se ale stalo 20.\u00a0b\u0159ezna 1514 za vl\u00e1dy kr\u00e1le Vladislava IV., jeho\u017e byla ves majetkem. &hellip; <a href=\"https:\/\/jablkon.eu\/jbl\/pilnikov\/den-mesta-2014\/\">Cel\u00fd p\u0159\u00edsp\u011bvek <span class=\"meta-nav\">&rarr;<\/span><\/a><\/p>\n","protected":false},"author":1,"featured_media":0,"comment_status":"closed","ping_status":"open","sticky":false,"template":"","format":"standard","meta":{"ngg_post_thumbnail":0,"footnotes":""},"categories":[30,10,8,7,12],"tags":[55,76,47,46,87],"class_list":["post-8210","post","type-post","status-publish","format-standard","hentry","category-den-mesta","category-pilnikovkultura","category-pilnikovkostel","category-pilnikov","category-reportaze","tag-historie","tag-kostel","tag-kultura","tag-pilnikov-2","tag-publikovano"],"yoast_head":"<!-- This site is optimized with the Yoast SEO plugin v27.5 - https:\/\/yoast.com\/product\/yoast-seo-wordpress\/ -->\n<title>Den m\u011bsta 2014: 500. v\u00fdro\u010d\u00ed pov\u00fd\u0161en\u00ed Piln\u00edkova na m\u011bsto - Jaroslav Bla\u017eek - fotograf<\/title>\n<meta name=\"description\" content=\"Jaroslav Bla\u017eek - fotograf\" \/>\n<meta name=\"robots\" content=\"index, follow, max-snippet:-1, max-image-preview:large, max-video-preview:-1\" \/>\n<link rel=\"canonical\" href=\"https:\/\/jablkon.eu\/jbl\/pilnikov\/den-mesta-2014\/\" \/>\n<meta property=\"og:locale\" content=\"cs_CZ\" \/>\n<meta property=\"og:type\" content=\"article\" \/>\n<meta property=\"og:title\" content=\"Den m\u011bsta 2014: 500. v\u00fdro\u010d\u00ed pov\u00fd\u0161en\u00ed Piln\u00edkova na m\u011bsto - Jaroslav Bla\u017eek - fotograf\" \/>\n<meta property=\"og:description\" content=\"Jaroslav Bla\u017eek - fotograf\" \/>\n<meta property=\"og:url\" content=\"https:\/\/jablkon.eu\/jbl\/pilnikov\/den-mesta-2014\/\" \/>\n<meta property=\"og:site_name\" content=\"Jaroslav Bla\u017eek - fotograf\" \/>\n<meta property=\"article:published_time\" content=\"2014-09-27T17:41:38+00:00\" \/>\n<meta property=\"article:modified_time\" content=\"2014-09-29T15:46:47+00:00\" \/>\n<meta name=\"author\" content=\"JBla\u017eek\" \/>\n<meta name=\"twitter:label1\" content=\"Napsal(a)\" \/>\n\t<meta name=\"twitter:data1\" content=\"JBla\u017eek\" \/>\n\t<meta name=\"twitter:label2\" content=\"Odhadovan\u00e1 doba \u010dten\u00ed\" \/>\n\t<meta name=\"twitter:data2\" content=\"4 minuty\" \/>\n<script type=\"application\/ld+json\" class=\"yoast-schema-graph\">{\"@context\":\"https:\\\/\\\/schema.org\",\"@graph\":[{\"@type\":\"Article\",\"@id\":\"https:\\\/\\\/jablkon.eu\\\/jbl\\\/pilnikov\\\/den-mesta-2014\\\/#article\",\"isPartOf\":{\"@id\":\"https:\\\/\\\/jablkon.eu\\\/jbl\\\/pilnikov\\\/den-mesta-2014\\\/\"},\"author\":{\"name\":\"JBla\u017eek\",\"@id\":\"https:\\\/\\\/jablkon.eu\\\/jbl\\\/#\\\/schema\\\/person\\\/4984d4e992f073207f693460109eac25\"},\"headline\":\"Den m\u011bsta 2014: 500. v\u00fdro\u010d\u00ed pov\u00fd\u0161en\u00ed Piln\u00edkova na m\u011bsto\",\"datePublished\":\"2014-09-27T17:41:38+00:00\",\"dateModified\":\"2014-09-29T15:46:47+00:00\",\"mainEntityOfPage\":{\"@id\":\"https:\\\/\\\/jablkon.eu\\\/jbl\\\/pilnikov\\\/den-mesta-2014\\\/\"},\"wordCount\":736,\"publisher\":{\"@id\":\"https:\\\/\\\/jablkon.eu\\\/jbl\\\/#\\\/schema\\\/person\\\/4984d4e992f073207f693460109eac25\"},\"keywords\":[\"historie\",\"kostel\",\"kultura\",\"Piln\u00edkov\",\"publikov\u00e1no\"],\"articleSection\":[\"den m\u011bsta\",\"informace z kultury\",\"kostel Nejsv\u011bt\u011bj\u0161\u00ed Trojice\",\"m\u011bsto Piln\u00edkov\",\"report\u00e1\u017en\u00ed fotografie\"],\"inLanguage\":\"cs\"},{\"@type\":\"WebPage\",\"@id\":\"https:\\\/\\\/jablkon.eu\\\/jbl\\\/pilnikov\\\/den-mesta-2014\\\/\",\"url\":\"https:\\\/\\\/jablkon.eu\\\/jbl\\\/pilnikov\\\/den-mesta-2014\\\/\",\"name\":\"Den m\u011bsta 2014: 500. v\u00fdro\u010d\u00ed pov\u00fd\u0161en\u00ed Piln\u00edkova na m\u011bsto - Jaroslav Bla\u017eek - fotograf\",\"isPartOf\":{\"@id\":\"https:\\\/\\\/jablkon.eu\\\/jbl\\\/#website\"},\"datePublished\":\"2014-09-27T17:41:38+00:00\",\"dateModified\":\"2014-09-29T15:46:47+00:00\",\"description\":\"Jaroslav Bla\u017eek - fotograf\",\"breadcrumb\":{\"@id\":\"https:\\\/\\\/jablkon.eu\\\/jbl\\\/pilnikov\\\/den-mesta-2014\\\/#breadcrumb\"},\"inLanguage\":\"cs\",\"potentialAction\":[{\"@type\":\"ReadAction\",\"target\":[\"https:\\\/\\\/jablkon.eu\\\/jbl\\\/pilnikov\\\/den-mesta-2014\\\/\"]}]},{\"@type\":\"BreadcrumbList\",\"@id\":\"https:\\\/\\\/jablkon.eu\\\/jbl\\\/pilnikov\\\/den-mesta-2014\\\/#breadcrumb\",\"itemListElement\":[{\"@type\":\"ListItem\",\"position\":1,\"name\":\"Dom\u016f\",\"item\":\"https:\\\/\\\/jablkon.eu\\\/jbl\\\/\"},{\"@type\":\"ListItem\",\"position\":2,\"name\":\"Den m\u011bsta 2014: 500. v\u00fdro\u010d\u00ed pov\u00fd\u0161en\u00ed Piln\u00edkova na m\u011bsto\"}]},{\"@type\":\"WebSite\",\"@id\":\"https:\\\/\\\/jablkon.eu\\\/jbl\\\/#website\",\"url\":\"https:\\\/\\\/jablkon.eu\\\/jbl\\\/\",\"name\":\"Jaroslav Bla\u017eek - fotograf\",\"description\":\"Fotografick\u00e9 pr\u00e1ce - svatebn\u00ed, rodinn\u00e1 a portr\u00e9tn\u00ed fotografie, report\u00e1\u017ee\",\"publisher\":{\"@id\":\"https:\\\/\\\/jablkon.eu\\\/jbl\\\/#\\\/schema\\\/person\\\/4984d4e992f073207f693460109eac25\"},\"potentialAction\":[{\"@type\":\"SearchAction\",\"target\":{\"@type\":\"EntryPoint\",\"urlTemplate\":\"https:\\\/\\\/jablkon.eu\\\/jbl\\\/?s={search_term_string}\"},\"query-input\":{\"@type\":\"PropertyValueSpecification\",\"valueRequired\":true,\"valueName\":\"search_term_string\"}}],\"inLanguage\":\"cs\"},{\"@type\":[\"Person\",\"Organization\"],\"@id\":\"https:\\\/\\\/jablkon.eu\\\/jbl\\\/#\\\/schema\\\/person\\\/4984d4e992f073207f693460109eac25\",\"name\":\"JBla\u017eek\",\"image\":{\"@type\":\"ImageObject\",\"inLanguage\":\"cs\",\"@id\":\"https:\\\/\\\/secure.gravatar.com\\\/avatar\\\/c014bb8932a8609c14cf90b1aebdc83197cddda4aa4e3e599f1e0016a63d942e?s=96&d=mm&r=g\",\"url\":\"https:\\\/\\\/secure.gravatar.com\\\/avatar\\\/c014bb8932a8609c14cf90b1aebdc83197cddda4aa4e3e599f1e0016a63d942e?s=96&d=mm&r=g\",\"contentUrl\":\"https:\\\/\\\/secure.gravatar.com\\\/avatar\\\/c014bb8932a8609c14cf90b1aebdc83197cddda4aa4e3e599f1e0016a63d942e?s=96&d=mm&r=g\",\"caption\":\"JBla\u017eek\"},\"logo\":{\"@id\":\"https:\\\/\\\/secure.gravatar.com\\\/avatar\\\/c014bb8932a8609c14cf90b1aebdc83197cddda4aa4e3e599f1e0016a63d942e?s=96&d=mm&r=g\"},\"sameAs\":[\"http:\\\/\\\/foto.jablkon.cz\"],\"url\":\"https:\\\/\\\/jablkon.eu\\\/jbl\\\/author\\\/admin\\\/\"}]}<\/script>\n<!-- \/ Yoast SEO plugin. -->","yoast_head_json":{"title":"Den m\u011bsta 2014: 500. v\u00fdro\u010d\u00ed pov\u00fd\u0161en\u00ed Piln\u00edkova na m\u011bsto - Jaroslav Bla\u017eek - fotograf","description":"Jaroslav Bla\u017eek - fotograf","robots":{"index":"index","follow":"follow","max-snippet":"max-snippet:-1","max-image-preview":"max-image-preview:large","max-video-preview":"max-video-preview:-1"},"canonical":"https:\/\/jablkon.eu\/jbl\/pilnikov\/den-mesta-2014\/","og_locale":"cs_CZ","og_type":"article","og_title":"Den m\u011bsta 2014: 500. v\u00fdro\u010d\u00ed pov\u00fd\u0161en\u00ed Piln\u00edkova na m\u011bsto - Jaroslav Bla\u017eek - fotograf","og_description":"Jaroslav Bla\u017eek - fotograf","og_url":"https:\/\/jablkon.eu\/jbl\/pilnikov\/den-mesta-2014\/","og_site_name":"Jaroslav Bla\u017eek - fotograf","article_published_time":"2014-09-27T17:41:38+00:00","article_modified_time":"2014-09-29T15:46:47+00:00","author":"JBla\u017eek","twitter_misc":{"Napsal(a)":"JBla\u017eek","Odhadovan\u00e1 doba \u010dten\u00ed":"4 minuty"},"schema":{"@context":"https:\/\/schema.org","@graph":[{"@type":"Article","@id":"https:\/\/jablkon.eu\/jbl\/pilnikov\/den-mesta-2014\/#article","isPartOf":{"@id":"https:\/\/jablkon.eu\/jbl\/pilnikov\/den-mesta-2014\/"},"author":{"name":"JBla\u017eek","@id":"https:\/\/jablkon.eu\/jbl\/#\/schema\/person\/4984d4e992f073207f693460109eac25"},"headline":"Den m\u011bsta 2014: 500. v\u00fdro\u010d\u00ed pov\u00fd\u0161en\u00ed Piln\u00edkova na m\u011bsto","datePublished":"2014-09-27T17:41:38+00:00","dateModified":"2014-09-29T15:46:47+00:00","mainEntityOfPage":{"@id":"https:\/\/jablkon.eu\/jbl\/pilnikov\/den-mesta-2014\/"},"wordCount":736,"publisher":{"@id":"https:\/\/jablkon.eu\/jbl\/#\/schema\/person\/4984d4e992f073207f693460109eac25"},"keywords":["historie","kostel","kultura","Piln\u00edkov","publikov\u00e1no"],"articleSection":["den m\u011bsta","informace z kultury","kostel Nejsv\u011bt\u011bj\u0161\u00ed Trojice","m\u011bsto Piln\u00edkov","report\u00e1\u017en\u00ed fotografie"],"inLanguage":"cs"},{"@type":"WebPage","@id":"https:\/\/jablkon.eu\/jbl\/pilnikov\/den-mesta-2014\/","url":"https:\/\/jablkon.eu\/jbl\/pilnikov\/den-mesta-2014\/","name":"Den m\u011bsta 2014: 500. v\u00fdro\u010d\u00ed pov\u00fd\u0161en\u00ed Piln\u00edkova na m\u011bsto - Jaroslav Bla\u017eek - fotograf","isPartOf":{"@id":"https:\/\/jablkon.eu\/jbl\/#website"},"datePublished":"2014-09-27T17:41:38+00:00","dateModified":"2014-09-29T15:46:47+00:00","description":"Jaroslav Bla\u017eek - fotograf","breadcrumb":{"@id":"https:\/\/jablkon.eu\/jbl\/pilnikov\/den-mesta-2014\/#breadcrumb"},"inLanguage":"cs","potentialAction":[{"@type":"ReadAction","target":["https:\/\/jablkon.eu\/jbl\/pilnikov\/den-mesta-2014\/"]}]},{"@type":"BreadcrumbList","@id":"https:\/\/jablkon.eu\/jbl\/pilnikov\/den-mesta-2014\/#breadcrumb","itemListElement":[{"@type":"ListItem","position":1,"name":"Dom\u016f","item":"https:\/\/jablkon.eu\/jbl\/"},{"@type":"ListItem","position":2,"name":"Den m\u011bsta 2014: 500. v\u00fdro\u010d\u00ed pov\u00fd\u0161en\u00ed Piln\u00edkova na m\u011bsto"}]},{"@type":"WebSite","@id":"https:\/\/jablkon.eu\/jbl\/#website","url":"https:\/\/jablkon.eu\/jbl\/","name":"Jaroslav Bla\u017eek - fotograf","description":"Fotografick\u00e9 pr\u00e1ce - svatebn\u00ed, rodinn\u00e1 a portr\u00e9tn\u00ed fotografie, report\u00e1\u017ee","publisher":{"@id":"https:\/\/jablkon.eu\/jbl\/#\/schema\/person\/4984d4e992f073207f693460109eac25"},"potentialAction":[{"@type":"SearchAction","target":{"@type":"EntryPoint","urlTemplate":"https:\/\/jablkon.eu\/jbl\/?s={search_term_string}"},"query-input":{"@type":"PropertyValueSpecification","valueRequired":true,"valueName":"search_term_string"}}],"inLanguage":"cs"},{"@type":["Person","Organization"],"@id":"https:\/\/jablkon.eu\/jbl\/#\/schema\/person\/4984d4e992f073207f693460109eac25","name":"JBla\u017eek","image":{"@type":"ImageObject","inLanguage":"cs","@id":"https:\/\/secure.gravatar.com\/avatar\/c014bb8932a8609c14cf90b1aebdc83197cddda4aa4e3e599f1e0016a63d942e?s=96&d=mm&r=g","url":"https:\/\/secure.gravatar.com\/avatar\/c014bb8932a8609c14cf90b1aebdc83197cddda4aa4e3e599f1e0016a63d942e?s=96&d=mm&r=g","contentUrl":"https:\/\/secure.gravatar.com\/avatar\/c014bb8932a8609c14cf90b1aebdc83197cddda4aa4e3e599f1e0016a63d942e?s=96&d=mm&r=g","caption":"JBla\u017eek"},"logo":{"@id":"https:\/\/secure.gravatar.com\/avatar\/c014bb8932a8609c14cf90b1aebdc83197cddda4aa4e3e599f1e0016a63d942e?s=96&d=mm&r=g"},"sameAs":["http:\/\/foto.jablkon.cz"],"url":"https:\/\/jablkon.eu\/jbl\/author\/admin\/"}]}},"views":1294,"_links":{"self":[{"href":"https:\/\/jablkon.eu\/jbl\/wp-json\/wp\/v2\/posts\/8210","targetHints":{"allow":["GET"]}}],"collection":[{"href":"https:\/\/jablkon.eu\/jbl\/wp-json\/wp\/v2\/posts"}],"about":[{"href":"https:\/\/jablkon.eu\/jbl\/wp-json\/wp\/v2\/types\/post"}],"author":[{"embeddable":true,"href":"https:\/\/jablkon.eu\/jbl\/wp-json\/wp\/v2\/users\/1"}],"replies":[{"embeddable":true,"href":"https:\/\/jablkon.eu\/jbl\/wp-json\/wp\/v2\/comments?post=8210"}],"version-history":[{"count":0,"href":"https:\/\/jablkon.eu\/jbl\/wp-json\/wp\/v2\/posts\/8210\/revisions"}],"wp:attachment":[{"href":"https:\/\/jablkon.eu\/jbl\/wp-json\/wp\/v2\/media?parent=8210"}],"wp:term":[{"taxonomy":"category","embeddable":true,"href":"https:\/\/jablkon.eu\/jbl\/wp-json\/wp\/v2\/categories?post=8210"},{"taxonomy":"post_tag","embeddable":true,"href":"https:\/\/jablkon.eu\/jbl\/wp-json\/wp\/v2\/tags?post=8210"}],"curies":[{"name":"wp","href":"https:\/\/api.w.org\/{rel}","templated":true}]}}