{"id":8253,"date":"2014-10-14T18:37:37","date_gmt":"2014-10-14T16:37:37","guid":{"rendered":"http:\/\/jablkon.eu\/jbl\/?p=8253"},"modified":"2014-10-26T21:42:42","modified_gmt":"2014-10-26T20:42:42","slug":"vetrna-elektrarna-2014","status":"publish","type":"post","link":"https:\/\/jablkon.eu\/jbl\/pilnikov\/vetrna-elektrarna-2014\/","title":{"rendered":"V\u011btrn\u00e1 elektr\u00e1rna"},"content":{"rendered":"<p align=\"justify\">V Piln\u00edkov\u011b asi nen\u00ed nikdo, kdo by si nev\u0161iml, \u017ee na kopci nad Piln\u00edkovem, pobl\u00ed\u017ee obce V\u00edt\u011bzn\u00e1, roste nov\u00fd v\u011btrn\u00edk &#8211; t\u00e9m\u011b\u0159 na sam\u00e9m vrcholu kopce Smrk &#8211; ve v\u00fd\u0161ce 555 m n.m. (Smrk je vysok\u00fd 584 m n. m.) &#8211; se stav\u00ed zat\u00edm nejv\u011bt\u0161\u00ed v\u011btrn\u00e1 elektr\u00e1rna v \u010cesk\u00e9 republice a snad i v cel\u00e9 Evrop\u011b.<\/p>\n<p align=\"justify\">Na str\u00e1nk\u00e1ch obce V\u00edt\u011bzn\u00e1 jsem na\u0161el informaci, \u017ee je\u0161t\u011b v polovin\u011b 19. stolet\u00ed st\u00e1valy v katastru obce V\u00edt\u011bzn\u00e1 t\u0159i v\u011btrn\u00e9 ml\u00fdny, tak\u017ee vlastn\u011b nic nov\u00e9ho &#8211; jen pokra\u010duj\u00ed v t\u00e9m\u011b\u0159 stolet\u00e9 tradici.<\/p>\n<p align=\"justify\">Prvn\u00ed informace p\u0159i\u0161ly ji\u017e v srpnu roku 2009 od brn\u011bnsk\u00e9 firmy ELDACO a.s., kter\u00e1 je investorem stavby, kdy byl z\u00e1m\u011br v\u00fdstavby dvou v\u011btrn\u00fdch elektr\u00e1ren typu\u00a0VESTAS V112-3 MW o v\u00fdkonu 2 x 3 MW p\u0159edstaven na setk\u00e1n\u00ed s obyvateli soused\u00edc\u00edch obc\u00ed. V\u00fd\u0161ka sto\u017e\u00e1ru je 119 m, pr\u016fm\u011br rotoru je (tedy bude) 112 m. P\u0159itom d\u00e9lka jednoho listu vrtule je 56 m a celkov\u00e1 v\u00fd\u0161ka stavby bude 175 m. Elektrickou energii by elektr\u00e1rna m\u011bla dod\u00e1vat 20 let a pot\u00e9 by m\u011bla b\u00fdt elektr\u00e1rna rozebr\u00e1na.<\/p>\n<p align=\"justify\">Dal\u0161\u00ed informace o elektr\u00e1rn\u011b najdete nap\u0159\u00edklad <a title=\"Ob\u010dansk\u00fd v\u011btrn\u00fd park V\u00edt\u011bzn\u00e1\" href=\"http:\/\/portal.cenia.cz\/eiasea\/download\/RUlBX0hLSzUxMl9vem5hbWVuaURPQ18xLnBkZg\/HKK512_oznameni.pdf\" target=\"_blank\">zde<\/a> .<\/p>\n<p align=\"justify\">Vlastn\u00ed stavba sto\u017e\u00e1ru za\u010dala 2. \u0159\u00edjna 2014 a zde jsou n\u011bjak\u00e9 fotografie z v\u00fdstavby.\u00a0 Elektr\u00e1rna m\u011bla st\u00e1t asi 9. \u0159\u00edjna, ale vzhledem ke komplikac\u00edm p\u0159i p\u0159eprav\u011b, kdy byl po\u0161kozen jeden list vrtule, se dostavba elektr\u00e1rny trochu opozdila.<\/p>\n<p align=\"justify\">22. \u0159\u00edjna byl dovezen n\u00e1hradn\u00ed list vrtule a je\u0161t\u011b odpoledne, tedy sp\u00ed\u0161e k ve\u010deru, byly listy vrtule usazeny na rotor. Hned n\u00e1sleduj\u00edc\u00ed den byl odvezen po\u0161kozen\u00fd list vrtule. Tentokr\u00e1t neproj\u00ed\u017ed\u011bli p\u0159es piln\u00edkovsk\u00e9 n\u00e1m\u011bst\u00ed, ale p\u0159es Hrad\u010d\u00edn. Na k\u0159i\u017eovatce pod Skutilov\u00fdma odbo\u010dovali sm\u011brem na Trutnov a to, kv\u016fli d\u00e9lce n\u00e1kladu, velmi zvl\u00e1\u0161tn\u00edm zp\u016fsobem. Nejprve najeli sm\u011brem k b\u00fdval\u00e9 tov\u00e1rn\u011b, n\u00e1sledn\u011b zacouvali sm\u011brem na Trutnov, pak najeli zp\u011bt sm\u011brem k po\u017e\u00e1rn\u00ed zbrojnici, potom zacouvali k tov\u00e1rn\u011b a nakonec vyjeli sm\u011brem na Trutnov. Cel\u00fd tento man\u00e9vr trval t\u00e9m\u011b\u0159 jeden a p\u016fl hodiny.<\/p>\n<p align=\"justify\">N\u011bkter\u00e9 fotografie jsou zve\u0159ejn\u011bny se svolen\u00edm firmy ELDACO a.s..<\/p>\n<p align=\"justify\">Je\u0159\u00e1b, kter\u00fd vid\u00edte na n\u011bkter\u00fdch fotografi\u00edch, dosahuje v\u00fd\u0161ky t\u00e9m\u011b\u0159 140 metr\u016f.<\/p>\n<p align=\"justify\">V\u0161imli jste si, \u017ee na piln\u00edkovsk\u00e9m n\u00e1m\u011bst\u00ed byly pok\u00e1ceny jedna th\u00faje a jedna lampa? A&nbsp;tak\u00e9, \u017ee se nyn\u00ed n\u00e1m\u011bst\u00ed ut\u00e1p\u00ed ve tm\u011b? Snad to ji\u017e oprav\u00ed, proto\u017ee nyn\u00ed by ji\u017e nic vozit nem\u011bli, tak\u017ee oprav\u00e1m nejsp\u00ed\u0161 u\u017e nic nebr\u00e1n\u00ed.<\/p>\n<p><embed width=\"100%\" height=\"900\" type=\"application\/x-shockwave-flash\" src=\"http:\/\/www.jablkon.eu\/_js\/viewer.swf\" bgcolor=\"#000000\" flashvars=\"xmlDataPath=http:\/\/www.jablkon.eu\/pilnikov\/img\/vetrnik\/2014\/foto.xml\" allownetworking=\"internal\" allowscriptaccess=\"never\" enablejavascript=\"false\"><\/embed><\/p>\n<h3>Souvisej\u00edc\u00ed obr\u00e1zky:<\/h3>","protected":false},"excerpt":{"rendered":"<p>V Piln\u00edkov\u011b asi nen\u00ed nikdo, kdo by si nev\u0161iml, \u017ee na kopci nad Piln\u00edkovem, pobl\u00ed\u017ee obce V\u00edt\u011bzn\u00e1, roste nov\u00fd v\u011btrn\u00edk &#8211; t\u00e9m\u011b\u0159 na sam\u00e9m vrcholu kopce Smrk &#8211; ve v\u00fd\u0161ce 555 m n.m. (Smrk je vysok\u00fd 584 m n. m.) &hellip; <a href=\"https:\/\/jablkon.eu\/jbl\/pilnikov\/vetrna-elektrarna-2014\/\">Cel\u00fd p\u0159\u00edsp\u011bvek <span class=\"meta-nav\">&rarr;<\/span><\/a><\/p>\n","protected":false},"author":1,"featured_media":0,"comment_status":"closed","ping_status":"open","sticky":false,"template":"","format":"standard","meta":{"ngg_post_thumbnail":0,"footnotes":""},"categories":[15,7,12,35],"tags":[46,95],"class_list":["post-8253","post","type-post","status-publish","format-standard","hentry","category-ceskarepublika","category-pilnikov","category-reportaze","category-zajimavosti","tag-pilnikov-2","tag-vitezna"],"yoast_head":"<!-- This site is optimized with the Yoast SEO plugin v27.5 - https:\/\/yoast.com\/product\/yoast-seo-wordpress\/ -->\n<title>V\u011btrn\u00e1 elektr\u00e1rna - Jaroslav Bla\u017eek - fotograf<\/title>\n<meta name=\"description\" content=\"Nad Piln\u00edkovem, pobl\u00ed\u017e obce V\u00edt\u011bzn\u00e1, vyr\u016fst\u00e1 nov\u00e1 v\u011btrn\u00e1 elektr\u00e1rna s v\u00fdkonem 3 MW.\" \/>\n<meta name=\"robots\" content=\"index, follow, max-snippet:-1, max-image-preview:large, max-video-preview:-1\" \/>\n<link rel=\"canonical\" href=\"https:\/\/jablkon.eu\/jbl\/pilnikov\/vetrna-elektrarna-2014\/\" \/>\n<meta property=\"og:locale\" content=\"cs_CZ\" \/>\n<meta property=\"og:type\" content=\"article\" \/>\n<meta property=\"og:title\" content=\"V\u011btrn\u00e1 elektr\u00e1rna - Jaroslav Bla\u017eek - fotograf\" \/>\n<meta property=\"og:description\" content=\"Nad Piln\u00edkovem, pobl\u00ed\u017e obce V\u00edt\u011bzn\u00e1, vyr\u016fst\u00e1 nov\u00e1 v\u011btrn\u00e1 elektr\u00e1rna s v\u00fdkonem 3 MW.\" \/>\n<meta property=\"og:url\" content=\"https:\/\/jablkon.eu\/jbl\/pilnikov\/vetrna-elektrarna-2014\/\" \/>\n<meta property=\"og:site_name\" content=\"Jaroslav Bla\u017eek - fotograf\" \/>\n<meta property=\"article:published_time\" content=\"2014-10-14T16:37:37+00:00\" \/>\n<meta property=\"article:modified_time\" content=\"2014-10-26T20:42:42+00:00\" \/>\n<meta name=\"author\" content=\"JBla\u017eek\" \/>\n<meta name=\"twitter:label1\" content=\"Napsal(a)\" \/>\n\t<meta name=\"twitter:data1\" content=\"JBla\u017eek\" \/>\n\t<meta name=\"twitter:label2\" content=\"Odhadovan\u00e1 doba \u010dten\u00ed\" \/>\n\t<meta name=\"twitter:data2\" content=\"2 minuty\" \/>\n<script type=\"application\/ld+json\" class=\"yoast-schema-graph\">{\"@context\":\"https:\\\/\\\/schema.org\",\"@graph\":[{\"@type\":\"Article\",\"@id\":\"https:\\\/\\\/jablkon.eu\\\/jbl\\\/pilnikov\\\/vetrna-elektrarna-2014\\\/#article\",\"isPartOf\":{\"@id\":\"https:\\\/\\\/jablkon.eu\\\/jbl\\\/pilnikov\\\/vetrna-elektrarna-2014\\\/\"},\"author\":{\"name\":\"JBla\u017eek\",\"@id\":\"https:\\\/\\\/jablkon.eu\\\/jbl\\\/#\\\/schema\\\/person\\\/4984d4e992f073207f693460109eac25\"},\"headline\":\"V\u011btrn\u00e1 elektr\u00e1rna\",\"datePublished\":\"2014-10-14T16:37:37+00:00\",\"dateModified\":\"2014-10-26T20:42:42+00:00\",\"mainEntityOfPage\":{\"@id\":\"https:\\\/\\\/jablkon.eu\\\/jbl\\\/pilnikov\\\/vetrna-elektrarna-2014\\\/\"},\"wordCount\":496,\"publisher\":{\"@id\":\"https:\\\/\\\/jablkon.eu\\\/jbl\\\/#\\\/schema\\\/person\\\/4984d4e992f073207f693460109eac25\"},\"keywords\":[\"Piln\u00edkov\",\"V\u00edt\u011bzn\u00e1\"],\"articleSection\":[\"\u010cesk\u00e1 republika\",\"m\u011bsto Piln\u00edkov\",\"report\u00e1\u017en\u00ed fotografie\",\"zaj\u00edmavosti\"],\"inLanguage\":\"cs\"},{\"@type\":\"WebPage\",\"@id\":\"https:\\\/\\\/jablkon.eu\\\/jbl\\\/pilnikov\\\/vetrna-elektrarna-2014\\\/\",\"url\":\"https:\\\/\\\/jablkon.eu\\\/jbl\\\/pilnikov\\\/vetrna-elektrarna-2014\\\/\",\"name\":\"V\u011btrn\u00e1 elektr\u00e1rna - Jaroslav Bla\u017eek - fotograf\",\"isPartOf\":{\"@id\":\"https:\\\/\\\/jablkon.eu\\\/jbl\\\/#website\"},\"datePublished\":\"2014-10-14T16:37:37+00:00\",\"dateModified\":\"2014-10-26T20:42:42+00:00\",\"description\":\"Nad Piln\u00edkovem, pobl\u00ed\u017e obce V\u00edt\u011bzn\u00e1, vyr\u016fst\u00e1 nov\u00e1 v\u011btrn\u00e1 elektr\u00e1rna s v\u00fdkonem 3 MW.\",\"breadcrumb\":{\"@id\":\"https:\\\/\\\/jablkon.eu\\\/jbl\\\/pilnikov\\\/vetrna-elektrarna-2014\\\/#breadcrumb\"},\"inLanguage\":\"cs\",\"potentialAction\":[{\"@type\":\"ReadAction\",\"target\":[\"https:\\\/\\\/jablkon.eu\\\/jbl\\\/pilnikov\\\/vetrna-elektrarna-2014\\\/\"]}]},{\"@type\":\"BreadcrumbList\",\"@id\":\"https:\\\/\\\/jablkon.eu\\\/jbl\\\/pilnikov\\\/vetrna-elektrarna-2014\\\/#breadcrumb\",\"itemListElement\":[{\"@type\":\"ListItem\",\"position\":1,\"name\":\"Dom\u016f\",\"item\":\"https:\\\/\\\/jablkon.eu\\\/jbl\\\/\"},{\"@type\":\"ListItem\",\"position\":2,\"name\":\"V\u011btrn\u00e1 elektr\u00e1rna\"}]},{\"@type\":\"WebSite\",\"@id\":\"https:\\\/\\\/jablkon.eu\\\/jbl\\\/#website\",\"url\":\"https:\\\/\\\/jablkon.eu\\\/jbl\\\/\",\"name\":\"Jaroslav Bla\u017eek - fotograf\",\"description\":\"Fotografick\u00e9 pr\u00e1ce - svatebn\u00ed, rodinn\u00e1 a portr\u00e9tn\u00ed fotografie, report\u00e1\u017ee\",\"publisher\":{\"@id\":\"https:\\\/\\\/jablkon.eu\\\/jbl\\\/#\\\/schema\\\/person\\\/4984d4e992f073207f693460109eac25\"},\"potentialAction\":[{\"@type\":\"SearchAction\",\"target\":{\"@type\":\"EntryPoint\",\"urlTemplate\":\"https:\\\/\\\/jablkon.eu\\\/jbl\\\/?s={search_term_string}\"},\"query-input\":{\"@type\":\"PropertyValueSpecification\",\"valueRequired\":true,\"valueName\":\"search_term_string\"}}],\"inLanguage\":\"cs\"},{\"@type\":[\"Person\",\"Organization\"],\"@id\":\"https:\\\/\\\/jablkon.eu\\\/jbl\\\/#\\\/schema\\\/person\\\/4984d4e992f073207f693460109eac25\",\"name\":\"JBla\u017eek\",\"image\":{\"@type\":\"ImageObject\",\"inLanguage\":\"cs\",\"@id\":\"https:\\\/\\\/secure.gravatar.com\\\/avatar\\\/c014bb8932a8609c14cf90b1aebdc83197cddda4aa4e3e599f1e0016a63d942e?s=96&d=mm&r=g\",\"url\":\"https:\\\/\\\/secure.gravatar.com\\\/avatar\\\/c014bb8932a8609c14cf90b1aebdc83197cddda4aa4e3e599f1e0016a63d942e?s=96&d=mm&r=g\",\"contentUrl\":\"https:\\\/\\\/secure.gravatar.com\\\/avatar\\\/c014bb8932a8609c14cf90b1aebdc83197cddda4aa4e3e599f1e0016a63d942e?s=96&d=mm&r=g\",\"caption\":\"JBla\u017eek\"},\"logo\":{\"@id\":\"https:\\\/\\\/secure.gravatar.com\\\/avatar\\\/c014bb8932a8609c14cf90b1aebdc83197cddda4aa4e3e599f1e0016a63d942e?s=96&d=mm&r=g\"},\"sameAs\":[\"http:\\\/\\\/foto.jablkon.cz\"],\"url\":\"https:\\\/\\\/jablkon.eu\\\/jbl\\\/author\\\/admin\\\/\"}]}<\/script>\n<!-- \/ Yoast SEO plugin. -->","yoast_head_json":{"title":"V\u011btrn\u00e1 elektr\u00e1rna - Jaroslav Bla\u017eek - fotograf","description":"Nad Piln\u00edkovem, pobl\u00ed\u017e obce V\u00edt\u011bzn\u00e1, vyr\u016fst\u00e1 nov\u00e1 v\u011btrn\u00e1 elektr\u00e1rna s v\u00fdkonem 3 MW.","robots":{"index":"index","follow":"follow","max-snippet":"max-snippet:-1","max-image-preview":"max-image-preview:large","max-video-preview":"max-video-preview:-1"},"canonical":"https:\/\/jablkon.eu\/jbl\/pilnikov\/vetrna-elektrarna-2014\/","og_locale":"cs_CZ","og_type":"article","og_title":"V\u011btrn\u00e1 elektr\u00e1rna - Jaroslav Bla\u017eek - fotograf","og_description":"Nad Piln\u00edkovem, pobl\u00ed\u017e obce V\u00edt\u011bzn\u00e1, vyr\u016fst\u00e1 nov\u00e1 v\u011btrn\u00e1 elektr\u00e1rna s v\u00fdkonem 3 MW.","og_url":"https:\/\/jablkon.eu\/jbl\/pilnikov\/vetrna-elektrarna-2014\/","og_site_name":"Jaroslav Bla\u017eek - fotograf","article_published_time":"2014-10-14T16:37:37+00:00","article_modified_time":"2014-10-26T20:42:42+00:00","author":"JBla\u017eek","twitter_misc":{"Napsal(a)":"JBla\u017eek","Odhadovan\u00e1 doba \u010dten\u00ed":"2 minuty"},"schema":{"@context":"https:\/\/schema.org","@graph":[{"@type":"Article","@id":"https:\/\/jablkon.eu\/jbl\/pilnikov\/vetrna-elektrarna-2014\/#article","isPartOf":{"@id":"https:\/\/jablkon.eu\/jbl\/pilnikov\/vetrna-elektrarna-2014\/"},"author":{"name":"JBla\u017eek","@id":"https:\/\/jablkon.eu\/jbl\/#\/schema\/person\/4984d4e992f073207f693460109eac25"},"headline":"V\u011btrn\u00e1 elektr\u00e1rna","datePublished":"2014-10-14T16:37:37+00:00","dateModified":"2014-10-26T20:42:42+00:00","mainEntityOfPage":{"@id":"https:\/\/jablkon.eu\/jbl\/pilnikov\/vetrna-elektrarna-2014\/"},"wordCount":496,"publisher":{"@id":"https:\/\/jablkon.eu\/jbl\/#\/schema\/person\/4984d4e992f073207f693460109eac25"},"keywords":["Piln\u00edkov","V\u00edt\u011bzn\u00e1"],"articleSection":["\u010cesk\u00e1 republika","m\u011bsto Piln\u00edkov","report\u00e1\u017en\u00ed fotografie","zaj\u00edmavosti"],"inLanguage":"cs"},{"@type":"WebPage","@id":"https:\/\/jablkon.eu\/jbl\/pilnikov\/vetrna-elektrarna-2014\/","url":"https:\/\/jablkon.eu\/jbl\/pilnikov\/vetrna-elektrarna-2014\/","name":"V\u011btrn\u00e1 elektr\u00e1rna - Jaroslav Bla\u017eek - fotograf","isPartOf":{"@id":"https:\/\/jablkon.eu\/jbl\/#website"},"datePublished":"2014-10-14T16:37:37+00:00","dateModified":"2014-10-26T20:42:42+00:00","description":"Nad Piln\u00edkovem, pobl\u00ed\u017e obce V\u00edt\u011bzn\u00e1, vyr\u016fst\u00e1 nov\u00e1 v\u011btrn\u00e1 elektr\u00e1rna s v\u00fdkonem 3 MW.","breadcrumb":{"@id":"https:\/\/jablkon.eu\/jbl\/pilnikov\/vetrna-elektrarna-2014\/#breadcrumb"},"inLanguage":"cs","potentialAction":[{"@type":"ReadAction","target":["https:\/\/jablkon.eu\/jbl\/pilnikov\/vetrna-elektrarna-2014\/"]}]},{"@type":"BreadcrumbList","@id":"https:\/\/jablkon.eu\/jbl\/pilnikov\/vetrna-elektrarna-2014\/#breadcrumb","itemListElement":[{"@type":"ListItem","position":1,"name":"Dom\u016f","item":"https:\/\/jablkon.eu\/jbl\/"},{"@type":"ListItem","position":2,"name":"V\u011btrn\u00e1 elektr\u00e1rna"}]},{"@type":"WebSite","@id":"https:\/\/jablkon.eu\/jbl\/#website","url":"https:\/\/jablkon.eu\/jbl\/","name":"Jaroslav Bla\u017eek - fotograf","description":"Fotografick\u00e9 pr\u00e1ce - svatebn\u00ed, rodinn\u00e1 a portr\u00e9tn\u00ed fotografie, report\u00e1\u017ee","publisher":{"@id":"https:\/\/jablkon.eu\/jbl\/#\/schema\/person\/4984d4e992f073207f693460109eac25"},"potentialAction":[{"@type":"SearchAction","target":{"@type":"EntryPoint","urlTemplate":"https:\/\/jablkon.eu\/jbl\/?s={search_term_string}"},"query-input":{"@type":"PropertyValueSpecification","valueRequired":true,"valueName":"search_term_string"}}],"inLanguage":"cs"},{"@type":["Person","Organization"],"@id":"https:\/\/jablkon.eu\/jbl\/#\/schema\/person\/4984d4e992f073207f693460109eac25","name":"JBla\u017eek","image":{"@type":"ImageObject","inLanguage":"cs","@id":"https:\/\/secure.gravatar.com\/avatar\/c014bb8932a8609c14cf90b1aebdc83197cddda4aa4e3e599f1e0016a63d942e?s=96&d=mm&r=g","url":"https:\/\/secure.gravatar.com\/avatar\/c014bb8932a8609c14cf90b1aebdc83197cddda4aa4e3e599f1e0016a63d942e?s=96&d=mm&r=g","contentUrl":"https:\/\/secure.gravatar.com\/avatar\/c014bb8932a8609c14cf90b1aebdc83197cddda4aa4e3e599f1e0016a63d942e?s=96&d=mm&r=g","caption":"JBla\u017eek"},"logo":{"@id":"https:\/\/secure.gravatar.com\/avatar\/c014bb8932a8609c14cf90b1aebdc83197cddda4aa4e3e599f1e0016a63d942e?s=96&d=mm&r=g"},"sameAs":["http:\/\/foto.jablkon.cz"],"url":"https:\/\/jablkon.eu\/jbl\/author\/admin\/"}]}},"views":4781,"_links":{"self":[{"href":"https:\/\/jablkon.eu\/jbl\/wp-json\/wp\/v2\/posts\/8253","targetHints":{"allow":["GET"]}}],"collection":[{"href":"https:\/\/jablkon.eu\/jbl\/wp-json\/wp\/v2\/posts"}],"about":[{"href":"https:\/\/jablkon.eu\/jbl\/wp-json\/wp\/v2\/types\/post"}],"author":[{"embeddable":true,"href":"https:\/\/jablkon.eu\/jbl\/wp-json\/wp\/v2\/users\/1"}],"replies":[{"embeddable":true,"href":"https:\/\/jablkon.eu\/jbl\/wp-json\/wp\/v2\/comments?post=8253"}],"version-history":[{"count":0,"href":"https:\/\/jablkon.eu\/jbl\/wp-json\/wp\/v2\/posts\/8253\/revisions"}],"wp:attachment":[{"href":"https:\/\/jablkon.eu\/jbl\/wp-json\/wp\/v2\/media?parent=8253"}],"wp:term":[{"taxonomy":"category","embeddable":true,"href":"https:\/\/jablkon.eu\/jbl\/wp-json\/wp\/v2\/categories?post=8253"},{"taxonomy":"post_tag","embeddable":true,"href":"https:\/\/jablkon.eu\/jbl\/wp-json\/wp\/v2\/tags?post=8253"}],"curies":[{"name":"wp","href":"https:\/\/api.w.org\/{rel}","templated":true}]}}