{"id":8300,"date":"2014-11-15T23:46:41","date_gmt":"2014-11-15T22:46:41","guid":{"rendered":"http:\/\/jablkon.eu\/jbl\/?p=8300"},"modified":"2014-11-16T12:21:28","modified_gmt":"2014-11-16T11:21:28","slug":"drakiada-15-11-2014","status":"publish","type":"post","link":"https:\/\/jablkon.eu\/jbl\/pilnikov\/drakiada-15-11-2014\/","title":{"rendered":"Draki\u00e1da 15.11.2014"},"content":{"rendered":"<p align=\"justify\">V sobotu 15. listopadu 2014 odpoledne se na piln\u00edkovsk\u00e9m fotbalov\u00e9m h\u0159i\u0161ti konal druh\u00fd ro\u010dn\u00edk draki\u00e1dy.<\/p>\n<p align=\"justify\">Leto\u0161n\u00edmu ro\u010dn\u00edku bohu\u017eel p\u0159\u00edli\u0161 nep\u0159\u00e1lo po\u010das\u00ed. Bylo zata\u017eeno, poprch\u00e1valo a nav\u00edc byla pom\u011brn\u011b zima. A ani v\u00edtr p\u0159\u00edli\u0161 nefoukal a \u010dasto dokonce nefoukal v\u016fbec. I p\u0159es tuto nep\u0159\u00edze\u0148 po\u010das\u00ed se se\u0161lo v\u00edce ne\u017e deset drak\u016f a dr\u00e1\u010dk\u016f a p\u011bkn\u011b si spolu zal\u00e9tali. N\u011bkte\u0159\u00ed draci vyl\u00e9tli dost vysoko.<\/p>\n<p align=\"justify\">Na z\u00e1v\u011br nechyb\u011bla obl\u00edben\u00e1 sladk\u00e1 odm\u011bna, kterou obdr\u017eeli v\u0161ichni \u00fa\u010dastn\u00edci draki\u00e1dy.<\/p>\n<p align=\"justify\">I p\u0159es nep\u0159\u00edze\u0148 po\u010das\u00ed se leto\u0161n\u00ed ro\u010dn\u00edk vyda\u0159il a v\u0161em z\u00fa\u010dastn\u011bn\u00fdm se l\u00edbil.<\/p>\n<p align=\"justify\"><em>Publikov\u00e1no tak\u00e9 na <a title=\"novinky.cz\" href=\"http:\/\/www.novinky.cz\/vase-zpravy\/uzivatel=3622\" target=\"_blank\">novinky.cz<\/a>.<\/em><\/p>\n<p><embed width=\"100%\" height=\"900\" type=\"application\/x-shockwave-flash\" src=\"http:\/\/www.jablkon.eu\/_js\/viewer.swf\" bgcolor=\"#000000\" flashvars=\"xmlDataPath=http:\/\/www.jablkon.eu\/pilnikov\/foto_akce\/2014\/1115\/foto.xml\" allownetworking=\"internal\" allowscriptaccess=\"never\" enablejavascript=\"false\"><\/embed><\/p>\n<h3>Souvisej\u00edc\u00ed obr\u00e1zky:<\/h3>","protected":false},"excerpt":{"rendered":"<p>V sobotu 15. listopadu 2014 odpoledne se na piln\u00edkovsk\u00e9m fotbalov\u00e9m h\u0159i\u0161ti konal druh\u00fd ro\u010dn\u00edk draki\u00e1dy. Leto\u0161n\u00edmu ro\u010dn\u00edku bohu\u017eel p\u0159\u00edli\u0161 nep\u0159\u00e1lo po\u010das\u00ed. Bylo zata\u017eeno, poprch\u00e1valo a nav\u00edc byla pom\u011brn\u011b zima. A ani v\u00edtr p\u0159\u00edli\u0161 nefoukal a \u010dasto dokonce nefoukal v\u016fbec. I &hellip; <a href=\"https:\/\/jablkon.eu\/jbl\/pilnikov\/drakiada-15-11-2014\/\">Cel\u00fd p\u0159\u00edsp\u011bvek <span class=\"meta-nav\">&rarr;<\/span><\/a><\/p>\n","protected":false},"author":1,"featured_media":0,"comment_status":"closed","ping_status":"open","sticky":false,"template":"","format":"standard","meta":{"ngg_post_thumbnail":0,"footnotes":""},"categories":[10,7,12],"tags":[40,47,46,87],"class_list":["post-8300","post","type-post","status-publish","format-standard","hentry","category-pilnikovkultura","category-pilnikov","category-reportaze","tag-deti","tag-kultura","tag-pilnikov-2","tag-publikovano"],"yoast_head":"<!-- This site is optimized with the Yoast SEO plugin v27.4 - https:\/\/yoast.com\/product\/yoast-seo-wordpress\/ -->\n<title>Draki\u00e1da v Piln\u00edkov\u011b 14.11.2014<\/title>\n<meta name=\"description\" content=\"V sobotu odpoledne se na piln\u00edkovsk\u00e9m fotbalov\u00e9m h\u0159i\u0161ti konal druh\u00fd ro\u010dn\u00edk draki\u00e1dy.\" \/>\n<meta name=\"robots\" content=\"index, follow, max-snippet:-1, max-image-preview:large, max-video-preview:-1\" \/>\n<link rel=\"canonical\" href=\"https:\/\/jablkon.eu\/jbl\/pilnikov\/drakiada-15-11-2014\/\" \/>\n<meta property=\"og:locale\" content=\"cs_CZ\" \/>\n<meta property=\"og:type\" content=\"article\" \/>\n<meta property=\"og:title\" content=\"Draki\u00e1da v Piln\u00edkov\u011b 14.11.2014\" \/>\n<meta property=\"og:description\" content=\"V sobotu odpoledne se na piln\u00edkovsk\u00e9m fotbalov\u00e9m h\u0159i\u0161ti konal druh\u00fd ro\u010dn\u00edk draki\u00e1dy.\" \/>\n<meta property=\"og:url\" content=\"https:\/\/jablkon.eu\/jbl\/pilnikov\/drakiada-15-11-2014\/\" \/>\n<meta property=\"og:site_name\" content=\"Jaroslav Bla\u017eek - fotograf\" \/>\n<meta property=\"article:published_time\" content=\"2014-11-15T22:46:41+00:00\" \/>\n<meta property=\"article:modified_time\" content=\"2014-11-16T11:21:28+00:00\" \/>\n<meta name=\"author\" content=\"JBla\u017eek\" \/>\n<meta name=\"twitter:label1\" content=\"Napsal(a)\" \/>\n\t<meta name=\"twitter:data1\" content=\"JBla\u017eek\" \/>\n\t<meta name=\"twitter:label2\" content=\"Odhadovan\u00e1 doba \u010dten\u00ed\" \/>\n\t<meta name=\"twitter:data2\" content=\"1 minuta\" \/>\n<script type=\"application\/ld+json\" class=\"yoast-schema-graph\">{\"@context\":\"https:\\\/\\\/schema.org\",\"@graph\":[{\"@type\":\"Article\",\"@id\":\"https:\\\/\\\/jablkon.eu\\\/jbl\\\/pilnikov\\\/drakiada-15-11-2014\\\/#article\",\"isPartOf\":{\"@id\":\"https:\\\/\\\/jablkon.eu\\\/jbl\\\/pilnikov\\\/drakiada-15-11-2014\\\/\"},\"author\":{\"name\":\"JBla\u017eek\",\"@id\":\"https:\\\/\\\/jablkon.eu\\\/jbl\\\/#\\\/schema\\\/person\\\/4984d4e992f073207f693460109eac25\"},\"headline\":\"Draki\u00e1da 15.11.2014\",\"datePublished\":\"2014-11-15T22:46:41+00:00\",\"dateModified\":\"2014-11-16T11:21:28+00:00\",\"mainEntityOfPage\":{\"@id\":\"https:\\\/\\\/jablkon.eu\\\/jbl\\\/pilnikov\\\/drakiada-15-11-2014\\\/\"},\"wordCount\":146,\"publisher\":{\"@id\":\"https:\\\/\\\/jablkon.eu\\\/jbl\\\/#\\\/schema\\\/person\\\/4984d4e992f073207f693460109eac25\"},\"keywords\":[\"d\u011bti\",\"kultura\",\"Piln\u00edkov\",\"publikov\u00e1no\"],\"articleSection\":[\"informace z kultury\",\"m\u011bsto Piln\u00edkov\",\"report\u00e1\u017en\u00ed fotografie\"],\"inLanguage\":\"cs\"},{\"@type\":\"WebPage\",\"@id\":\"https:\\\/\\\/jablkon.eu\\\/jbl\\\/pilnikov\\\/drakiada-15-11-2014\\\/\",\"url\":\"https:\\\/\\\/jablkon.eu\\\/jbl\\\/pilnikov\\\/drakiada-15-11-2014\\\/\",\"name\":\"Draki\u00e1da v Piln\u00edkov\u011b 14.11.2014\",\"isPartOf\":{\"@id\":\"https:\\\/\\\/jablkon.eu\\\/jbl\\\/#website\"},\"datePublished\":\"2014-11-15T22:46:41+00:00\",\"dateModified\":\"2014-11-16T11:21:28+00:00\",\"description\":\"V sobotu odpoledne se na piln\u00edkovsk\u00e9m fotbalov\u00e9m h\u0159i\u0161ti konal druh\u00fd ro\u010dn\u00edk draki\u00e1dy.\",\"breadcrumb\":{\"@id\":\"https:\\\/\\\/jablkon.eu\\\/jbl\\\/pilnikov\\\/drakiada-15-11-2014\\\/#breadcrumb\"},\"inLanguage\":\"cs\",\"potentialAction\":[{\"@type\":\"ReadAction\",\"target\":[\"https:\\\/\\\/jablkon.eu\\\/jbl\\\/pilnikov\\\/drakiada-15-11-2014\\\/\"]}]},{\"@type\":\"BreadcrumbList\",\"@id\":\"https:\\\/\\\/jablkon.eu\\\/jbl\\\/pilnikov\\\/drakiada-15-11-2014\\\/#breadcrumb\",\"itemListElement\":[{\"@type\":\"ListItem\",\"position\":1,\"name\":\"Dom\u016f\",\"item\":\"https:\\\/\\\/jablkon.eu\\\/jbl\\\/\"},{\"@type\":\"ListItem\",\"position\":2,\"name\":\"Draki\u00e1da 15.11.2014\"}]},{\"@type\":\"WebSite\",\"@id\":\"https:\\\/\\\/jablkon.eu\\\/jbl\\\/#website\",\"url\":\"https:\\\/\\\/jablkon.eu\\\/jbl\\\/\",\"name\":\"Jaroslav Bla\u017eek - fotograf\",\"description\":\"Fotografick\u00e9 pr\u00e1ce - svatebn\u00ed, rodinn\u00e1 a portr\u00e9tn\u00ed fotografie, report\u00e1\u017ee\",\"publisher\":{\"@id\":\"https:\\\/\\\/jablkon.eu\\\/jbl\\\/#\\\/schema\\\/person\\\/4984d4e992f073207f693460109eac25\"},\"potentialAction\":[{\"@type\":\"SearchAction\",\"target\":{\"@type\":\"EntryPoint\",\"urlTemplate\":\"https:\\\/\\\/jablkon.eu\\\/jbl\\\/?s={search_term_string}\"},\"query-input\":{\"@type\":\"PropertyValueSpecification\",\"valueRequired\":true,\"valueName\":\"search_term_string\"}}],\"inLanguage\":\"cs\"},{\"@type\":[\"Person\",\"Organization\"],\"@id\":\"https:\\\/\\\/jablkon.eu\\\/jbl\\\/#\\\/schema\\\/person\\\/4984d4e992f073207f693460109eac25\",\"name\":\"JBla\u017eek\",\"image\":{\"@type\":\"ImageObject\",\"inLanguage\":\"cs\",\"@id\":\"https:\\\/\\\/secure.gravatar.com\\\/avatar\\\/c014bb8932a8609c14cf90b1aebdc83197cddda4aa4e3e599f1e0016a63d942e?s=96&d=mm&r=g\",\"url\":\"https:\\\/\\\/secure.gravatar.com\\\/avatar\\\/c014bb8932a8609c14cf90b1aebdc83197cddda4aa4e3e599f1e0016a63d942e?s=96&d=mm&r=g\",\"contentUrl\":\"https:\\\/\\\/secure.gravatar.com\\\/avatar\\\/c014bb8932a8609c14cf90b1aebdc83197cddda4aa4e3e599f1e0016a63d942e?s=96&d=mm&r=g\",\"caption\":\"JBla\u017eek\"},\"logo\":{\"@id\":\"https:\\\/\\\/secure.gravatar.com\\\/avatar\\\/c014bb8932a8609c14cf90b1aebdc83197cddda4aa4e3e599f1e0016a63d942e?s=96&d=mm&r=g\"},\"sameAs\":[\"http:\\\/\\\/foto.jablkon.cz\"],\"url\":\"https:\\\/\\\/jablkon.eu\\\/jbl\\\/author\\\/admin\\\/\"}]}<\/script>\n<!-- \/ Yoast SEO plugin. -->","yoast_head_json":{"title":"Draki\u00e1da v Piln\u00edkov\u011b 14.11.2014","description":"V sobotu odpoledne se na piln\u00edkovsk\u00e9m fotbalov\u00e9m h\u0159i\u0161ti konal druh\u00fd ro\u010dn\u00edk draki\u00e1dy.","robots":{"index":"index","follow":"follow","max-snippet":"max-snippet:-1","max-image-preview":"max-image-preview:large","max-video-preview":"max-video-preview:-1"},"canonical":"https:\/\/jablkon.eu\/jbl\/pilnikov\/drakiada-15-11-2014\/","og_locale":"cs_CZ","og_type":"article","og_title":"Draki\u00e1da v Piln\u00edkov\u011b 14.11.2014","og_description":"V sobotu odpoledne se na piln\u00edkovsk\u00e9m fotbalov\u00e9m h\u0159i\u0161ti konal druh\u00fd ro\u010dn\u00edk draki\u00e1dy.","og_url":"https:\/\/jablkon.eu\/jbl\/pilnikov\/drakiada-15-11-2014\/","og_site_name":"Jaroslav Bla\u017eek - fotograf","article_published_time":"2014-11-15T22:46:41+00:00","article_modified_time":"2014-11-16T11:21:28+00:00","author":"JBla\u017eek","twitter_misc":{"Napsal(a)":"JBla\u017eek","Odhadovan\u00e1 doba \u010dten\u00ed":"1 minuta"},"schema":{"@context":"https:\/\/schema.org","@graph":[{"@type":"Article","@id":"https:\/\/jablkon.eu\/jbl\/pilnikov\/drakiada-15-11-2014\/#article","isPartOf":{"@id":"https:\/\/jablkon.eu\/jbl\/pilnikov\/drakiada-15-11-2014\/"},"author":{"name":"JBla\u017eek","@id":"https:\/\/jablkon.eu\/jbl\/#\/schema\/person\/4984d4e992f073207f693460109eac25"},"headline":"Draki\u00e1da 15.11.2014","datePublished":"2014-11-15T22:46:41+00:00","dateModified":"2014-11-16T11:21:28+00:00","mainEntityOfPage":{"@id":"https:\/\/jablkon.eu\/jbl\/pilnikov\/drakiada-15-11-2014\/"},"wordCount":146,"publisher":{"@id":"https:\/\/jablkon.eu\/jbl\/#\/schema\/person\/4984d4e992f073207f693460109eac25"},"keywords":["d\u011bti","kultura","Piln\u00edkov","publikov\u00e1no"],"articleSection":["informace z kultury","m\u011bsto Piln\u00edkov","report\u00e1\u017en\u00ed fotografie"],"inLanguage":"cs"},{"@type":"WebPage","@id":"https:\/\/jablkon.eu\/jbl\/pilnikov\/drakiada-15-11-2014\/","url":"https:\/\/jablkon.eu\/jbl\/pilnikov\/drakiada-15-11-2014\/","name":"Draki\u00e1da v Piln\u00edkov\u011b 14.11.2014","isPartOf":{"@id":"https:\/\/jablkon.eu\/jbl\/#website"},"datePublished":"2014-11-15T22:46:41+00:00","dateModified":"2014-11-16T11:21:28+00:00","description":"V sobotu odpoledne se na piln\u00edkovsk\u00e9m fotbalov\u00e9m h\u0159i\u0161ti konal druh\u00fd ro\u010dn\u00edk draki\u00e1dy.","breadcrumb":{"@id":"https:\/\/jablkon.eu\/jbl\/pilnikov\/drakiada-15-11-2014\/#breadcrumb"},"inLanguage":"cs","potentialAction":[{"@type":"ReadAction","target":["https:\/\/jablkon.eu\/jbl\/pilnikov\/drakiada-15-11-2014\/"]}]},{"@type":"BreadcrumbList","@id":"https:\/\/jablkon.eu\/jbl\/pilnikov\/drakiada-15-11-2014\/#breadcrumb","itemListElement":[{"@type":"ListItem","position":1,"name":"Dom\u016f","item":"https:\/\/jablkon.eu\/jbl\/"},{"@type":"ListItem","position":2,"name":"Draki\u00e1da 15.11.2014"}]},{"@type":"WebSite","@id":"https:\/\/jablkon.eu\/jbl\/#website","url":"https:\/\/jablkon.eu\/jbl\/","name":"Jaroslav Bla\u017eek - fotograf","description":"Fotografick\u00e9 pr\u00e1ce - svatebn\u00ed, rodinn\u00e1 a portr\u00e9tn\u00ed fotografie, report\u00e1\u017ee","publisher":{"@id":"https:\/\/jablkon.eu\/jbl\/#\/schema\/person\/4984d4e992f073207f693460109eac25"},"potentialAction":[{"@type":"SearchAction","target":{"@type":"EntryPoint","urlTemplate":"https:\/\/jablkon.eu\/jbl\/?s={search_term_string}"},"query-input":{"@type":"PropertyValueSpecification","valueRequired":true,"valueName":"search_term_string"}}],"inLanguage":"cs"},{"@type":["Person","Organization"],"@id":"https:\/\/jablkon.eu\/jbl\/#\/schema\/person\/4984d4e992f073207f693460109eac25","name":"JBla\u017eek","image":{"@type":"ImageObject","inLanguage":"cs","@id":"https:\/\/secure.gravatar.com\/avatar\/c014bb8932a8609c14cf90b1aebdc83197cddda4aa4e3e599f1e0016a63d942e?s=96&d=mm&r=g","url":"https:\/\/secure.gravatar.com\/avatar\/c014bb8932a8609c14cf90b1aebdc83197cddda4aa4e3e599f1e0016a63d942e?s=96&d=mm&r=g","contentUrl":"https:\/\/secure.gravatar.com\/avatar\/c014bb8932a8609c14cf90b1aebdc83197cddda4aa4e3e599f1e0016a63d942e?s=96&d=mm&r=g","caption":"JBla\u017eek"},"logo":{"@id":"https:\/\/secure.gravatar.com\/avatar\/c014bb8932a8609c14cf90b1aebdc83197cddda4aa4e3e599f1e0016a63d942e?s=96&d=mm&r=g"},"sameAs":["http:\/\/foto.jablkon.cz"],"url":"https:\/\/jablkon.eu\/jbl\/author\/admin\/"}]}},"views":813,"_links":{"self":[{"href":"https:\/\/jablkon.eu\/jbl\/wp-json\/wp\/v2\/posts\/8300","targetHints":{"allow":["GET"]}}],"collection":[{"href":"https:\/\/jablkon.eu\/jbl\/wp-json\/wp\/v2\/posts"}],"about":[{"href":"https:\/\/jablkon.eu\/jbl\/wp-json\/wp\/v2\/types\/post"}],"author":[{"embeddable":true,"href":"https:\/\/jablkon.eu\/jbl\/wp-json\/wp\/v2\/users\/1"}],"replies":[{"embeddable":true,"href":"https:\/\/jablkon.eu\/jbl\/wp-json\/wp\/v2\/comments?post=8300"}],"version-history":[{"count":0,"href":"https:\/\/jablkon.eu\/jbl\/wp-json\/wp\/v2\/posts\/8300\/revisions"}],"wp:attachment":[{"href":"https:\/\/jablkon.eu\/jbl\/wp-json\/wp\/v2\/media?parent=8300"}],"wp:term":[{"taxonomy":"category","embeddable":true,"href":"https:\/\/jablkon.eu\/jbl\/wp-json\/wp\/v2\/categories?post=8300"},{"taxonomy":"post_tag","embeddable":true,"href":"https:\/\/jablkon.eu\/jbl\/wp-json\/wp\/v2\/tags?post=8300"}],"curies":[{"name":"wp","href":"https:\/\/api.w.org\/{rel}","templated":true}]}}