{"id":869,"date":"2005-06-05T18:13:33","date_gmt":"2005-06-05T16:13:33","guid":{"rendered":"http:\/\/www.jablkon.cz\/wordpress\/?p=869"},"modified":"2013-12-03T09:38:18","modified_gmt":"2013-12-03T08:38:18","slug":"60-vyroci-povalecneho-skolstvi","status":"publish","type":"post","link":"https:\/\/jablkon.eu\/jbl\/pilnikov\/60-vyroci-povalecneho-skolstvi\/","title":{"rendered":"Oslava 60. v\u00fdro\u010d\u00ed pov\u00e1le\u010dn\u00e9ho \u0161kolstv\u00ed v Piln\u00edkov\u011b"},"content":{"rendered":"<p style=\"text-align: justify;\">Dne 5. \u010dervna 2005 se v Piln\u00edkov\u011b konala oslava  60. v\u00fdro\u010d\u00ed pov\u00e1le\u010dn\u00e9ho \u0161kolstv\u00ed v Piln\u00edkov\u011b. K t\u00e9to oslav\u011b byl p\u0159ipraven  bohat\u00fd program. Nejprve na piln\u00edkovsk\u00e9m n\u00e1m\u011bst\u00ed vyhr\u00e1vala dechov\u00e1 hudba z  Trutnova \u2013 Krakono\u0161ka, po kter\u00e9 n\u00e1sledovalo kr\u00e1tk\u00e9 vystoupen\u00ed ma\u017eoretek  a \u00favodn\u00ed projev starosty obce Piln\u00edkov pana Franti\u0161ka Hub\u00e1\u010dka a  p\u0159edstavitel\u016f \u0161koly \u2013 pana \u0159editele Mgr. Rudolfa Cermana a pan\u00ed  z\u00e1stupkyn\u011b \u0159editele Mgr. Marcely W\u00e1gnerov\u00e9.<\/p>\n<p style=\"text-align: justify;\">Starosta shrnul rozvoj cel\u00e9 obce od pov\u00e1le\u010dn\u00e9ho  obdob\u00ed do sou\u010dasnosti. P\u0159edstavitel\u00e9 \u0161koly se zam\u011b\u0159ili p\u0159edev\u0161\u00edm na  rozvoj \u0161kolstv\u00ed v obci a na dosa\u017een\u00e9 \u00fasp\u011bchy m\u00edstn\u00ed \u0161koly. Po projevech  si v\u0161ichni n\u00e1v\u0161t\u011bvn\u00edci mohli prohl\u00e9dnout \u0161kolu, p\u0159itom v ka\u017ed\u00e9 t\u0159\u00edd\u011b  byla p\u0159ipravena expozice s ur\u010dit\u00fdm zam\u011b\u0159en\u00edm. Nap\u0159\u00edklad na zem\u011bpis,  d\u011bjepis, fyziku a v neposledn\u00ed \u0159ad\u011b tak\u00e9 na \u00fasp\u011bchy \u017e\u00e1k\u016f \u0161koly ve  znalostn\u00edch i sportovn\u00edch sout\u011b\u017e\u00edch. Obzvl\u00e1\u0161t\u011b zaj\u00edmav\u00e1 byla expozice v  5. t\u0159\u00edd\u011b, kde byly k nahl\u00e9dnut\u00ed star\u00e9 \u0161koln\u00ed kroniky i jin\u00e9 star\u00e9  dokumenty. Dokonce i sou\u010dasn\u00e9 lavice a \u0161koln\u00ed tabule byly vym\u011bn\u011bny za  historick\u00e9. Sou\u010d\u00e1st\u00ed oslav bylo tak\u00e9 setk\u00e1n\u00ed u\u010ditel\u016f, kte\u0159\u00ed na t\u00e9to  \u0161kole u\u010dili. Odpoledne \u017e\u00e1ci mate\u0159sk\u00e9 \u0161kolky a z\u00e1kladn\u00ed \u0161koly p\u0159edvedli  sv\u00e9 dovednosti ve \u0161koln\u00ed akademii.<\/p>\n<p style=\"text-align: justify;\">Oslav\u00e1m bohu\u017eel nep\u0159\u00e1lo po\u010das\u00ed, p\u0159esto se jich  z\u00fa\u010dastnilo mnoho sou\u010dasn\u00fdch a b\u00fdval\u00fdch u\u010ditel\u016f i \u017e\u00e1k\u016f, kte\u0159\u00ed tuto \u0161kolu v  minulosti nav\u0161t\u011bvovali nebo je\u0161t\u011b nav\u0161t\u011bvuj\u00ed.<\/p>\n<p><strong>Program:<\/strong><br \/>\n10:00 &#8211; 12:00 &#8211; Koncert M\u011bstsk\u00e9 dechov\u00e9 hudby KRAKONO\u0160KA z Trutnova na n\u00e1m\u011bst\u00ed p\u0159ed \u0161kolou<br \/>\n11:00 &#8211; 11:05 &#8211; Slavnostn\u00ed otev\u0159en\u00ed \u0161koly<br \/>\n12:15 &#8211; 13:15 &#8211; \u0160koln\u00ed akademie-vystoupen\u00ed \u017e\u00e1k\u016f \u0161koly na s\u00e1le Slunce<br \/>\n13:30 &#8211; 15:00 &#8211; Prohl\u00eddka v\u0161ech t\u0159\u00edd \u0161koly a v\u00fdstavy historick\u00fdch dokument\u016f \u0161koly<br \/>\n15:00 &#8211; 19:00 &#8211; Prohl\u00eddka obce, posezen\u00ed s ob\u010derstven\u00edm<br \/>\n19:00 &#8211; 02:00 &#8211; Pou\u0165ov\u00e1 tane\u010dn\u00ed z\u00e1bava na s\u00e1le Slunce<\/p>\n<p>P\u0159i kon\u00e1n\u00ed setk\u00e1n\u00ed rod\u00e1k\u016f a absolvent\u016f \u0161koly prob\u011bhla tak\u00e9 na O\u00da v\u00fdstava fotografi\u00ed o Piln\u00edkovu p. Nogawczyka a kronik p. Hakena.<\/p>\n<p><em>\u010cl\u00e1nek s fotografiemi byl tak\u00e9 publikov\u00e1n na webu www.Piln\u00edkov.cz.<\/em><\/p>\n<h3>Souvisej\u00edc\u00ed obr\u00e1zky:<\/h3>","protected":false},"excerpt":{"rendered":"<p>Dne 5. \u010dervna 2005 se v Piln\u00edkov\u011b konala oslava 60. v\u00fdro\u010d\u00ed pov\u00e1le\u010dn\u00e9ho \u0161kolstv\u00ed v Piln\u00edkov\u011b. K t\u00e9to oslav\u011b byl p\u0159ipraven bohat\u00fd program. Nejprve na piln\u00edkovsk\u00e9m n\u00e1m\u011bst\u00ed vyhr\u00e1vala dechov\u00e1 hudba z Trutnova \u2013 Krakono\u0161ka, po kter\u00e9 n\u00e1sledovalo kr\u00e1tk\u00e9 vystoupen\u00ed ma\u017eoretek a &hellip; <a href=\"https:\/\/jablkon.eu\/jbl\/pilnikov\/60-vyroci-povalecneho-skolstvi\/\">Cel\u00fd p\u0159\u00edsp\u011bvek <span class=\"meta-nav\">&rarr;<\/span><\/a><\/p>\n","protected":false},"author":1,"featured_media":0,"comment_status":"closed","ping_status":"open","sticky":false,"template":"","format":"standard","meta":{"ngg_post_thumbnail":0,"footnotes":""},"categories":[10,7,12,18],"tags":[47,46,48],"class_list":["post-869","post","type-post","status-publish","format-standard","hentry","category-pilnikovkultura","category-pilnikov","category-reportaze","category-zs-a-ms","tag-kultura","tag-pilnikov-2","tag-skola"],"yoast_head":"<!-- This site is optimized with the Yoast SEO plugin v27.5 - https:\/\/yoast.com\/product\/yoast-seo-wordpress\/ -->\n<title>Oslava 60. v\u00fdro\u010d\u00ed pov\u00e1le\u010dn\u00e9ho \u0161kolstv\u00ed v Piln\u00edkov\u011b - Jaroslav Bla\u017eek - fotograf<\/title>\n<meta name=\"description\" content=\"Jaroslav Bla\u017eek - fotograf\" \/>\n<meta name=\"robots\" content=\"index, follow, max-snippet:-1, max-image-preview:large, max-video-preview:-1\" \/>\n<link rel=\"canonical\" href=\"https:\/\/jablkon.eu\/jbl\/pilnikov\/60-vyroci-povalecneho-skolstvi\/\" \/>\n<meta property=\"og:locale\" content=\"cs_CZ\" \/>\n<meta property=\"og:type\" content=\"article\" \/>\n<meta property=\"og:title\" content=\"Oslava 60. v\u00fdro\u010d\u00ed pov\u00e1le\u010dn\u00e9ho \u0161kolstv\u00ed v Piln\u00edkov\u011b - Jaroslav Bla\u017eek - fotograf\" \/>\n<meta property=\"og:description\" content=\"Jaroslav Bla\u017eek - fotograf\" \/>\n<meta property=\"og:url\" content=\"https:\/\/jablkon.eu\/jbl\/pilnikov\/60-vyroci-povalecneho-skolstvi\/\" \/>\n<meta property=\"og:site_name\" content=\"Jaroslav Bla\u017eek - fotograf\" \/>\n<meta property=\"article:published_time\" content=\"2005-06-05T16:13:33+00:00\" \/>\n<meta property=\"article:modified_time\" content=\"2013-12-03T08:38:18+00:00\" \/>\n<meta name=\"author\" content=\"JBla\u017eek\" \/>\n<meta name=\"twitter:label1\" content=\"Napsal(a)\" \/>\n\t<meta name=\"twitter:data1\" content=\"JBla\u017eek\" \/>\n\t<meta name=\"twitter:label2\" content=\"Odhadovan\u00e1 doba \u010dten\u00ed\" \/>\n\t<meta name=\"twitter:data2\" content=\"2 minuty\" \/>\n<script type=\"application\/ld+json\" class=\"yoast-schema-graph\">{\"@context\":\"https:\\\/\\\/schema.org\",\"@graph\":[{\"@type\":\"Article\",\"@id\":\"https:\\\/\\\/jablkon.eu\\\/jbl\\\/pilnikov\\\/60-vyroci-povalecneho-skolstvi\\\/#article\",\"isPartOf\":{\"@id\":\"https:\\\/\\\/jablkon.eu\\\/jbl\\\/pilnikov\\\/60-vyroci-povalecneho-skolstvi\\\/\"},\"author\":{\"name\":\"JBla\u017eek\",\"@id\":\"https:\\\/\\\/jablkon.eu\\\/jbl\\\/#\\\/schema\\\/person\\\/4984d4e992f073207f693460109eac25\"},\"headline\":\"Oslava 60. v\u00fdro\u010d\u00ed pov\u00e1le\u010dn\u00e9ho \u0161kolstv\u00ed v Piln\u00edkov\u011b\",\"datePublished\":\"2005-06-05T16:13:33+00:00\",\"dateModified\":\"2013-12-03T08:38:18+00:00\",\"mainEntityOfPage\":{\"@id\":\"https:\\\/\\\/jablkon.eu\\\/jbl\\\/pilnikov\\\/60-vyroci-povalecneho-skolstvi\\\/\"},\"wordCount\":410,\"publisher\":{\"@id\":\"https:\\\/\\\/jablkon.eu\\\/jbl\\\/#\\\/schema\\\/person\\\/4984d4e992f073207f693460109eac25\"},\"keywords\":[\"kultura\",\"Piln\u00edkov\",\"\u0161kola\"],\"articleSection\":[\"informace z kultury\",\"m\u011bsto Piln\u00edkov\",\"report\u00e1\u017en\u00ed fotografie\",\"Z\u0160 a M\u0160 Piln\u00edkov\"],\"inLanguage\":\"cs\"},{\"@type\":\"WebPage\",\"@id\":\"https:\\\/\\\/jablkon.eu\\\/jbl\\\/pilnikov\\\/60-vyroci-povalecneho-skolstvi\\\/\",\"url\":\"https:\\\/\\\/jablkon.eu\\\/jbl\\\/pilnikov\\\/60-vyroci-povalecneho-skolstvi\\\/\",\"name\":\"Oslava 60. v\u00fdro\u010d\u00ed pov\u00e1le\u010dn\u00e9ho \u0161kolstv\u00ed v Piln\u00edkov\u011b - Jaroslav Bla\u017eek - fotograf\",\"isPartOf\":{\"@id\":\"https:\\\/\\\/jablkon.eu\\\/jbl\\\/#website\"},\"datePublished\":\"2005-06-05T16:13:33+00:00\",\"dateModified\":\"2013-12-03T08:38:18+00:00\",\"description\":\"Jaroslav Bla\u017eek - fotograf\",\"breadcrumb\":{\"@id\":\"https:\\\/\\\/jablkon.eu\\\/jbl\\\/pilnikov\\\/60-vyroci-povalecneho-skolstvi\\\/#breadcrumb\"},\"inLanguage\":\"cs\",\"potentialAction\":[{\"@type\":\"ReadAction\",\"target\":[\"https:\\\/\\\/jablkon.eu\\\/jbl\\\/pilnikov\\\/60-vyroci-povalecneho-skolstvi\\\/\"]}]},{\"@type\":\"BreadcrumbList\",\"@id\":\"https:\\\/\\\/jablkon.eu\\\/jbl\\\/pilnikov\\\/60-vyroci-povalecneho-skolstvi\\\/#breadcrumb\",\"itemListElement\":[{\"@type\":\"ListItem\",\"position\":1,\"name\":\"Dom\u016f\",\"item\":\"https:\\\/\\\/jablkon.eu\\\/jbl\\\/\"},{\"@type\":\"ListItem\",\"position\":2,\"name\":\"Oslava 60. v\u00fdro\u010d\u00ed pov\u00e1le\u010dn\u00e9ho \u0161kolstv\u00ed v Piln\u00edkov\u011b\"}]},{\"@type\":\"WebSite\",\"@id\":\"https:\\\/\\\/jablkon.eu\\\/jbl\\\/#website\",\"url\":\"https:\\\/\\\/jablkon.eu\\\/jbl\\\/\",\"name\":\"Jaroslav Bla\u017eek - fotograf\",\"description\":\"Fotografick\u00e9 pr\u00e1ce - svatebn\u00ed, rodinn\u00e1 a portr\u00e9tn\u00ed fotografie, report\u00e1\u017ee\",\"publisher\":{\"@id\":\"https:\\\/\\\/jablkon.eu\\\/jbl\\\/#\\\/schema\\\/person\\\/4984d4e992f073207f693460109eac25\"},\"potentialAction\":[{\"@type\":\"SearchAction\",\"target\":{\"@type\":\"EntryPoint\",\"urlTemplate\":\"https:\\\/\\\/jablkon.eu\\\/jbl\\\/?s={search_term_string}\"},\"query-input\":{\"@type\":\"PropertyValueSpecification\",\"valueRequired\":true,\"valueName\":\"search_term_string\"}}],\"inLanguage\":\"cs\"},{\"@type\":[\"Person\",\"Organization\"],\"@id\":\"https:\\\/\\\/jablkon.eu\\\/jbl\\\/#\\\/schema\\\/person\\\/4984d4e992f073207f693460109eac25\",\"name\":\"JBla\u017eek\",\"image\":{\"@type\":\"ImageObject\",\"inLanguage\":\"cs\",\"@id\":\"https:\\\/\\\/secure.gravatar.com\\\/avatar\\\/c014bb8932a8609c14cf90b1aebdc83197cddda4aa4e3e599f1e0016a63d942e?s=96&d=mm&r=g\",\"url\":\"https:\\\/\\\/secure.gravatar.com\\\/avatar\\\/c014bb8932a8609c14cf90b1aebdc83197cddda4aa4e3e599f1e0016a63d942e?s=96&d=mm&r=g\",\"contentUrl\":\"https:\\\/\\\/secure.gravatar.com\\\/avatar\\\/c014bb8932a8609c14cf90b1aebdc83197cddda4aa4e3e599f1e0016a63d942e?s=96&d=mm&r=g\",\"caption\":\"JBla\u017eek\"},\"logo\":{\"@id\":\"https:\\\/\\\/secure.gravatar.com\\\/avatar\\\/c014bb8932a8609c14cf90b1aebdc83197cddda4aa4e3e599f1e0016a63d942e?s=96&d=mm&r=g\"},\"sameAs\":[\"http:\\\/\\\/foto.jablkon.cz\"],\"url\":\"https:\\\/\\\/jablkon.eu\\\/jbl\\\/author\\\/admin\\\/\"}]}<\/script>\n<!-- \/ Yoast SEO plugin. -->","yoast_head_json":{"title":"Oslava 60. v\u00fdro\u010d\u00ed pov\u00e1le\u010dn\u00e9ho \u0161kolstv\u00ed v Piln\u00edkov\u011b - Jaroslav Bla\u017eek - fotograf","description":"Jaroslav Bla\u017eek - fotograf","robots":{"index":"index","follow":"follow","max-snippet":"max-snippet:-1","max-image-preview":"max-image-preview:large","max-video-preview":"max-video-preview:-1"},"canonical":"https:\/\/jablkon.eu\/jbl\/pilnikov\/60-vyroci-povalecneho-skolstvi\/","og_locale":"cs_CZ","og_type":"article","og_title":"Oslava 60. v\u00fdro\u010d\u00ed pov\u00e1le\u010dn\u00e9ho \u0161kolstv\u00ed v Piln\u00edkov\u011b - Jaroslav Bla\u017eek - fotograf","og_description":"Jaroslav Bla\u017eek - fotograf","og_url":"https:\/\/jablkon.eu\/jbl\/pilnikov\/60-vyroci-povalecneho-skolstvi\/","og_site_name":"Jaroslav Bla\u017eek - fotograf","article_published_time":"2005-06-05T16:13:33+00:00","article_modified_time":"2013-12-03T08:38:18+00:00","author":"JBla\u017eek","twitter_misc":{"Napsal(a)":"JBla\u017eek","Odhadovan\u00e1 doba \u010dten\u00ed":"2 minuty"},"schema":{"@context":"https:\/\/schema.org","@graph":[{"@type":"Article","@id":"https:\/\/jablkon.eu\/jbl\/pilnikov\/60-vyroci-povalecneho-skolstvi\/#article","isPartOf":{"@id":"https:\/\/jablkon.eu\/jbl\/pilnikov\/60-vyroci-povalecneho-skolstvi\/"},"author":{"name":"JBla\u017eek","@id":"https:\/\/jablkon.eu\/jbl\/#\/schema\/person\/4984d4e992f073207f693460109eac25"},"headline":"Oslava 60. v\u00fdro\u010d\u00ed pov\u00e1le\u010dn\u00e9ho \u0161kolstv\u00ed v Piln\u00edkov\u011b","datePublished":"2005-06-05T16:13:33+00:00","dateModified":"2013-12-03T08:38:18+00:00","mainEntityOfPage":{"@id":"https:\/\/jablkon.eu\/jbl\/pilnikov\/60-vyroci-povalecneho-skolstvi\/"},"wordCount":410,"publisher":{"@id":"https:\/\/jablkon.eu\/jbl\/#\/schema\/person\/4984d4e992f073207f693460109eac25"},"keywords":["kultura","Piln\u00edkov","\u0161kola"],"articleSection":["informace z kultury","m\u011bsto Piln\u00edkov","report\u00e1\u017en\u00ed fotografie","Z\u0160 a M\u0160 Piln\u00edkov"],"inLanguage":"cs"},{"@type":"WebPage","@id":"https:\/\/jablkon.eu\/jbl\/pilnikov\/60-vyroci-povalecneho-skolstvi\/","url":"https:\/\/jablkon.eu\/jbl\/pilnikov\/60-vyroci-povalecneho-skolstvi\/","name":"Oslava 60. v\u00fdro\u010d\u00ed pov\u00e1le\u010dn\u00e9ho \u0161kolstv\u00ed v Piln\u00edkov\u011b - Jaroslav Bla\u017eek - fotograf","isPartOf":{"@id":"https:\/\/jablkon.eu\/jbl\/#website"},"datePublished":"2005-06-05T16:13:33+00:00","dateModified":"2013-12-03T08:38:18+00:00","description":"Jaroslav Bla\u017eek - fotograf","breadcrumb":{"@id":"https:\/\/jablkon.eu\/jbl\/pilnikov\/60-vyroci-povalecneho-skolstvi\/#breadcrumb"},"inLanguage":"cs","potentialAction":[{"@type":"ReadAction","target":["https:\/\/jablkon.eu\/jbl\/pilnikov\/60-vyroci-povalecneho-skolstvi\/"]}]},{"@type":"BreadcrumbList","@id":"https:\/\/jablkon.eu\/jbl\/pilnikov\/60-vyroci-povalecneho-skolstvi\/#breadcrumb","itemListElement":[{"@type":"ListItem","position":1,"name":"Dom\u016f","item":"https:\/\/jablkon.eu\/jbl\/"},{"@type":"ListItem","position":2,"name":"Oslava 60. v\u00fdro\u010d\u00ed pov\u00e1le\u010dn\u00e9ho \u0161kolstv\u00ed v Piln\u00edkov\u011b"}]},{"@type":"WebSite","@id":"https:\/\/jablkon.eu\/jbl\/#website","url":"https:\/\/jablkon.eu\/jbl\/","name":"Jaroslav Bla\u017eek - fotograf","description":"Fotografick\u00e9 pr\u00e1ce - svatebn\u00ed, rodinn\u00e1 a portr\u00e9tn\u00ed fotografie, report\u00e1\u017ee","publisher":{"@id":"https:\/\/jablkon.eu\/jbl\/#\/schema\/person\/4984d4e992f073207f693460109eac25"},"potentialAction":[{"@type":"SearchAction","target":{"@type":"EntryPoint","urlTemplate":"https:\/\/jablkon.eu\/jbl\/?s={search_term_string}"},"query-input":{"@type":"PropertyValueSpecification","valueRequired":true,"valueName":"search_term_string"}}],"inLanguage":"cs"},{"@type":["Person","Organization"],"@id":"https:\/\/jablkon.eu\/jbl\/#\/schema\/person\/4984d4e992f073207f693460109eac25","name":"JBla\u017eek","image":{"@type":"ImageObject","inLanguage":"cs","@id":"https:\/\/secure.gravatar.com\/avatar\/c014bb8932a8609c14cf90b1aebdc83197cddda4aa4e3e599f1e0016a63d942e?s=96&d=mm&r=g","url":"https:\/\/secure.gravatar.com\/avatar\/c014bb8932a8609c14cf90b1aebdc83197cddda4aa4e3e599f1e0016a63d942e?s=96&d=mm&r=g","contentUrl":"https:\/\/secure.gravatar.com\/avatar\/c014bb8932a8609c14cf90b1aebdc83197cddda4aa4e3e599f1e0016a63d942e?s=96&d=mm&r=g","caption":"JBla\u017eek"},"logo":{"@id":"https:\/\/secure.gravatar.com\/avatar\/c014bb8932a8609c14cf90b1aebdc83197cddda4aa4e3e599f1e0016a63d942e?s=96&d=mm&r=g"},"sameAs":["http:\/\/foto.jablkon.cz"],"url":"https:\/\/jablkon.eu\/jbl\/author\/admin\/"}]}},"views":926,"_links":{"self":[{"href":"https:\/\/jablkon.eu\/jbl\/wp-json\/wp\/v2\/posts\/869","targetHints":{"allow":["GET"]}}],"collection":[{"href":"https:\/\/jablkon.eu\/jbl\/wp-json\/wp\/v2\/posts"}],"about":[{"href":"https:\/\/jablkon.eu\/jbl\/wp-json\/wp\/v2\/types\/post"}],"author":[{"embeddable":true,"href":"https:\/\/jablkon.eu\/jbl\/wp-json\/wp\/v2\/users\/1"}],"replies":[{"embeddable":true,"href":"https:\/\/jablkon.eu\/jbl\/wp-json\/wp\/v2\/comments?post=869"}],"version-history":[{"count":0,"href":"https:\/\/jablkon.eu\/jbl\/wp-json\/wp\/v2\/posts\/869\/revisions"}],"wp:attachment":[{"href":"https:\/\/jablkon.eu\/jbl\/wp-json\/wp\/v2\/media?parent=869"}],"wp:term":[{"taxonomy":"category","embeddable":true,"href":"https:\/\/jablkon.eu\/jbl\/wp-json\/wp\/v2\/categories?post=869"},{"taxonomy":"post_tag","embeddable":true,"href":"https:\/\/jablkon.eu\/jbl\/wp-json\/wp\/v2\/tags?post=869"}],"curies":[{"name":"wp","href":"https:\/\/api.w.org\/{rel}","templated":true}]}}