{"id":876,"date":"2010-10-25T16:58:59","date_gmt":"2010-10-25T14:58:59","guid":{"rendered":"http:\/\/www.jablkon.cz\/wordpress\/?p=876"},"modified":"2011-11-16T09:00:12","modified_gmt":"2011-11-16T08:00:12","slug":"prijela-pout","status":"publish","type":"post","link":"https:\/\/jablkon.eu\/jbl\/pilnikov\/pilnikovhistorie\/prijela-pout\/","title":{"rendered":"Vypr\u00e1v\u011bn\u00ed pam\u011btn\u00edk\u016f: P\u0159ijela pou\u0165"},"content":{"rendered":"<p><!-- Na serveru ve\u0159ejn\u00e9 zpr\u00e1vy\u00a0- v t\u00fdden\u00edku vl\u00e1dy \u010cR jem nalezl tento \u010dl\u00e1nek, kter\u00fd se vztahuje k Piln\u00edkovu. http:\/\/www.korupce.cz\/vespra\/online\/kdykde\/revue\/pout.html --><\/p>\n<p style=\"text-align: justify;\"><em>P\u0159ed \u010dasem jsem na Internetu nalezl toto vypr\u00e1v\u011bn\u00ed pam\u011btn\u00edka, piln\u00edkovsk\u00e9ho u\u010ditele, pana Miroslava Proch\u00e1zky datovan\u00e9 rokem 1957. Bohu\u017eel se mi ho nepoda\u0159ilo kontaktovat (p\u016fvodn\u00ed <a title=\"T\u00ddDEN\u00cdK VL\u00c1DY \u010cESK\u00c9 REPUBLIKY\" href=\"http:\/\/aplikace.mvcr.cz\/archiv2008\/vespra\/online\/kdykde\/revue\/pout.html\" target=\"_blank\">odkaz<\/a> nemus\u00ed b\u00fdt funk\u010dn\u00ed), ale snad by mu zve\u0159ejn\u011bn\u00ed jeho vypr\u00e1v\u011bn\u00ed zde nevadilo a nebo si vypr\u00e1v\u011bn\u00ed p\u0159e\u010dte a t\u0159eba se mi i ozve.<\/em><\/p>\n<p style=\"text-align: justify;\">V Piln\u00edkov\u011b byla pou\u0165. Na n\u00e1m\u011bst\u00ed\u010dku p\u0159ed \u0161kolou st\u00e1l \u0159et\u00edz\u00e1k, houpa\u010dky a st\u0159elnice. Majitel se dostavil do \u0161koly, a kdy\u017e obdr\u017eel souhlas s doch\u00e1zkou sv\u00fdch \u010dty\u0159 d\u011bt\u00ed, \u0161eptem \u0159editeli sd\u011blil: &#8222;V\u00edte, T\u00fdna u\u017e druh\u00fdm rokem sed\u00ed v \u0161est\u00e9 t\u0159\u00edd\u011b&#8230; Nemohla by postoupit?&#8220; &#8222;Uvid\u00edme, uvid\u00edme,&#8220; vyprovodil ho \u0159\u00ed\u010fa ze dve\u0159\u00ed. Mal\u00e1 \u0161kola m\u00e1 mal\u00fd u\u010ditelsk\u00fd sbor. Se\u0161li jsme se a p\u0159em\u00edtali, jak d\u00e1ti z\u00e1konu a dopl\u0148uj\u00edc\u00ed vyhl\u00e1\u0161ce pr\u016fchod. T\u0159\u00eddn\u00ed u\u010ditelka vzala \u017e\u00e1kyni vandrovn\u00ed kn\u00ed\u017eku, do n\u00ed\u017e se podepisovali u\u010ditel\u00e9 na p\u0159edch\u00e1zej\u00edc\u00edch \u0161tac\u00edch. Horliv\u011b jsme v n\u00ed listovali. Pot\u00e9 bylo rozhodnuto.<\/p>\n<p style=\"text-align: justify;\">Ustavena byla zku\u0161ebn\u00ed komise a kandid\u00e1tka postupu do vy\u0161\u0161\u00ed t\u0159\u00eddy, Krist\u00fdna Div\u00ed\u0161kov\u00e1 zasedla s tlukouc\u00edm srd\u00ed\u010dkem k pokusu o \u00fasp\u011b\u0161nou klasifikaci. Psala dikt\u00e1t, upamatovala se na b\u00e1se\u0148 ze t\u0159et\u00ed t\u0159\u00eddy Cesti\u010dka k domovu a k vypr\u00e1v\u011bn\u00ed si zvolila p\u0159\u00edhodu &#8222;Jak n\u00e1m ho\u0159ela maringotka a ukradli n\u00e1m kouzelnou slepici&#8220;. Mn\u011b jako \u010de\u0161tin\u00e1\u0159i je\u0161t\u011b  p\u0159iznala, \u017ee ne\u010dte: &#8222;Nem\u00e1m \u010das, odl\u00e9v\u00e1m broky a tvaruju r\u016f\u017ee.&#8220;<\/p>\n<p style=\"text-align: justify;\">Byl jsem spokojen i jako zkou\u0161ej\u00edc\u00ed t\u011blocvik\u00e1\u0159. \u0160plhala jako veverka, kotoul vp\u0159ed i vzad provedla ladn\u011b &#8211; pak \u0161la na p\u0159eskok. Po\u017eadoval jsem rozno\u017eku na koze na\u0161\u00ed\u0159. Rozb\u011bhla se srdnat\u011b, na m\u016fstku zamhou\u0159ila o\u010di a \u0161vih. P\u0159i letu m\u011b objala, porazila a zahu\u010deli jsme do \u017e\u00edn\u011bnky.<\/p>\n<p style=\"text-align: justify;\">Test\u00edky z d\u011bjepisu i ze zem\u011bpisu byly hodnoceny pr\u016fm\u011brn\u011b, na \u017e\u00e1dost kolegyn\u011b, a\u0165 zazp\u00edv\u00e1 lidovou p\u00edse\u0148, zap\u011bla &#8222;stejn\u011b jako \u017elut\u00e9 kv\u011bty \u0161afr\u00e1nu, von\u00ed tvoje vlasy, Krist\u00fdnko&#8230;&#8220; m\u011bla kr\u00e1sn\u00fd \u010dist\u00fd hlas. Z p\u0159\u00edrodopisu bezpe\u010dn\u011b mezi vycpaninami ur\u010dila vrabce poln\u00edho, odm\u00edtla v\u0161ak p\u0159i laborce pitvat \u017e\u00ed\u017ealu.<\/p>\n<p style=\"text-align: justify;\">\u0160kolu po cel\u00fd t\u00fdden nav\u0161t\u011bvovala s chut\u00ed a pravideln\u011b. 30. \u010dervna si Krist\u00fdna \u0159e\u010den\u00e1 T\u00fdna nesla ze \u0161koly vysv\u011bd\u010den\u00ed. Prosp\u011bla, byla v sedm\u00fdm nebi, cel\u00e1 z\u00e1\u0159ila.<\/p>\n<p style=\"text-align: justify;\">Odpoledne na pouti vyhr\u00e1vali sam\u00e9 vesel\u00e9 p\u00edsni\u010dky. P\u0159\u00edjemn\u00fd ve\u010der n\u00e1s u\u010ditele p\u0159il\u00e1kal na pou\u0165, ke koloto\u010di. Najednou k\u0159aplav\u00fd hlas amplionu ozn\u00e1mil: &#8222;A nyn\u00ed, v\u00e1\u017een\u00ed, dv\u011b mimo\u0159\u00e1dn\u011b prodlou\u017een\u00e9 j\u00edzdy zdarma pro u\u010ditele&#8230; Ra\u010dte nastupovat!&#8220; L\u00edtali jsme a\u017e nad st\u0159echou \u0161koly. Ub\u00edhala l\u00e9ta kantorsk\u00e9 slu\u017eby. Je zase pou\u0165 a m\u016fj vnuk pr\u00e1v\u011b sl\u00e9z\u00e1 ze &#8222;zv\u00ed\u0159ec\u00edho koloto\u010de&#8220;. Pan\u00ed ve slu\u0161iv\u00fdch \u0161atech, s prsteny a n\u00e1ramky na rukou, odm\u00edtla p\u011btikorunu, kterou Mire\u010dek proskota\u010dil jako kovboj na strakat\u00e9m mustangu.<\/p>\n<p style=\"text-align: justify;\">&#8222;To je dobr\u00fd&#8230; pane u\u010diteli. Nepojedete je\u0161t\u011b p\u0159\u00ed\u0161t\u00ed j\u00edzdu?&#8220; Z\u010dervenal jsem jako rajsk\u00fd jabl\u00ed\u010dko &#8211; a \u0161lehla m\u011b vzpom\u00ednka na j\u00edzdu zdarma l\u00e9ta p\u00e1n\u011b 1957. &#8222;Bo\u017ee, T\u00fdno, jste to vy?&#8220; Byla to Krist\u00fdnka &#8211; p\u00edsni\u010dka m\u00e9ho ml\u00e1d\u00ed. A potatila se, \u017ee?<\/p>\n<p>Na \u0159et\u00edz\u00e1k u\u017e nem\u00e1m odvahu.<\/p>\n<p style=\"text-align: center;\">Miroslav Proch\u00e1zka<\/p>\n<h3>Souvisej\u00edc\u00ed obr\u00e1zky:<\/h3>","protected":false},"excerpt":{"rendered":"<p>P\u0159ed \u010dasem jsem na Internetu nalezl toto vypr\u00e1v\u011bn\u00ed pam\u011btn\u00edka, piln\u00edkovsk\u00e9ho u\u010ditele, pana Miroslava Proch\u00e1zky datovan\u00e9 rokem 1957. Bohu\u017eel se mi ho nepoda\u0159ilo kontaktovat (p\u016fvodn\u00ed odkaz nemus\u00ed b\u00fdt funk\u010dn\u00ed), ale snad by mu zve\u0159ejn\u011bn\u00ed jeho vypr\u00e1v\u011bn\u00ed zde nevadilo a nebo si &hellip; <a href=\"https:\/\/jablkon.eu\/jbl\/pilnikov\/pilnikovhistorie\/prijela-pout\/\">Cel\u00fd p\u0159\u00edsp\u011bvek <span class=\"meta-nav\">&rarr;<\/span><\/a><\/p>\n","protected":false},"author":1,"featured_media":0,"comment_status":"closed","ping_status":"open","sticky":false,"template":"","format":"standard","meta":{"ngg_post_thumbnail":0,"footnotes":""},"categories":[9,18],"tags":[55,46],"class_list":["post-876","post","type-post","status-publish","format-standard","hentry","category-pilnikovhistorie","category-zs-a-ms","tag-historie","tag-pilnikov-2"],"yoast_head":"<!-- This site is optimized with the Yoast SEO plugin v27.5 - https:\/\/yoast.com\/product\/yoast-seo-wordpress\/ -->\n<title>Vypr\u00e1v\u011bn\u00ed pam\u011btn\u00edk\u016f: P\u0159ijela pou\u0165 - Jaroslav Bla\u017eek - fotograf<\/title>\n<meta name=\"description\" content=\"Jaroslav Bla\u017eek - fotograf\" \/>\n<meta name=\"robots\" content=\"index, follow, max-snippet:-1, max-image-preview:large, max-video-preview:-1\" \/>\n<link rel=\"canonical\" href=\"https:\/\/jablkon.eu\/jbl\/pilnikov\/pilnikovhistorie\/prijela-pout\/\" \/>\n<meta property=\"og:locale\" content=\"cs_CZ\" \/>\n<meta property=\"og:type\" content=\"article\" \/>\n<meta property=\"og:title\" content=\"Vypr\u00e1v\u011bn\u00ed pam\u011btn\u00edk\u016f: P\u0159ijela pou\u0165 - Jaroslav Bla\u017eek - fotograf\" \/>\n<meta property=\"og:description\" content=\"Jaroslav Bla\u017eek - fotograf\" \/>\n<meta property=\"og:url\" content=\"https:\/\/jablkon.eu\/jbl\/pilnikov\/pilnikovhistorie\/prijela-pout\/\" \/>\n<meta property=\"og:site_name\" content=\"Jaroslav Bla\u017eek - fotograf\" \/>\n<meta property=\"article:published_time\" content=\"2010-10-25T14:58:59+00:00\" \/>\n<meta property=\"article:modified_time\" content=\"2011-11-16T08:00:12+00:00\" \/>\n<meta name=\"author\" content=\"JBla\u017eek\" \/>\n<meta name=\"twitter:label1\" content=\"Napsal(a)\" \/>\n\t<meta name=\"twitter:data1\" content=\"JBla\u017eek\" \/>\n\t<meta name=\"twitter:label2\" content=\"Odhadovan\u00e1 doba \u010dten\u00ed\" \/>\n\t<meta name=\"twitter:data2\" content=\"3 minuty\" \/>\n<script type=\"application\/ld+json\" class=\"yoast-schema-graph\">{\"@context\":\"https:\\\/\\\/schema.org\",\"@graph\":[{\"@type\":\"Article\",\"@id\":\"https:\\\/\\\/jablkon.eu\\\/jbl\\\/pilnikov\\\/pilnikovhistorie\\\/prijela-pout\\\/#article\",\"isPartOf\":{\"@id\":\"https:\\\/\\\/jablkon.eu\\\/jbl\\\/pilnikov\\\/pilnikovhistorie\\\/prijela-pout\\\/\"},\"author\":{\"name\":\"JBla\u017eek\",\"@id\":\"https:\\\/\\\/jablkon.eu\\\/jbl\\\/#\\\/schema\\\/person\\\/4984d4e992f073207f693460109eac25\"},\"headline\":\"Vypr\u00e1v\u011bn\u00ed pam\u011btn\u00edk\u016f: P\u0159ijela pou\u0165\",\"datePublished\":\"2010-10-25T14:58:59+00:00\",\"dateModified\":\"2011-11-16T08:00:12+00:00\",\"mainEntityOfPage\":{\"@id\":\"https:\\\/\\\/jablkon.eu\\\/jbl\\\/pilnikov\\\/pilnikovhistorie\\\/prijela-pout\\\/\"},\"wordCount\":637,\"publisher\":{\"@id\":\"https:\\\/\\\/jablkon.eu\\\/jbl\\\/#\\\/schema\\\/person\\\/4984d4e992f073207f693460109eac25\"},\"keywords\":[\"historie\",\"Piln\u00edkov\"],\"articleSection\":[\"n\u011bco z historie\",\"Z\u0160 a M\u0160 Piln\u00edkov\"],\"inLanguage\":\"cs\"},{\"@type\":\"WebPage\",\"@id\":\"https:\\\/\\\/jablkon.eu\\\/jbl\\\/pilnikov\\\/pilnikovhistorie\\\/prijela-pout\\\/\",\"url\":\"https:\\\/\\\/jablkon.eu\\\/jbl\\\/pilnikov\\\/pilnikovhistorie\\\/prijela-pout\\\/\",\"name\":\"Vypr\u00e1v\u011bn\u00ed pam\u011btn\u00edk\u016f: P\u0159ijela pou\u0165 - Jaroslav Bla\u017eek - fotograf\",\"isPartOf\":{\"@id\":\"https:\\\/\\\/jablkon.eu\\\/jbl\\\/#website\"},\"datePublished\":\"2010-10-25T14:58:59+00:00\",\"dateModified\":\"2011-11-16T08:00:12+00:00\",\"description\":\"Jaroslav Bla\u017eek - fotograf\",\"breadcrumb\":{\"@id\":\"https:\\\/\\\/jablkon.eu\\\/jbl\\\/pilnikov\\\/pilnikovhistorie\\\/prijela-pout\\\/#breadcrumb\"},\"inLanguage\":\"cs\",\"potentialAction\":[{\"@type\":\"ReadAction\",\"target\":[\"https:\\\/\\\/jablkon.eu\\\/jbl\\\/pilnikov\\\/pilnikovhistorie\\\/prijela-pout\\\/\"]}]},{\"@type\":\"BreadcrumbList\",\"@id\":\"https:\\\/\\\/jablkon.eu\\\/jbl\\\/pilnikov\\\/pilnikovhistorie\\\/prijela-pout\\\/#breadcrumb\",\"itemListElement\":[{\"@type\":\"ListItem\",\"position\":1,\"name\":\"Dom\u016f\",\"item\":\"https:\\\/\\\/jablkon.eu\\\/jbl\\\/\"},{\"@type\":\"ListItem\",\"position\":2,\"name\":\"Vypr\u00e1v\u011bn\u00ed pam\u011btn\u00edk\u016f: P\u0159ijela pou\u0165\"}]},{\"@type\":\"WebSite\",\"@id\":\"https:\\\/\\\/jablkon.eu\\\/jbl\\\/#website\",\"url\":\"https:\\\/\\\/jablkon.eu\\\/jbl\\\/\",\"name\":\"Jaroslav Bla\u017eek - fotograf\",\"description\":\"Fotografick\u00e9 pr\u00e1ce - svatebn\u00ed, rodinn\u00e1 a portr\u00e9tn\u00ed fotografie, report\u00e1\u017ee\",\"publisher\":{\"@id\":\"https:\\\/\\\/jablkon.eu\\\/jbl\\\/#\\\/schema\\\/person\\\/4984d4e992f073207f693460109eac25\"},\"potentialAction\":[{\"@type\":\"SearchAction\",\"target\":{\"@type\":\"EntryPoint\",\"urlTemplate\":\"https:\\\/\\\/jablkon.eu\\\/jbl\\\/?s={search_term_string}\"},\"query-input\":{\"@type\":\"PropertyValueSpecification\",\"valueRequired\":true,\"valueName\":\"search_term_string\"}}],\"inLanguage\":\"cs\"},{\"@type\":[\"Person\",\"Organization\"],\"@id\":\"https:\\\/\\\/jablkon.eu\\\/jbl\\\/#\\\/schema\\\/person\\\/4984d4e992f073207f693460109eac25\",\"name\":\"JBla\u017eek\",\"image\":{\"@type\":\"ImageObject\",\"inLanguage\":\"cs\",\"@id\":\"https:\\\/\\\/secure.gravatar.com\\\/avatar\\\/c014bb8932a8609c14cf90b1aebdc83197cddda4aa4e3e599f1e0016a63d942e?s=96&d=mm&r=g\",\"url\":\"https:\\\/\\\/secure.gravatar.com\\\/avatar\\\/c014bb8932a8609c14cf90b1aebdc83197cddda4aa4e3e599f1e0016a63d942e?s=96&d=mm&r=g\",\"contentUrl\":\"https:\\\/\\\/secure.gravatar.com\\\/avatar\\\/c014bb8932a8609c14cf90b1aebdc83197cddda4aa4e3e599f1e0016a63d942e?s=96&d=mm&r=g\",\"caption\":\"JBla\u017eek\"},\"logo\":{\"@id\":\"https:\\\/\\\/secure.gravatar.com\\\/avatar\\\/c014bb8932a8609c14cf90b1aebdc83197cddda4aa4e3e599f1e0016a63d942e?s=96&d=mm&r=g\"},\"sameAs\":[\"http:\\\/\\\/foto.jablkon.cz\"],\"url\":\"https:\\\/\\\/jablkon.eu\\\/jbl\\\/author\\\/admin\\\/\"}]}<\/script>\n<!-- \/ Yoast SEO plugin. -->","yoast_head_json":{"title":"Vypr\u00e1v\u011bn\u00ed pam\u011btn\u00edk\u016f: P\u0159ijela pou\u0165 - Jaroslav Bla\u017eek - fotograf","description":"Jaroslav Bla\u017eek - fotograf","robots":{"index":"index","follow":"follow","max-snippet":"max-snippet:-1","max-image-preview":"max-image-preview:large","max-video-preview":"max-video-preview:-1"},"canonical":"https:\/\/jablkon.eu\/jbl\/pilnikov\/pilnikovhistorie\/prijela-pout\/","og_locale":"cs_CZ","og_type":"article","og_title":"Vypr\u00e1v\u011bn\u00ed pam\u011btn\u00edk\u016f: P\u0159ijela pou\u0165 - Jaroslav Bla\u017eek - fotograf","og_description":"Jaroslav Bla\u017eek - fotograf","og_url":"https:\/\/jablkon.eu\/jbl\/pilnikov\/pilnikovhistorie\/prijela-pout\/","og_site_name":"Jaroslav Bla\u017eek - fotograf","article_published_time":"2010-10-25T14:58:59+00:00","article_modified_time":"2011-11-16T08:00:12+00:00","author":"JBla\u017eek","twitter_misc":{"Napsal(a)":"JBla\u017eek","Odhadovan\u00e1 doba \u010dten\u00ed":"3 minuty"},"schema":{"@context":"https:\/\/schema.org","@graph":[{"@type":"Article","@id":"https:\/\/jablkon.eu\/jbl\/pilnikov\/pilnikovhistorie\/prijela-pout\/#article","isPartOf":{"@id":"https:\/\/jablkon.eu\/jbl\/pilnikov\/pilnikovhistorie\/prijela-pout\/"},"author":{"name":"JBla\u017eek","@id":"https:\/\/jablkon.eu\/jbl\/#\/schema\/person\/4984d4e992f073207f693460109eac25"},"headline":"Vypr\u00e1v\u011bn\u00ed pam\u011btn\u00edk\u016f: P\u0159ijela pou\u0165","datePublished":"2010-10-25T14:58:59+00:00","dateModified":"2011-11-16T08:00:12+00:00","mainEntityOfPage":{"@id":"https:\/\/jablkon.eu\/jbl\/pilnikov\/pilnikovhistorie\/prijela-pout\/"},"wordCount":637,"publisher":{"@id":"https:\/\/jablkon.eu\/jbl\/#\/schema\/person\/4984d4e992f073207f693460109eac25"},"keywords":["historie","Piln\u00edkov"],"articleSection":["n\u011bco z historie","Z\u0160 a M\u0160 Piln\u00edkov"],"inLanguage":"cs"},{"@type":"WebPage","@id":"https:\/\/jablkon.eu\/jbl\/pilnikov\/pilnikovhistorie\/prijela-pout\/","url":"https:\/\/jablkon.eu\/jbl\/pilnikov\/pilnikovhistorie\/prijela-pout\/","name":"Vypr\u00e1v\u011bn\u00ed pam\u011btn\u00edk\u016f: P\u0159ijela pou\u0165 - Jaroslav Bla\u017eek - fotograf","isPartOf":{"@id":"https:\/\/jablkon.eu\/jbl\/#website"},"datePublished":"2010-10-25T14:58:59+00:00","dateModified":"2011-11-16T08:00:12+00:00","description":"Jaroslav Bla\u017eek - fotograf","breadcrumb":{"@id":"https:\/\/jablkon.eu\/jbl\/pilnikov\/pilnikovhistorie\/prijela-pout\/#breadcrumb"},"inLanguage":"cs","potentialAction":[{"@type":"ReadAction","target":["https:\/\/jablkon.eu\/jbl\/pilnikov\/pilnikovhistorie\/prijela-pout\/"]}]},{"@type":"BreadcrumbList","@id":"https:\/\/jablkon.eu\/jbl\/pilnikov\/pilnikovhistorie\/prijela-pout\/#breadcrumb","itemListElement":[{"@type":"ListItem","position":1,"name":"Dom\u016f","item":"https:\/\/jablkon.eu\/jbl\/"},{"@type":"ListItem","position":2,"name":"Vypr\u00e1v\u011bn\u00ed pam\u011btn\u00edk\u016f: P\u0159ijela pou\u0165"}]},{"@type":"WebSite","@id":"https:\/\/jablkon.eu\/jbl\/#website","url":"https:\/\/jablkon.eu\/jbl\/","name":"Jaroslav Bla\u017eek - fotograf","description":"Fotografick\u00e9 pr\u00e1ce - svatebn\u00ed, rodinn\u00e1 a portr\u00e9tn\u00ed fotografie, report\u00e1\u017ee","publisher":{"@id":"https:\/\/jablkon.eu\/jbl\/#\/schema\/person\/4984d4e992f073207f693460109eac25"},"potentialAction":[{"@type":"SearchAction","target":{"@type":"EntryPoint","urlTemplate":"https:\/\/jablkon.eu\/jbl\/?s={search_term_string}"},"query-input":{"@type":"PropertyValueSpecification","valueRequired":true,"valueName":"search_term_string"}}],"inLanguage":"cs"},{"@type":["Person","Organization"],"@id":"https:\/\/jablkon.eu\/jbl\/#\/schema\/person\/4984d4e992f073207f693460109eac25","name":"JBla\u017eek","image":{"@type":"ImageObject","inLanguage":"cs","@id":"https:\/\/secure.gravatar.com\/avatar\/c014bb8932a8609c14cf90b1aebdc83197cddda4aa4e3e599f1e0016a63d942e?s=96&d=mm&r=g","url":"https:\/\/secure.gravatar.com\/avatar\/c014bb8932a8609c14cf90b1aebdc83197cddda4aa4e3e599f1e0016a63d942e?s=96&d=mm&r=g","contentUrl":"https:\/\/secure.gravatar.com\/avatar\/c014bb8932a8609c14cf90b1aebdc83197cddda4aa4e3e599f1e0016a63d942e?s=96&d=mm&r=g","caption":"JBla\u017eek"},"logo":{"@id":"https:\/\/secure.gravatar.com\/avatar\/c014bb8932a8609c14cf90b1aebdc83197cddda4aa4e3e599f1e0016a63d942e?s=96&d=mm&r=g"},"sameAs":["http:\/\/foto.jablkon.cz"],"url":"https:\/\/jablkon.eu\/jbl\/author\/admin\/"}]}},"views":1102,"_links":{"self":[{"href":"https:\/\/jablkon.eu\/jbl\/wp-json\/wp\/v2\/posts\/876","targetHints":{"allow":["GET"]}}],"collection":[{"href":"https:\/\/jablkon.eu\/jbl\/wp-json\/wp\/v2\/posts"}],"about":[{"href":"https:\/\/jablkon.eu\/jbl\/wp-json\/wp\/v2\/types\/post"}],"author":[{"embeddable":true,"href":"https:\/\/jablkon.eu\/jbl\/wp-json\/wp\/v2\/users\/1"}],"replies":[{"embeddable":true,"href":"https:\/\/jablkon.eu\/jbl\/wp-json\/wp\/v2\/comments?post=876"}],"version-history":[{"count":0,"href":"https:\/\/jablkon.eu\/jbl\/wp-json\/wp\/v2\/posts\/876\/revisions"}],"wp:attachment":[{"href":"https:\/\/jablkon.eu\/jbl\/wp-json\/wp\/v2\/media?parent=876"}],"wp:term":[{"taxonomy":"category","embeddable":true,"href":"https:\/\/jablkon.eu\/jbl\/wp-json\/wp\/v2\/categories?post=876"},{"taxonomy":"post_tag","embeddable":true,"href":"https:\/\/jablkon.eu\/jbl\/wp-json\/wp\/v2\/tags?post=876"}],"curies":[{"name":"wp","href":"https:\/\/api.w.org\/{rel}","templated":true}]}}