{"id":888,"date":"2001-03-01T12:08:30","date_gmt":"2001-03-01T11:08:30","guid":{"rendered":"http:\/\/www.jablkon.cz\/wordpress\/?p=888"},"modified":"2012-04-03T08:27:09","modified_gmt":"2012-04-03T06:27:09","slug":"nazvy-ulic","status":"publish","type":"post","link":"https:\/\/jablkon.eu\/jbl\/pilnikov\/nazvy-ulic\/","title":{"rendered":"N\u00e1zvy ulic"},"content":{"rendered":"<p>S platnost\u00ed od 01.03.2001 jsou v Piln\u00edkov\u011b pou\u017e\u00edv\u00e1ny tyto n\u00e1zvy ulic:<br \/>\n<span style=\"font-size: x-small;\"><em>(Tabulky s ozna\u010den\u00edm jsou tmav\u011b modr\u00e9 se znakem obce a b\u00edl\u00fdm or\u00e1mov\u00e1n\u00edm a n\u00e1zvem ulice.)<\/em><\/span><\/p>\n<p style=\"text-align: center;\"><span style=\"font-size: x-small;\"><img decoding=\"async\" class=\"ngg-singlepic ngg-center\" src=\"https:\/\/jablkon.eu\/jbl\/wp-content\/gallery\/cz\/pilnikov\/znaky\/ulice.jpg\" alt=\"ulice\" \/><\/span><\/p>\n<table border=\"0\" cellspacing=\"0\" cellpadding=\"5\" width=\"99%\">\n<tbody>\n<tr>\n<td width=\"180\"><strong><span style=\"color: #ff0000;\">N\u00e1zev ulice<\/span><\/strong><\/td>\n<td width=\"*\"><strong><span style=\"color: #ff0000;\">\u010c\u00edslo popisn\u00e9<\/span><\/strong><\/td>\n<\/tr>\n<tr>\n<td>N\u00c1M\u011aST\u00cd<\/td>\n<td>1-21, 24, 25, 27-36, 41, 48, 58-68<\/td>\n<\/tr>\n<tr>\n<td>HRAD\u010c\u00cdN<\/td>\n<td>105, 107-109, 111, 112, 117-132, 135, 136, 140, 144, 149, 150, 178<\/td>\n<\/tr>\n<tr>\n<td>FARN\u00cd<\/td>\n<td>42, 44-47, 49, 137, 138, 188<\/td>\n<\/tr>\n<tr>\n<td>OKRU\u017dN\u00cd<\/td>\n<td>78-84, 87, 90, 102-104, 106, 114, 154<\/td>\n<\/tr>\n<tr>\n<td>\u00daZK\u00c1<\/td>\n<td>86, 88, 94-96, 99, 101<\/td>\n<\/tr>\n<tr>\n<td>TRUTNOVSK\u00c1<\/td>\n<td>26, 37-39, 50-57, 174-176, 185, 211, 293-302, 304-307, 309, 312-314, 319, 330, 331, 355, 366, 381, 386<\/td>\n<\/tr>\n<tr>\n<td>PRA\u017dSK\u00c1<\/td>\n<td>97, 98, 151, 177, 236, 250-252, 256, 257, 259-261, 263, 270, 276, 278, 279, 281-284, 338, 339, 356, 369, 373, 375, 387, 393<\/td>\n<\/tr>\n<tr>\n<td>KOCL\u00c9\u0158OVSK\u00c1<\/td>\n<td>180, 229-231, 286-288, 336, 367<\/td>\n<\/tr>\n<tr>\n<td>ML\u00ddNSK\u00c1<\/td>\n<td>234-239, 241, 267, 341, 374<\/td>\n<\/tr>\n<tr>\n<td>NA KOPE\u010cKU<\/td>\n<td>242-245, 247-249<\/td>\n<\/tr>\n<tr>\n<td>N\u00c1DRA\u017dN\u00cd<\/td>\n<td>271-275, 277, 280, 337, 343, 344, 346, 350, 353, 378, 380, 382<\/td>\n<\/tr>\n<tr>\n<td>ZA TRAT\u00cd<\/td>\n<td>203, 204, 212, 216-220, 222, 384, 385, 388-391<\/td>\n<\/tr>\n<tr>\n<td>TOV\u00c1RN\u00cd<\/td>\n<td>40, 91-93, 290-292, 322, 349, 351, 354, 370, 376, 383<\/td>\n<\/tr>\n<tr>\n<td>NOVOM\u011aSTSK\u00c1<\/td>\n<td>159-161, 164, 165, 169, 181, 183, 221, 223, 224, 226-228, 340<\/td>\n<\/tr>\n<tr>\n<td>K T\u00c1BORU<\/td>\n<td>22, 23, 85, 155, 186, 187, 189-200, 225<\/td>\n<\/tr>\n<tr>\n<td>KE H\u0158I\u0160TI<\/td>\n<td>43, 76, 77, 89, 100, 179<\/td>\n<\/tr>\n<tr>\n<td>POLN\u00cd<\/td>\n<td>69-75, 167, 168, 170, 171, 182, 184, 202, 206-210, 213-215, 303, 358<\/td>\n<\/tr>\n<tr>\n<td>LETN\u00c1<\/td>\n<td>357, 359-364, 368, 371, 372, 377, 395-403<\/td>\n<\/tr>\n<tr>\n<td>STAROBUCK\u00c1<\/td>\n<td>316, 318, 320, 323, 324, 328, 329, 394<\/td>\n<\/tr>\n<\/tbody>\n<\/table>\n<h3>Souvisej\u00edc\u00ed obr\u00e1zky:<\/h3>","protected":false},"excerpt":{"rendered":"<p>S platnost\u00ed od 01.03.2001 jsou v Piln\u00edkov\u011b pou\u017e\u00edv\u00e1ny tyto n\u00e1zvy ulic: (Tabulky s ozna\u010den\u00edm jsou tmav\u011b modr\u00e9 se znakem obce a b\u00edl\u00fdm or\u00e1mov\u00e1n\u00edm a n\u00e1zvem ulice.) N\u00e1zev ulice \u010c\u00edslo popisn\u00e9 N\u00c1M\u011aST\u00cd 1-21, 24, 25, 27-36, 41, 48, 58-68 HRAD\u010c\u00cdN 105, &hellip; <a href=\"https:\/\/jablkon.eu\/jbl\/pilnikov\/nazvy-ulic\/\">Cel\u00fd p\u0159\u00edsp\u011bvek <span class=\"meta-nav\">&rarr;<\/span><\/a><\/p>\n","protected":false},"author":1,"featured_media":0,"comment_status":"closed","ping_status":"open","sticky":false,"template":"","format":"standard","meta":{"ngg_post_thumbnail":0,"footnotes":""},"categories":[7,9],"tags":[],"class_list":["post-888","post","type-post","status-publish","format-standard","hentry","category-pilnikov","category-pilnikovhistorie"],"yoast_head":"<!-- This site is optimized with the Yoast SEO plugin v27.5 - https:\/\/yoast.com\/product\/yoast-seo-wordpress\/ -->\n<title>N\u00e1zvy ulic - Jaroslav Bla\u017eek - fotograf<\/title>\n<meta name=\"description\" content=\"Jaroslav Bla\u017eek - fotograf\" \/>\n<meta name=\"robots\" content=\"index, follow, max-snippet:-1, max-image-preview:large, max-video-preview:-1\" \/>\n<link rel=\"canonical\" href=\"https:\/\/jablkon.eu\/jbl\/pilnikov\/nazvy-ulic\/\" \/>\n<meta property=\"og:locale\" content=\"cs_CZ\" \/>\n<meta property=\"og:type\" content=\"article\" \/>\n<meta property=\"og:title\" content=\"N\u00e1zvy ulic - Jaroslav Bla\u017eek - fotograf\" \/>\n<meta property=\"og:description\" content=\"Jaroslav Bla\u017eek - fotograf\" \/>\n<meta property=\"og:url\" content=\"https:\/\/jablkon.eu\/jbl\/pilnikov\/nazvy-ulic\/\" \/>\n<meta property=\"og:site_name\" content=\"Jaroslav Bla\u017eek - fotograf\" \/>\n<meta property=\"article:published_time\" content=\"2001-03-01T11:08:30+00:00\" \/>\n<meta property=\"article:modified_time\" content=\"2012-04-03T06:27:09+00:00\" \/>\n<meta property=\"og:image\" content=\"http:\/\/jablkon.eu\/jbl\/wp-content\/gallery\/cz\/pilnikov\/znaky\/ulice.jpg\" \/>\n<meta name=\"author\" content=\"JBla\u017eek\" \/>\n<meta name=\"twitter:label1\" content=\"Napsal(a)\" \/>\n\t<meta name=\"twitter:data1\" content=\"JBla\u017eek\" \/>\n\t<meta name=\"twitter:label2\" content=\"Odhadovan\u00e1 doba \u010dten\u00ed\" \/>\n\t<meta name=\"twitter:data2\" content=\"1 minuta\" \/>\n<script type=\"application\/ld+json\" class=\"yoast-schema-graph\">{\"@context\":\"https:\\\/\\\/schema.org\",\"@graph\":[{\"@type\":\"Article\",\"@id\":\"https:\\\/\\\/jablkon.eu\\\/jbl\\\/pilnikov\\\/nazvy-ulic\\\/#article\",\"isPartOf\":{\"@id\":\"https:\\\/\\\/jablkon.eu\\\/jbl\\\/pilnikov\\\/nazvy-ulic\\\/\"},\"author\":{\"name\":\"JBla\u017eek\",\"@id\":\"https:\\\/\\\/jablkon.eu\\\/jbl\\\/#\\\/schema\\\/person\\\/4984d4e992f073207f693460109eac25\"},\"headline\":\"N\u00e1zvy ulic\",\"datePublished\":\"2001-03-01T11:08:30+00:00\",\"dateModified\":\"2012-04-03T06:27:09+00:00\",\"mainEntityOfPage\":{\"@id\":\"https:\\\/\\\/jablkon.eu\\\/jbl\\\/pilnikov\\\/nazvy-ulic\\\/\"},\"wordCount\":119,\"publisher\":{\"@id\":\"https:\\\/\\\/jablkon.eu\\\/jbl\\\/#\\\/schema\\\/person\\\/4984d4e992f073207f693460109eac25\"},\"image\":{\"@id\":\"https:\\\/\\\/jablkon.eu\\\/jbl\\\/pilnikov\\\/nazvy-ulic\\\/#primaryimage\"},\"thumbnailUrl\":\"http:\\\/\\\/jablkon.eu\\\/jbl\\\/wp-content\\\/gallery\\\/cz\\\/pilnikov\\\/znaky\\\/ulice.jpg\",\"articleSection\":[\"m\u011bsto Piln\u00edkov\",\"n\u011bco z historie\"],\"inLanguage\":\"cs\"},{\"@type\":\"WebPage\",\"@id\":\"https:\\\/\\\/jablkon.eu\\\/jbl\\\/pilnikov\\\/nazvy-ulic\\\/\",\"url\":\"https:\\\/\\\/jablkon.eu\\\/jbl\\\/pilnikov\\\/nazvy-ulic\\\/\",\"name\":\"N\u00e1zvy ulic - Jaroslav Bla\u017eek - fotograf\",\"isPartOf\":{\"@id\":\"https:\\\/\\\/jablkon.eu\\\/jbl\\\/#website\"},\"primaryImageOfPage\":{\"@id\":\"https:\\\/\\\/jablkon.eu\\\/jbl\\\/pilnikov\\\/nazvy-ulic\\\/#primaryimage\"},\"image\":{\"@id\":\"https:\\\/\\\/jablkon.eu\\\/jbl\\\/pilnikov\\\/nazvy-ulic\\\/#primaryimage\"},\"thumbnailUrl\":\"http:\\\/\\\/jablkon.eu\\\/jbl\\\/wp-content\\\/gallery\\\/cz\\\/pilnikov\\\/znaky\\\/ulice.jpg\",\"datePublished\":\"2001-03-01T11:08:30+00:00\",\"dateModified\":\"2012-04-03T06:27:09+00:00\",\"description\":\"Jaroslav Bla\u017eek - fotograf\",\"breadcrumb\":{\"@id\":\"https:\\\/\\\/jablkon.eu\\\/jbl\\\/pilnikov\\\/nazvy-ulic\\\/#breadcrumb\"},\"inLanguage\":\"cs\",\"potentialAction\":[{\"@type\":\"ReadAction\",\"target\":[\"https:\\\/\\\/jablkon.eu\\\/jbl\\\/pilnikov\\\/nazvy-ulic\\\/\"]}]},{\"@type\":\"ImageObject\",\"inLanguage\":\"cs\",\"@id\":\"https:\\\/\\\/jablkon.eu\\\/jbl\\\/pilnikov\\\/nazvy-ulic\\\/#primaryimage\",\"url\":\"http:\\\/\\\/jablkon.eu\\\/jbl\\\/wp-content\\\/gallery\\\/cz\\\/pilnikov\\\/znaky\\\/ulice.jpg\",\"contentUrl\":\"http:\\\/\\\/jablkon.eu\\\/jbl\\\/wp-content\\\/gallery\\\/cz\\\/pilnikov\\\/znaky\\\/ulice.jpg\"},{\"@type\":\"BreadcrumbList\",\"@id\":\"https:\\\/\\\/jablkon.eu\\\/jbl\\\/pilnikov\\\/nazvy-ulic\\\/#breadcrumb\",\"itemListElement\":[{\"@type\":\"ListItem\",\"position\":1,\"name\":\"Dom\u016f\",\"item\":\"https:\\\/\\\/jablkon.eu\\\/jbl\\\/\"},{\"@type\":\"ListItem\",\"position\":2,\"name\":\"N\u00e1zvy ulic\"}]},{\"@type\":\"WebSite\",\"@id\":\"https:\\\/\\\/jablkon.eu\\\/jbl\\\/#website\",\"url\":\"https:\\\/\\\/jablkon.eu\\\/jbl\\\/\",\"name\":\"Jaroslav Bla\u017eek - fotograf\",\"description\":\"Fotografick\u00e9 pr\u00e1ce - svatebn\u00ed, rodinn\u00e1 a portr\u00e9tn\u00ed fotografie, report\u00e1\u017ee\",\"publisher\":{\"@id\":\"https:\\\/\\\/jablkon.eu\\\/jbl\\\/#\\\/schema\\\/person\\\/4984d4e992f073207f693460109eac25\"},\"potentialAction\":[{\"@type\":\"SearchAction\",\"target\":{\"@type\":\"EntryPoint\",\"urlTemplate\":\"https:\\\/\\\/jablkon.eu\\\/jbl\\\/?s={search_term_string}\"},\"query-input\":{\"@type\":\"PropertyValueSpecification\",\"valueRequired\":true,\"valueName\":\"search_term_string\"}}],\"inLanguage\":\"cs\"},{\"@type\":[\"Person\",\"Organization\"],\"@id\":\"https:\\\/\\\/jablkon.eu\\\/jbl\\\/#\\\/schema\\\/person\\\/4984d4e992f073207f693460109eac25\",\"name\":\"JBla\u017eek\",\"image\":{\"@type\":\"ImageObject\",\"inLanguage\":\"cs\",\"@id\":\"https:\\\/\\\/secure.gravatar.com\\\/avatar\\\/c014bb8932a8609c14cf90b1aebdc83197cddda4aa4e3e599f1e0016a63d942e?s=96&d=mm&r=g\",\"url\":\"https:\\\/\\\/secure.gravatar.com\\\/avatar\\\/c014bb8932a8609c14cf90b1aebdc83197cddda4aa4e3e599f1e0016a63d942e?s=96&d=mm&r=g\",\"contentUrl\":\"https:\\\/\\\/secure.gravatar.com\\\/avatar\\\/c014bb8932a8609c14cf90b1aebdc83197cddda4aa4e3e599f1e0016a63d942e?s=96&d=mm&r=g\",\"caption\":\"JBla\u017eek\"},\"logo\":{\"@id\":\"https:\\\/\\\/secure.gravatar.com\\\/avatar\\\/c014bb8932a8609c14cf90b1aebdc83197cddda4aa4e3e599f1e0016a63d942e?s=96&d=mm&r=g\"},\"sameAs\":[\"http:\\\/\\\/foto.jablkon.cz\"],\"url\":\"https:\\\/\\\/jablkon.eu\\\/jbl\\\/author\\\/admin\\\/\"}]}<\/script>\n<!-- \/ Yoast SEO plugin. -->","yoast_head_json":{"title":"N\u00e1zvy ulic - Jaroslav Bla\u017eek - fotograf","description":"Jaroslav Bla\u017eek - fotograf","robots":{"index":"index","follow":"follow","max-snippet":"max-snippet:-1","max-image-preview":"max-image-preview:large","max-video-preview":"max-video-preview:-1"},"canonical":"https:\/\/jablkon.eu\/jbl\/pilnikov\/nazvy-ulic\/","og_locale":"cs_CZ","og_type":"article","og_title":"N\u00e1zvy ulic - Jaroslav Bla\u017eek - fotograf","og_description":"Jaroslav Bla\u017eek - fotograf","og_url":"https:\/\/jablkon.eu\/jbl\/pilnikov\/nazvy-ulic\/","og_site_name":"Jaroslav Bla\u017eek - fotograf","article_published_time":"2001-03-01T11:08:30+00:00","article_modified_time":"2012-04-03T06:27:09+00:00","og_image":[{"url":"http:\/\/jablkon.eu\/jbl\/wp-content\/gallery\/cz\/pilnikov\/znaky\/ulice.jpg","type":"","width":"","height":""}],"author":"JBla\u017eek","twitter_misc":{"Napsal(a)":"JBla\u017eek","Odhadovan\u00e1 doba \u010dten\u00ed":"1 minuta"},"schema":{"@context":"https:\/\/schema.org","@graph":[{"@type":"Article","@id":"https:\/\/jablkon.eu\/jbl\/pilnikov\/nazvy-ulic\/#article","isPartOf":{"@id":"https:\/\/jablkon.eu\/jbl\/pilnikov\/nazvy-ulic\/"},"author":{"name":"JBla\u017eek","@id":"https:\/\/jablkon.eu\/jbl\/#\/schema\/person\/4984d4e992f073207f693460109eac25"},"headline":"N\u00e1zvy ulic","datePublished":"2001-03-01T11:08:30+00:00","dateModified":"2012-04-03T06:27:09+00:00","mainEntityOfPage":{"@id":"https:\/\/jablkon.eu\/jbl\/pilnikov\/nazvy-ulic\/"},"wordCount":119,"publisher":{"@id":"https:\/\/jablkon.eu\/jbl\/#\/schema\/person\/4984d4e992f073207f693460109eac25"},"image":{"@id":"https:\/\/jablkon.eu\/jbl\/pilnikov\/nazvy-ulic\/#primaryimage"},"thumbnailUrl":"http:\/\/jablkon.eu\/jbl\/wp-content\/gallery\/cz\/pilnikov\/znaky\/ulice.jpg","articleSection":["m\u011bsto Piln\u00edkov","n\u011bco z historie"],"inLanguage":"cs"},{"@type":"WebPage","@id":"https:\/\/jablkon.eu\/jbl\/pilnikov\/nazvy-ulic\/","url":"https:\/\/jablkon.eu\/jbl\/pilnikov\/nazvy-ulic\/","name":"N\u00e1zvy ulic - Jaroslav Bla\u017eek - fotograf","isPartOf":{"@id":"https:\/\/jablkon.eu\/jbl\/#website"},"primaryImageOfPage":{"@id":"https:\/\/jablkon.eu\/jbl\/pilnikov\/nazvy-ulic\/#primaryimage"},"image":{"@id":"https:\/\/jablkon.eu\/jbl\/pilnikov\/nazvy-ulic\/#primaryimage"},"thumbnailUrl":"http:\/\/jablkon.eu\/jbl\/wp-content\/gallery\/cz\/pilnikov\/znaky\/ulice.jpg","datePublished":"2001-03-01T11:08:30+00:00","dateModified":"2012-04-03T06:27:09+00:00","description":"Jaroslav Bla\u017eek - fotograf","breadcrumb":{"@id":"https:\/\/jablkon.eu\/jbl\/pilnikov\/nazvy-ulic\/#breadcrumb"},"inLanguage":"cs","potentialAction":[{"@type":"ReadAction","target":["https:\/\/jablkon.eu\/jbl\/pilnikov\/nazvy-ulic\/"]}]},{"@type":"ImageObject","inLanguage":"cs","@id":"https:\/\/jablkon.eu\/jbl\/pilnikov\/nazvy-ulic\/#primaryimage","url":"http:\/\/jablkon.eu\/jbl\/wp-content\/gallery\/cz\/pilnikov\/znaky\/ulice.jpg","contentUrl":"http:\/\/jablkon.eu\/jbl\/wp-content\/gallery\/cz\/pilnikov\/znaky\/ulice.jpg"},{"@type":"BreadcrumbList","@id":"https:\/\/jablkon.eu\/jbl\/pilnikov\/nazvy-ulic\/#breadcrumb","itemListElement":[{"@type":"ListItem","position":1,"name":"Dom\u016f","item":"https:\/\/jablkon.eu\/jbl\/"},{"@type":"ListItem","position":2,"name":"N\u00e1zvy ulic"}]},{"@type":"WebSite","@id":"https:\/\/jablkon.eu\/jbl\/#website","url":"https:\/\/jablkon.eu\/jbl\/","name":"Jaroslav Bla\u017eek - fotograf","description":"Fotografick\u00e9 pr\u00e1ce - svatebn\u00ed, rodinn\u00e1 a portr\u00e9tn\u00ed fotografie, report\u00e1\u017ee","publisher":{"@id":"https:\/\/jablkon.eu\/jbl\/#\/schema\/person\/4984d4e992f073207f693460109eac25"},"potentialAction":[{"@type":"SearchAction","target":{"@type":"EntryPoint","urlTemplate":"https:\/\/jablkon.eu\/jbl\/?s={search_term_string}"},"query-input":{"@type":"PropertyValueSpecification","valueRequired":true,"valueName":"search_term_string"}}],"inLanguage":"cs"},{"@type":["Person","Organization"],"@id":"https:\/\/jablkon.eu\/jbl\/#\/schema\/person\/4984d4e992f073207f693460109eac25","name":"JBla\u017eek","image":{"@type":"ImageObject","inLanguage":"cs","@id":"https:\/\/secure.gravatar.com\/avatar\/c014bb8932a8609c14cf90b1aebdc83197cddda4aa4e3e599f1e0016a63d942e?s=96&d=mm&r=g","url":"https:\/\/secure.gravatar.com\/avatar\/c014bb8932a8609c14cf90b1aebdc83197cddda4aa4e3e599f1e0016a63d942e?s=96&d=mm&r=g","contentUrl":"https:\/\/secure.gravatar.com\/avatar\/c014bb8932a8609c14cf90b1aebdc83197cddda4aa4e3e599f1e0016a63d942e?s=96&d=mm&r=g","caption":"JBla\u017eek"},"logo":{"@id":"https:\/\/secure.gravatar.com\/avatar\/c014bb8932a8609c14cf90b1aebdc83197cddda4aa4e3e599f1e0016a63d942e?s=96&d=mm&r=g"},"sameAs":["http:\/\/foto.jablkon.cz"],"url":"https:\/\/jablkon.eu\/jbl\/author\/admin\/"}]}},"views":1146,"_links":{"self":[{"href":"https:\/\/jablkon.eu\/jbl\/wp-json\/wp\/v2\/posts\/888","targetHints":{"allow":["GET"]}}],"collection":[{"href":"https:\/\/jablkon.eu\/jbl\/wp-json\/wp\/v2\/posts"}],"about":[{"href":"https:\/\/jablkon.eu\/jbl\/wp-json\/wp\/v2\/types\/post"}],"author":[{"embeddable":true,"href":"https:\/\/jablkon.eu\/jbl\/wp-json\/wp\/v2\/users\/1"}],"replies":[{"embeddable":true,"href":"https:\/\/jablkon.eu\/jbl\/wp-json\/wp\/v2\/comments?post=888"}],"version-history":[{"count":0,"href":"https:\/\/jablkon.eu\/jbl\/wp-json\/wp\/v2\/posts\/888\/revisions"}],"wp:attachment":[{"href":"https:\/\/jablkon.eu\/jbl\/wp-json\/wp\/v2\/media?parent=888"}],"wp:term":[{"taxonomy":"category","embeddable":true,"href":"https:\/\/jablkon.eu\/jbl\/wp-json\/wp\/v2\/categories?post=888"},{"taxonomy":"post_tag","embeddable":true,"href":"https:\/\/jablkon.eu\/jbl\/wp-json\/wp\/v2\/tags?post=888"}],"curies":[{"name":"wp","href":"https:\/\/api.w.org\/{rel}","templated":true}]}}