{"id":9244,"date":"2015-12-04T22:00:55","date_gmt":"2015-12-04T21:00:55","guid":{"rendered":"http:\/\/jablkon.eu\/jbl\/?p=9244"},"modified":"2015-12-06T15:06:21","modified_gmt":"2015-12-06T14:06:21","slug":"rozsviceni-vanocniho-stromu-2015","status":"publish","type":"post","link":"https:\/\/jablkon.eu\/jbl\/pilnikov\/rozsviceni-vanocniho-stromu-2015\/","title":{"rendered":"Rozsv\u00edcen\u00ed v\u00e1no\u010dn\u00edho stromu"},"content":{"rendered":"<p align=\"JUSTIFY\">V p\u00e1tek p\u0159ed druhou adventn\u00ed ned\u011bl\u00ed, tedy 4. prosince 2015, po \u0161est\u00e9 hodin\u011b odpoledn\u00ed se se\u0161li m\u00edstn\u00ed obyvatel\u00e9 na n\u00e1m\u011bst\u00ed u rozsv\u00edcen\u00ed v\u00e1no\u010dn\u00edho stromu.<\/p>\n<p align=\"JUSTIFY\">Ji\u017e druh\u00e9ho ro\u010dn\u00edku rozsv\u011bcen\u00ed v\u00e1no\u010dn\u00edho stromu se, stejn\u011b jako loni, z\u00fa\u010dastnil vysok\u00fd po\u010det m\u00edstn\u00edch obyvatel. Letos slavnost za\u010dala o n\u011bco pozd\u011bji ne\u017e loni, proto\u017ee bylo p\u0159ipraveno roz\u0161\u00ed\u0159en\u00e9 osv\u011btlen\u00ed kostela. Na \u00favod z\u00fa\u010dastn\u011bn\u00e9 kr\u00e1tce p\u0159iv\u00edtal starosta m\u011bsta pan Miroslav Klapka a p\u0159edsedkyn\u011b Kulturn\u00edho v\u00fdboru Mgr. Ilona Sko\u0159epov\u00e1. Potom si ji\u017e v\u0161ichni zazp\u00edvali v\u00e1no\u010dn\u00ed koledy. Se zp\u011bvem op\u011bt pom\u00e1hali man\u017eel\u00e9 Pachlovi a d\u011bti z m\u00edstn\u00ed z\u00e1kladn\u00ed \u0161koly. A aby nikdo nenachladl, bylo si mo\u017en\u00e9 zakoupit sva\u0159en\u00e9 v\u00edno nebo hork\u00fd \u010daj.<\/p>\n<p align=\"JUSTIFY\">Stromek byl rozsv\u00edcen p\u0159i zp\u011bvu kr\u00e1sn\u00e9 p\u00edsn\u011b \u201eP\u016flno\u010dn\u00ed\u201c, kterou jist\u011b zn\u00e1te v pod\u00e1n\u00ed V\u00e1clava Neck\u00e1\u0159e. Novinkou leto\u0161n\u00edho ro\u010dn\u00edku bylo zv\u00fd\u0161en\u00e9 osv\u011btlen\u00ed kostela, kter\u00fd se tak v\u00fdrazn\u011b vyp\u00ednal nad piln\u00edkovsk\u00fdm n\u00e1m\u011bst\u00edm.<\/p>\n<p align=\"JUSTIFY\">Zd\u00e1 se, \u017ee tato tradice se stala u obyvatel obl\u00edbenou a snad tedy hned tak nezanikne.<\/p>\n<p><em>Publikov\u00e1no tak\u00e9 na <a title=\"novinky.cz - posledn\u00ed \u010dl\u00e1nky\" href=\"http:\/\/www.novinky.cz\/vase-zpravy\/uzivatel=3622\" target=\"_blank\">novinky.cz<\/a> &#8211; <a title=\"novinky.cz - tento \u010dl\u00e1nek\" href=\"http:\/\/www.novinky.cz\/vase-zpravy\/kralovehradecky-kraj\/trutnov\/3622-34694-vanocni-strom-zari-take-v-pilnikove.html\" target=\"_blank\">zde<\/a>.<\/em><\/p>\n<p><embed width=\"100%\" height=\"900\" type=\"application\/x-shockwave-flash\" src=\"http:\/\/www.jablkon.eu\/_js\/viewer.swf\" bgcolor=\"#000000\" flashvars=\"xmlDataPath=http:\/\/www.jablkon.eu\/pilnikov\/foto_akce\/2015\/1204\/foto.xml\" allownetworking=\"internal\" allowscriptaccess=\"never\" enablejavascript=\"false\"><\/embed><\/p>\n<h3>Souvisej\u00edc\u00ed obr\u00e1zky:<\/h3>","protected":false},"excerpt":{"rendered":"<p>V p\u00e1tek p\u0159ed druhou adventn\u00ed ned\u011bl\u00ed, tedy 4. prosince 2015, po \u0161est\u00e9 hodin\u011b odpoledn\u00ed se se\u0161li m\u00edstn\u00ed obyvatel\u00e9 na n\u00e1m\u011bst\u00ed u rozsv\u00edcen\u00ed v\u00e1no\u010dn\u00edho stromu. Ji\u017e druh\u00e9ho ro\u010dn\u00edku rozsv\u011bcen\u00ed v\u00e1no\u010dn\u00edho stromu se, stejn\u011b jako loni, z\u00fa\u010dastnil vysok\u00fd po\u010det m\u00edstn\u00edch obyvatel. Letos &hellip; <a href=\"https:\/\/jablkon.eu\/jbl\/pilnikov\/rozsviceni-vanocniho-stromu-2015\/\">Cel\u00fd p\u0159\u00edsp\u011bvek <span class=\"meta-nav\">&rarr;<\/span><\/a><\/p>\n","protected":false},"author":1,"featured_media":0,"comment_status":"closed","ping_status":"open","sticky":false,"template":"","format":"standard","meta":{"ngg_post_thumbnail":0,"footnotes":""},"categories":[10,7,12],"tags":[47,46,87],"class_list":["post-9244","post","type-post","status-publish","format-standard","hentry","category-pilnikovkultura","category-pilnikov","category-reportaze","tag-kultura","tag-pilnikov-2","tag-publikovano"],"yoast_head":"<!-- This site is optimized with the Yoast SEO plugin v27.4 - https:\/\/yoast.com\/product\/yoast-seo-wordpress\/ -->\n<title>Rozsv\u00edcen\u00ed v\u00e1no\u010dn\u00edho stromu - Jaroslav Bla\u017eek - fotograf<\/title>\n<meta name=\"description\" content=\"Jaroslav Bla\u017eek - fotograf\" \/>\n<meta name=\"robots\" content=\"index, follow, max-snippet:-1, max-image-preview:large, max-video-preview:-1\" \/>\n<link rel=\"canonical\" href=\"https:\/\/jablkon.eu\/jbl\/pilnikov\/rozsviceni-vanocniho-stromu-2015\/\" \/>\n<meta property=\"og:locale\" content=\"cs_CZ\" \/>\n<meta property=\"og:type\" content=\"article\" \/>\n<meta property=\"og:title\" content=\"Rozsv\u00edcen\u00ed v\u00e1no\u010dn\u00edho stromu - Jaroslav Bla\u017eek - fotograf\" \/>\n<meta property=\"og:description\" content=\"Jaroslav Bla\u017eek - fotograf\" \/>\n<meta property=\"og:url\" content=\"https:\/\/jablkon.eu\/jbl\/pilnikov\/rozsviceni-vanocniho-stromu-2015\/\" \/>\n<meta property=\"og:site_name\" content=\"Jaroslav Bla\u017eek - fotograf\" \/>\n<meta property=\"article:published_time\" content=\"2015-12-04T21:00:55+00:00\" \/>\n<meta property=\"article:modified_time\" content=\"2015-12-06T14:06:21+00:00\" \/>\n<meta name=\"author\" content=\"JBla\u017eek\" \/>\n<meta name=\"twitter:label1\" content=\"Napsal(a)\" \/>\n\t<meta name=\"twitter:data1\" content=\"JBla\u017eek\" \/>\n\t<meta name=\"twitter:label2\" content=\"Odhadovan\u00e1 doba \u010dten\u00ed\" \/>\n\t<meta name=\"twitter:data2\" content=\"1 minuta\" \/>\n<script type=\"application\/ld+json\" class=\"yoast-schema-graph\">{\"@context\":\"https:\\\/\\\/schema.org\",\"@graph\":[{\"@type\":\"Article\",\"@id\":\"https:\\\/\\\/jablkon.eu\\\/jbl\\\/pilnikov\\\/rozsviceni-vanocniho-stromu-2015\\\/#article\",\"isPartOf\":{\"@id\":\"https:\\\/\\\/jablkon.eu\\\/jbl\\\/pilnikov\\\/rozsviceni-vanocniho-stromu-2015\\\/\"},\"author\":{\"name\":\"JBla\u017eek\",\"@id\":\"https:\\\/\\\/jablkon.eu\\\/jbl\\\/#\\\/schema\\\/person\\\/4984d4e992f073207f693460109eac25\"},\"headline\":\"Rozsv\u00edcen\u00ed v\u00e1no\u010dn\u00edho stromu\",\"datePublished\":\"2015-12-04T21:00:55+00:00\",\"dateModified\":\"2015-12-06T14:06:21+00:00\",\"mainEntityOfPage\":{\"@id\":\"https:\\\/\\\/jablkon.eu\\\/jbl\\\/pilnikov\\\/rozsviceni-vanocniho-stromu-2015\\\/\"},\"wordCount\":239,\"publisher\":{\"@id\":\"https:\\\/\\\/jablkon.eu\\\/jbl\\\/#\\\/schema\\\/person\\\/4984d4e992f073207f693460109eac25\"},\"keywords\":[\"kultura\",\"Piln\u00edkov\",\"publikov\u00e1no\"],\"articleSection\":[\"informace z kultury\",\"m\u011bsto Piln\u00edkov\",\"report\u00e1\u017en\u00ed fotografie\"],\"inLanguage\":\"cs\"},{\"@type\":\"WebPage\",\"@id\":\"https:\\\/\\\/jablkon.eu\\\/jbl\\\/pilnikov\\\/rozsviceni-vanocniho-stromu-2015\\\/\",\"url\":\"https:\\\/\\\/jablkon.eu\\\/jbl\\\/pilnikov\\\/rozsviceni-vanocniho-stromu-2015\\\/\",\"name\":\"Rozsv\u00edcen\u00ed v\u00e1no\u010dn\u00edho stromu - Jaroslav Bla\u017eek - fotograf\",\"isPartOf\":{\"@id\":\"https:\\\/\\\/jablkon.eu\\\/jbl\\\/#website\"},\"datePublished\":\"2015-12-04T21:00:55+00:00\",\"dateModified\":\"2015-12-06T14:06:21+00:00\",\"description\":\"Jaroslav Bla\u017eek - fotograf\",\"breadcrumb\":{\"@id\":\"https:\\\/\\\/jablkon.eu\\\/jbl\\\/pilnikov\\\/rozsviceni-vanocniho-stromu-2015\\\/#breadcrumb\"},\"inLanguage\":\"cs\",\"potentialAction\":[{\"@type\":\"ReadAction\",\"target\":[\"https:\\\/\\\/jablkon.eu\\\/jbl\\\/pilnikov\\\/rozsviceni-vanocniho-stromu-2015\\\/\"]}]},{\"@type\":\"BreadcrumbList\",\"@id\":\"https:\\\/\\\/jablkon.eu\\\/jbl\\\/pilnikov\\\/rozsviceni-vanocniho-stromu-2015\\\/#breadcrumb\",\"itemListElement\":[{\"@type\":\"ListItem\",\"position\":1,\"name\":\"Dom\u016f\",\"item\":\"https:\\\/\\\/jablkon.eu\\\/jbl\\\/\"},{\"@type\":\"ListItem\",\"position\":2,\"name\":\"Rozsv\u00edcen\u00ed v\u00e1no\u010dn\u00edho stromu\"}]},{\"@type\":\"WebSite\",\"@id\":\"https:\\\/\\\/jablkon.eu\\\/jbl\\\/#website\",\"url\":\"https:\\\/\\\/jablkon.eu\\\/jbl\\\/\",\"name\":\"Jaroslav Bla\u017eek - fotograf\",\"description\":\"Fotografick\u00e9 pr\u00e1ce - svatebn\u00ed, rodinn\u00e1 a portr\u00e9tn\u00ed fotografie, report\u00e1\u017ee\",\"publisher\":{\"@id\":\"https:\\\/\\\/jablkon.eu\\\/jbl\\\/#\\\/schema\\\/person\\\/4984d4e992f073207f693460109eac25\"},\"potentialAction\":[{\"@type\":\"SearchAction\",\"target\":{\"@type\":\"EntryPoint\",\"urlTemplate\":\"https:\\\/\\\/jablkon.eu\\\/jbl\\\/?s={search_term_string}\"},\"query-input\":{\"@type\":\"PropertyValueSpecification\",\"valueRequired\":true,\"valueName\":\"search_term_string\"}}],\"inLanguage\":\"cs\"},{\"@type\":[\"Person\",\"Organization\"],\"@id\":\"https:\\\/\\\/jablkon.eu\\\/jbl\\\/#\\\/schema\\\/person\\\/4984d4e992f073207f693460109eac25\",\"name\":\"JBla\u017eek\",\"image\":{\"@type\":\"ImageObject\",\"inLanguage\":\"cs\",\"@id\":\"https:\\\/\\\/secure.gravatar.com\\\/avatar\\\/c014bb8932a8609c14cf90b1aebdc83197cddda4aa4e3e599f1e0016a63d942e?s=96&d=mm&r=g\",\"url\":\"https:\\\/\\\/secure.gravatar.com\\\/avatar\\\/c014bb8932a8609c14cf90b1aebdc83197cddda4aa4e3e599f1e0016a63d942e?s=96&d=mm&r=g\",\"contentUrl\":\"https:\\\/\\\/secure.gravatar.com\\\/avatar\\\/c014bb8932a8609c14cf90b1aebdc83197cddda4aa4e3e599f1e0016a63d942e?s=96&d=mm&r=g\",\"caption\":\"JBla\u017eek\"},\"logo\":{\"@id\":\"https:\\\/\\\/secure.gravatar.com\\\/avatar\\\/c014bb8932a8609c14cf90b1aebdc83197cddda4aa4e3e599f1e0016a63d942e?s=96&d=mm&r=g\"},\"sameAs\":[\"http:\\\/\\\/foto.jablkon.cz\"],\"url\":\"https:\\\/\\\/jablkon.eu\\\/jbl\\\/author\\\/admin\\\/\"}]}<\/script>\n<!-- \/ Yoast SEO plugin. -->","yoast_head_json":{"title":"Rozsv\u00edcen\u00ed v\u00e1no\u010dn\u00edho stromu - Jaroslav Bla\u017eek - fotograf","description":"Jaroslav Bla\u017eek - fotograf","robots":{"index":"index","follow":"follow","max-snippet":"max-snippet:-1","max-image-preview":"max-image-preview:large","max-video-preview":"max-video-preview:-1"},"canonical":"https:\/\/jablkon.eu\/jbl\/pilnikov\/rozsviceni-vanocniho-stromu-2015\/","og_locale":"cs_CZ","og_type":"article","og_title":"Rozsv\u00edcen\u00ed v\u00e1no\u010dn\u00edho stromu - Jaroslav Bla\u017eek - fotograf","og_description":"Jaroslav Bla\u017eek - fotograf","og_url":"https:\/\/jablkon.eu\/jbl\/pilnikov\/rozsviceni-vanocniho-stromu-2015\/","og_site_name":"Jaroslav Bla\u017eek - fotograf","article_published_time":"2015-12-04T21:00:55+00:00","article_modified_time":"2015-12-06T14:06:21+00:00","author":"JBla\u017eek","twitter_misc":{"Napsal(a)":"JBla\u017eek","Odhadovan\u00e1 doba \u010dten\u00ed":"1 minuta"},"schema":{"@context":"https:\/\/schema.org","@graph":[{"@type":"Article","@id":"https:\/\/jablkon.eu\/jbl\/pilnikov\/rozsviceni-vanocniho-stromu-2015\/#article","isPartOf":{"@id":"https:\/\/jablkon.eu\/jbl\/pilnikov\/rozsviceni-vanocniho-stromu-2015\/"},"author":{"name":"JBla\u017eek","@id":"https:\/\/jablkon.eu\/jbl\/#\/schema\/person\/4984d4e992f073207f693460109eac25"},"headline":"Rozsv\u00edcen\u00ed v\u00e1no\u010dn\u00edho stromu","datePublished":"2015-12-04T21:00:55+00:00","dateModified":"2015-12-06T14:06:21+00:00","mainEntityOfPage":{"@id":"https:\/\/jablkon.eu\/jbl\/pilnikov\/rozsviceni-vanocniho-stromu-2015\/"},"wordCount":239,"publisher":{"@id":"https:\/\/jablkon.eu\/jbl\/#\/schema\/person\/4984d4e992f073207f693460109eac25"},"keywords":["kultura","Piln\u00edkov","publikov\u00e1no"],"articleSection":["informace z kultury","m\u011bsto Piln\u00edkov","report\u00e1\u017en\u00ed fotografie"],"inLanguage":"cs"},{"@type":"WebPage","@id":"https:\/\/jablkon.eu\/jbl\/pilnikov\/rozsviceni-vanocniho-stromu-2015\/","url":"https:\/\/jablkon.eu\/jbl\/pilnikov\/rozsviceni-vanocniho-stromu-2015\/","name":"Rozsv\u00edcen\u00ed v\u00e1no\u010dn\u00edho stromu - Jaroslav Bla\u017eek - fotograf","isPartOf":{"@id":"https:\/\/jablkon.eu\/jbl\/#website"},"datePublished":"2015-12-04T21:00:55+00:00","dateModified":"2015-12-06T14:06:21+00:00","description":"Jaroslav Bla\u017eek - fotograf","breadcrumb":{"@id":"https:\/\/jablkon.eu\/jbl\/pilnikov\/rozsviceni-vanocniho-stromu-2015\/#breadcrumb"},"inLanguage":"cs","potentialAction":[{"@type":"ReadAction","target":["https:\/\/jablkon.eu\/jbl\/pilnikov\/rozsviceni-vanocniho-stromu-2015\/"]}]},{"@type":"BreadcrumbList","@id":"https:\/\/jablkon.eu\/jbl\/pilnikov\/rozsviceni-vanocniho-stromu-2015\/#breadcrumb","itemListElement":[{"@type":"ListItem","position":1,"name":"Dom\u016f","item":"https:\/\/jablkon.eu\/jbl\/"},{"@type":"ListItem","position":2,"name":"Rozsv\u00edcen\u00ed v\u00e1no\u010dn\u00edho stromu"}]},{"@type":"WebSite","@id":"https:\/\/jablkon.eu\/jbl\/#website","url":"https:\/\/jablkon.eu\/jbl\/","name":"Jaroslav Bla\u017eek - fotograf","description":"Fotografick\u00e9 pr\u00e1ce - svatebn\u00ed, rodinn\u00e1 a portr\u00e9tn\u00ed fotografie, report\u00e1\u017ee","publisher":{"@id":"https:\/\/jablkon.eu\/jbl\/#\/schema\/person\/4984d4e992f073207f693460109eac25"},"potentialAction":[{"@type":"SearchAction","target":{"@type":"EntryPoint","urlTemplate":"https:\/\/jablkon.eu\/jbl\/?s={search_term_string}"},"query-input":{"@type":"PropertyValueSpecification","valueRequired":true,"valueName":"search_term_string"}}],"inLanguage":"cs"},{"@type":["Person","Organization"],"@id":"https:\/\/jablkon.eu\/jbl\/#\/schema\/person\/4984d4e992f073207f693460109eac25","name":"JBla\u017eek","image":{"@type":"ImageObject","inLanguage":"cs","@id":"https:\/\/secure.gravatar.com\/avatar\/c014bb8932a8609c14cf90b1aebdc83197cddda4aa4e3e599f1e0016a63d942e?s=96&d=mm&r=g","url":"https:\/\/secure.gravatar.com\/avatar\/c014bb8932a8609c14cf90b1aebdc83197cddda4aa4e3e599f1e0016a63d942e?s=96&d=mm&r=g","contentUrl":"https:\/\/secure.gravatar.com\/avatar\/c014bb8932a8609c14cf90b1aebdc83197cddda4aa4e3e599f1e0016a63d942e?s=96&d=mm&r=g","caption":"JBla\u017eek"},"logo":{"@id":"https:\/\/secure.gravatar.com\/avatar\/c014bb8932a8609c14cf90b1aebdc83197cddda4aa4e3e599f1e0016a63d942e?s=96&d=mm&r=g"},"sameAs":["http:\/\/foto.jablkon.cz"],"url":"https:\/\/jablkon.eu\/jbl\/author\/admin\/"}]}},"views":932,"_links":{"self":[{"href":"https:\/\/jablkon.eu\/jbl\/wp-json\/wp\/v2\/posts\/9244","targetHints":{"allow":["GET"]}}],"collection":[{"href":"https:\/\/jablkon.eu\/jbl\/wp-json\/wp\/v2\/posts"}],"about":[{"href":"https:\/\/jablkon.eu\/jbl\/wp-json\/wp\/v2\/types\/post"}],"author":[{"embeddable":true,"href":"https:\/\/jablkon.eu\/jbl\/wp-json\/wp\/v2\/users\/1"}],"replies":[{"embeddable":true,"href":"https:\/\/jablkon.eu\/jbl\/wp-json\/wp\/v2\/comments?post=9244"}],"version-history":[{"count":0,"href":"https:\/\/jablkon.eu\/jbl\/wp-json\/wp\/v2\/posts\/9244\/revisions"}],"wp:attachment":[{"href":"https:\/\/jablkon.eu\/jbl\/wp-json\/wp\/v2\/media?parent=9244"}],"wp:term":[{"taxonomy":"category","embeddable":true,"href":"https:\/\/jablkon.eu\/jbl\/wp-json\/wp\/v2\/categories?post=9244"},{"taxonomy":"post_tag","embeddable":true,"href":"https:\/\/jablkon.eu\/jbl\/wp-json\/wp\/v2\/tags?post=9244"}],"curies":[{"name":"wp","href":"https:\/\/api.w.org\/{rel}","templated":true}]}}