{"id":9419,"date":"2016-05-01T23:00:07","date_gmt":"2016-05-01T21:00:07","guid":{"rendered":"http:\/\/jablkon.eu\/jbl\/?p=9419"},"modified":"2017-05-16T21:23:24","modified_gmt":"2017-05-16T19:23:24","slug":"vlcice-traktoriada-2016","status":"publish","type":"post","link":"https:\/\/jablkon.eu\/jbl\/fotosluzby\/reportaze\/vlcice-traktoriada-2016\/","title":{"rendered":"Proj\u00ed\u017e\u010fka \u201eVl\u010dickou lou\u017e\u00ed\u201c aneb 1. m\u00e1j trochu jinak"},"content":{"rendered":"<p align=\"JUSTIFY\">Prvn\u00ed m\u00e1j letos vy\u0161el na ned\u011bli a samoz\u0159ejm\u011b, \u017ee i letos se v sousedn\u00edch Vl\u010dic\u00edch konal tradi\u010dn\u00ed recesistick\u00fd \u201eM\u00e1jov\u00fd pr\u016fvod\u201c s p\u0159ehl\u00eddkou dom\u00e1c\u00edch zem\u011bd\u011blsk\u00fdch stroj\u016f a r\u016fzn\u00fdch doma vyroben\u00fdch samohyb\u016f. Leto\u0161n\u00ed ro\u010dn\u00edk byl jubilejn\u00ed &#8211; ji\u017e des\u00e1t\u00fd. Po\u0159adatelem byl, jako v\u017edy, m\u00edstn\u00ed spolek \u201eSamohyb Vl\u010dice\u201c.<\/p>\n<p align=\"JUSTIFY\">Obc\u00ed nejprve projel dlouh\u00fd pr\u016fvod slo\u017een\u00fd z mnoha traktor\u016f, trakt\u016frk\u016f, ter\u00e9nn\u00edch aut, ale mohli jste v n\u011bm vid\u011bt i n\u011bkolik motocykl\u016f, i motocykl se sajdk\u00e1rou. Celou trasu lemovalo mnoho div\u00e1k\u016f, m\u00edstn\u00edch i p\u0159espoln\u00edch, podle odhadu jich pr\u00fd celkem bylo v\u00edce 500. Jen pro zaj\u00edmavost \u2013 obec Vl\u010dice m\u011bla k 1. 1. 2015 podle wikipedia.org 490 obyvatel. Leto\u0161n\u00edho jubilejn\u00edho pr\u016fvodu se tak\u00e9 z\u00fa\u010dastnilo 45 samohyb\u016f, co\u017e je o \u0161est v\u00edce ne\u017e loni a z\u00e1rove\u0148 i nejv\u00edce ze v\u0161ech uplynul\u00fdch ro\u010dn\u00edk\u016f.<\/p>\n<p align=\"JUSTIFY\">Div\u00e1cky nejzaj\u00edmav\u011bj\u0161\u00ed je ale pr\u016fjezd p\u0159ipravenou trat\u00ed, zn\u00e1me pod n\u00e1zvem \u201eVl\u010dick\u00e1 lou\u017ee\u201c. Tra\u0165 nen\u00ed moc dlouh\u00e1, o to je v\u0161ak n\u00e1ro\u010dn\u011bj\u0161\u00ed. Nejprve za\u010d\u00edn\u00e1 boulemi a za zat\u00e1\u010dkou za\u010d\u00edn\u00e1 bahno a to kon\u010d\u00ed hlubokou lou\u017e\u00ed s vodou. Pr\u016fjezd touto trat\u00ed m\u016f\u017ee b\u00fdt i nebezpe\u010dn\u00fd a m\u016f\u017ee doj\u00edt k po\u0161kozen\u00ed samohybu, nap\u0159\u00edklad letos se jedno auto zna\u010dky Nissan dokonce polo\u017eilo na bok! Proto tak\u00e9 ne v\u0161ichni \u00fa\u010dastn\u00edci pr\u016fvodu se do lou\u017ee pust\u00ed.<\/p>\n<p align=\"JUSTIFY\">N\u011bkter\u00fdm \u0159idi\u010d\u016fm samohyb\u016f se tra\u0165 tak l\u00edbila, \u017ee ji absolvovali i v\u00edcekr\u00e1t! Ale asi nejv\u011bt\u0161\u00edm odv\u00e1\u017elivcem na trati byl na \u00fapln\u00fd z\u00e1v\u011br mlad\u00fd piln\u00edkovsk\u00fd cyklista.<\/p>\n<p><em>Publikov\u00e1no tak\u00e9 na <a title=\"novinky.cz - posledn\u00ed \u010dl\u00e1nky\" href=\"http:\/\/www.novinky.cz\/vase-zpravy\/uzivatel=3622\" target=\"_blank\">novinky.cz<\/a> &#8211; <a title=\"novinky.cz - tento \u010dl\u00e1nek\" href=\"http:\/\/www.novinky.cz\/vase-zpravy\/kralovehradecky-kraj\/trutnov\/3622-37443-projizdka-vlcickou-louzi-aneb-1-maj-trochu-jinak.html\" target=\"_blank\">zde<\/a>.<\/em><\/p>\n<p><i>Fotografie se p\u0159ipravuj\u00ed<\/i><\/p>\n<p><embed width=\"100%\" height=\"900\" type=\"application\/x-shockwave-flash\" src=\"http:\/\/www.jablkon.eu\/_js\/viewer.swf\" bgcolor=\"#000000\" flashvars=\"xmlDataPath=http:\/\/www.jablkon.eu\/foto\/cz\/2016\/0501_traktoriada\/foto.xml\" allownetworking=\"internal\" allowscriptaccess=\"never\" enablejavascript=\"false\"><\/embed><\/p>\n<h3>Souvisej\u00edc\u00ed obr\u00e1zky:<\/h3>","protected":false},"excerpt":{"rendered":"<p>Prvn\u00ed m\u00e1j letos vy\u0161el na ned\u011bli a samoz\u0159ejm\u011b, \u017ee i letos se v sousedn\u00edch Vl\u010dic\u00edch konal tradi\u010dn\u00ed recesistick\u00fd \u201eM\u00e1jov\u00fd pr\u016fvod\u201c s p\u0159ehl\u00eddkou dom\u00e1c\u00edch zem\u011bd\u011blsk\u00fdch stroj\u016f a r\u016fzn\u00fdch doma vyroben\u00fdch samohyb\u016f. Leto\u0161n\u00ed ro\u010dn\u00edk byl jubilejn\u00ed &#8211; ji\u017e des\u00e1t\u00fd. Po\u0159adatelem byl, jako &hellip; <a href=\"https:\/\/jablkon.eu\/jbl\/fotosluzby\/reportaze\/vlcice-traktoriada-2016\/\">Cel\u00fd p\u0159\u00edsp\u011bvek <span class=\"meta-nav\">&rarr;<\/span><\/a><\/p>\n","protected":false},"author":1,"featured_media":0,"comment_status":"closed","ping_status":"open","sticky":false,"template":"","format":"standard","meta":{"ngg_post_thumbnail":0,"footnotes":""},"categories":[12],"tags":[108,47,87,84],"class_list":["post-9419","post","type-post","status-publish","format-standard","hentry","category-reportaze","tag-auto-moto","tag-kultura","tag-publikovano","tag-vlcice"],"yoast_head":"<!-- This site is optimized with the Yoast SEO plugin v27.5 - https:\/\/yoast.com\/product\/yoast-seo-wordpress\/ -->\n<title>Proj\u00ed\u017e\u010fka \u201eVl\u010dickou lou\u017e\u00ed\u201c aneb 1. m\u00e1j trochu jinak - Jaroslav Bla\u017eek - fotograf<\/title>\n<meta name=\"description\" content=\"Prvn\u00ed m\u00e1j letos vy\u0161el na ned\u011bli a samoz\u0159ejm\u011b, \u017ee i letos se v sousedn\u00edch Vl\u010dic\u00edch konal tradi\u010dn\u00ed recesistick\u00fd \u201eM\u00e1jov\u00fd pr\u016fvod\u201c s p\u0159ehl\u00eddkou dom\u00e1c\u00edch zem\u011bd\u011blsk\u00fdch stroj\u016f a r\u016fzn\u00fdch doma vyroben\u00fdch samohyb\u016f. Leto\u0161n\u00ed ro\u010dn\u00edk byl jubilejn\u00ed - ji\u017e des\u00e1t\u00fd.\" \/>\n<meta name=\"robots\" content=\"index, follow, max-snippet:-1, max-image-preview:large, max-video-preview:-1\" \/>\n<link rel=\"canonical\" href=\"https:\/\/jablkon.eu\/jbl\/fotosluzby\/reportaze\/vlcice-traktoriada-2016\/\" \/>\n<meta property=\"og:locale\" content=\"cs_CZ\" \/>\n<meta property=\"og:type\" content=\"article\" \/>\n<meta property=\"og:title\" content=\"Proj\u00ed\u017e\u010fka \u201eVl\u010dickou lou\u017e\u00ed\u201c aneb 1. m\u00e1j trochu jinak - Jaroslav Bla\u017eek - fotograf\" \/>\n<meta property=\"og:description\" content=\"Prvn\u00ed m\u00e1j letos vy\u0161el na ned\u011bli a samoz\u0159ejm\u011b, \u017ee i letos se v sousedn\u00edch Vl\u010dic\u00edch konal tradi\u010dn\u00ed recesistick\u00fd \u201eM\u00e1jov\u00fd pr\u016fvod\u201c s p\u0159ehl\u00eddkou dom\u00e1c\u00edch zem\u011bd\u011blsk\u00fdch stroj\u016f a r\u016fzn\u00fdch doma vyroben\u00fdch samohyb\u016f. Leto\u0161n\u00ed ro\u010dn\u00edk byl jubilejn\u00ed - ji\u017e des\u00e1t\u00fd.\" \/>\n<meta property=\"og:url\" content=\"https:\/\/jablkon.eu\/jbl\/fotosluzby\/reportaze\/vlcice-traktoriada-2016\/\" \/>\n<meta property=\"og:site_name\" content=\"Jaroslav Bla\u017eek - fotograf\" \/>\n<meta property=\"article:published_time\" content=\"2016-05-01T21:00:07+00:00\" \/>\n<meta property=\"article:modified_time\" content=\"2017-05-16T19:23:24+00:00\" \/>\n<meta name=\"author\" content=\"JBla\u017eek\" \/>\n<meta name=\"twitter:label1\" content=\"Napsal(a)\" \/>\n\t<meta name=\"twitter:data1\" content=\"JBla\u017eek\" \/>\n\t<meta name=\"twitter:label2\" content=\"Odhadovan\u00e1 doba \u010dten\u00ed\" \/>\n\t<meta name=\"twitter:data2\" content=\"2 minuty\" \/>\n<script type=\"application\/ld+json\" class=\"yoast-schema-graph\">{\"@context\":\"https:\\\/\\\/schema.org\",\"@graph\":[{\"@type\":\"Article\",\"@id\":\"https:\\\/\\\/jablkon.eu\\\/jbl\\\/fotosluzby\\\/reportaze\\\/vlcice-traktoriada-2016\\\/#article\",\"isPartOf\":{\"@id\":\"https:\\\/\\\/jablkon.eu\\\/jbl\\\/fotosluzby\\\/reportaze\\\/vlcice-traktoriada-2016\\\/\"},\"author\":{\"name\":\"JBla\u017eek\",\"@id\":\"https:\\\/\\\/jablkon.eu\\\/jbl\\\/#\\\/schema\\\/person\\\/4984d4e992f073207f693460109eac25\"},\"headline\":\"Proj\u00ed\u017e\u010fka \u201eVl\u010dickou lou\u017e\u00ed\u201c aneb 1. m\u00e1j trochu jinak\",\"datePublished\":\"2016-05-01T21:00:07+00:00\",\"dateModified\":\"2017-05-16T19:23:24+00:00\",\"mainEntityOfPage\":{\"@id\":\"https:\\\/\\\/jablkon.eu\\\/jbl\\\/fotosluzby\\\/reportaze\\\/vlcice-traktoriada-2016\\\/\"},\"wordCount\":335,\"publisher\":{\"@id\":\"https:\\\/\\\/jablkon.eu\\\/jbl\\\/#\\\/schema\\\/person\\\/4984d4e992f073207f693460109eac25\"},\"keywords\":[\"auto-moto\",\"kultura\",\"publikov\u00e1no\",\"Vl\u010dice\"],\"articleSection\":[\"report\u00e1\u017en\u00ed fotografie\"],\"inLanguage\":\"cs\"},{\"@type\":\"WebPage\",\"@id\":\"https:\\\/\\\/jablkon.eu\\\/jbl\\\/fotosluzby\\\/reportaze\\\/vlcice-traktoriada-2016\\\/\",\"url\":\"https:\\\/\\\/jablkon.eu\\\/jbl\\\/fotosluzby\\\/reportaze\\\/vlcice-traktoriada-2016\\\/\",\"name\":\"Proj\u00ed\u017e\u010fka \u201eVl\u010dickou lou\u017e\u00ed\u201c aneb 1. m\u00e1j trochu jinak - Jaroslav Bla\u017eek - fotograf\",\"isPartOf\":{\"@id\":\"https:\\\/\\\/jablkon.eu\\\/jbl\\\/#website\"},\"datePublished\":\"2016-05-01T21:00:07+00:00\",\"dateModified\":\"2017-05-16T19:23:24+00:00\",\"description\":\"Prvn\u00ed m\u00e1j letos vy\u0161el na ned\u011bli a samoz\u0159ejm\u011b, \u017ee i letos se v sousedn\u00edch Vl\u010dic\u00edch konal tradi\u010dn\u00ed recesistick\u00fd \u201eM\u00e1jov\u00fd pr\u016fvod\u201c s p\u0159ehl\u00eddkou dom\u00e1c\u00edch zem\u011bd\u011blsk\u00fdch stroj\u016f a r\u016fzn\u00fdch doma vyroben\u00fdch samohyb\u016f. Leto\u0161n\u00ed ro\u010dn\u00edk byl jubilejn\u00ed - ji\u017e des\u00e1t\u00fd.\",\"breadcrumb\":{\"@id\":\"https:\\\/\\\/jablkon.eu\\\/jbl\\\/fotosluzby\\\/reportaze\\\/vlcice-traktoriada-2016\\\/#breadcrumb\"},\"inLanguage\":\"cs\",\"potentialAction\":[{\"@type\":\"ReadAction\",\"target\":[\"https:\\\/\\\/jablkon.eu\\\/jbl\\\/fotosluzby\\\/reportaze\\\/vlcice-traktoriada-2016\\\/\"]}]},{\"@type\":\"BreadcrumbList\",\"@id\":\"https:\\\/\\\/jablkon.eu\\\/jbl\\\/fotosluzby\\\/reportaze\\\/vlcice-traktoriada-2016\\\/#breadcrumb\",\"itemListElement\":[{\"@type\":\"ListItem\",\"position\":1,\"name\":\"Dom\u016f\",\"item\":\"https:\\\/\\\/jablkon.eu\\\/jbl\\\/\"},{\"@type\":\"ListItem\",\"position\":2,\"name\":\"Proj\u00ed\u017e\u010fka \u201eVl\u010dickou lou\u017e\u00ed\u201c aneb 1. m\u00e1j trochu jinak\"}]},{\"@type\":\"WebSite\",\"@id\":\"https:\\\/\\\/jablkon.eu\\\/jbl\\\/#website\",\"url\":\"https:\\\/\\\/jablkon.eu\\\/jbl\\\/\",\"name\":\"Jaroslav Bla\u017eek - fotograf\",\"description\":\"Fotografick\u00e9 pr\u00e1ce - svatebn\u00ed, rodinn\u00e1 a portr\u00e9tn\u00ed fotografie, report\u00e1\u017ee\",\"publisher\":{\"@id\":\"https:\\\/\\\/jablkon.eu\\\/jbl\\\/#\\\/schema\\\/person\\\/4984d4e992f073207f693460109eac25\"},\"potentialAction\":[{\"@type\":\"SearchAction\",\"target\":{\"@type\":\"EntryPoint\",\"urlTemplate\":\"https:\\\/\\\/jablkon.eu\\\/jbl\\\/?s={search_term_string}\"},\"query-input\":{\"@type\":\"PropertyValueSpecification\",\"valueRequired\":true,\"valueName\":\"search_term_string\"}}],\"inLanguage\":\"cs\"},{\"@type\":[\"Person\",\"Organization\"],\"@id\":\"https:\\\/\\\/jablkon.eu\\\/jbl\\\/#\\\/schema\\\/person\\\/4984d4e992f073207f693460109eac25\",\"name\":\"JBla\u017eek\",\"image\":{\"@type\":\"ImageObject\",\"inLanguage\":\"cs\",\"@id\":\"https:\\\/\\\/secure.gravatar.com\\\/avatar\\\/c014bb8932a8609c14cf90b1aebdc83197cddda4aa4e3e599f1e0016a63d942e?s=96&d=mm&r=g\",\"url\":\"https:\\\/\\\/secure.gravatar.com\\\/avatar\\\/c014bb8932a8609c14cf90b1aebdc83197cddda4aa4e3e599f1e0016a63d942e?s=96&d=mm&r=g\",\"contentUrl\":\"https:\\\/\\\/secure.gravatar.com\\\/avatar\\\/c014bb8932a8609c14cf90b1aebdc83197cddda4aa4e3e599f1e0016a63d942e?s=96&d=mm&r=g\",\"caption\":\"JBla\u017eek\"},\"logo\":{\"@id\":\"https:\\\/\\\/secure.gravatar.com\\\/avatar\\\/c014bb8932a8609c14cf90b1aebdc83197cddda4aa4e3e599f1e0016a63d942e?s=96&d=mm&r=g\"},\"sameAs\":[\"http:\\\/\\\/foto.jablkon.cz\"],\"url\":\"https:\\\/\\\/jablkon.eu\\\/jbl\\\/author\\\/admin\\\/\"}]}<\/script>\n<!-- \/ Yoast SEO plugin. -->","yoast_head_json":{"title":"Proj\u00ed\u017e\u010fka \u201eVl\u010dickou lou\u017e\u00ed\u201c aneb 1. m\u00e1j trochu jinak - Jaroslav Bla\u017eek - fotograf","description":"Prvn\u00ed m\u00e1j letos vy\u0161el na ned\u011bli a samoz\u0159ejm\u011b, \u017ee i letos se v sousedn\u00edch Vl\u010dic\u00edch konal tradi\u010dn\u00ed recesistick\u00fd \u201eM\u00e1jov\u00fd pr\u016fvod\u201c s p\u0159ehl\u00eddkou dom\u00e1c\u00edch zem\u011bd\u011blsk\u00fdch stroj\u016f a r\u016fzn\u00fdch doma vyroben\u00fdch samohyb\u016f. Leto\u0161n\u00ed ro\u010dn\u00edk byl jubilejn\u00ed - ji\u017e des\u00e1t\u00fd.","robots":{"index":"index","follow":"follow","max-snippet":"max-snippet:-1","max-image-preview":"max-image-preview:large","max-video-preview":"max-video-preview:-1"},"canonical":"https:\/\/jablkon.eu\/jbl\/fotosluzby\/reportaze\/vlcice-traktoriada-2016\/","og_locale":"cs_CZ","og_type":"article","og_title":"Proj\u00ed\u017e\u010fka \u201eVl\u010dickou lou\u017e\u00ed\u201c aneb 1. m\u00e1j trochu jinak - Jaroslav Bla\u017eek - fotograf","og_description":"Prvn\u00ed m\u00e1j letos vy\u0161el na ned\u011bli a samoz\u0159ejm\u011b, \u017ee i letos se v sousedn\u00edch Vl\u010dic\u00edch konal tradi\u010dn\u00ed recesistick\u00fd \u201eM\u00e1jov\u00fd pr\u016fvod\u201c s p\u0159ehl\u00eddkou dom\u00e1c\u00edch zem\u011bd\u011blsk\u00fdch stroj\u016f a r\u016fzn\u00fdch doma vyroben\u00fdch samohyb\u016f. Leto\u0161n\u00ed ro\u010dn\u00edk byl jubilejn\u00ed - ji\u017e des\u00e1t\u00fd.","og_url":"https:\/\/jablkon.eu\/jbl\/fotosluzby\/reportaze\/vlcice-traktoriada-2016\/","og_site_name":"Jaroslav Bla\u017eek - fotograf","article_published_time":"2016-05-01T21:00:07+00:00","article_modified_time":"2017-05-16T19:23:24+00:00","author":"JBla\u017eek","twitter_misc":{"Napsal(a)":"JBla\u017eek","Odhadovan\u00e1 doba \u010dten\u00ed":"2 minuty"},"schema":{"@context":"https:\/\/schema.org","@graph":[{"@type":"Article","@id":"https:\/\/jablkon.eu\/jbl\/fotosluzby\/reportaze\/vlcice-traktoriada-2016\/#article","isPartOf":{"@id":"https:\/\/jablkon.eu\/jbl\/fotosluzby\/reportaze\/vlcice-traktoriada-2016\/"},"author":{"name":"JBla\u017eek","@id":"https:\/\/jablkon.eu\/jbl\/#\/schema\/person\/4984d4e992f073207f693460109eac25"},"headline":"Proj\u00ed\u017e\u010fka \u201eVl\u010dickou lou\u017e\u00ed\u201c aneb 1. m\u00e1j trochu jinak","datePublished":"2016-05-01T21:00:07+00:00","dateModified":"2017-05-16T19:23:24+00:00","mainEntityOfPage":{"@id":"https:\/\/jablkon.eu\/jbl\/fotosluzby\/reportaze\/vlcice-traktoriada-2016\/"},"wordCount":335,"publisher":{"@id":"https:\/\/jablkon.eu\/jbl\/#\/schema\/person\/4984d4e992f073207f693460109eac25"},"keywords":["auto-moto","kultura","publikov\u00e1no","Vl\u010dice"],"articleSection":["report\u00e1\u017en\u00ed fotografie"],"inLanguage":"cs"},{"@type":"WebPage","@id":"https:\/\/jablkon.eu\/jbl\/fotosluzby\/reportaze\/vlcice-traktoriada-2016\/","url":"https:\/\/jablkon.eu\/jbl\/fotosluzby\/reportaze\/vlcice-traktoriada-2016\/","name":"Proj\u00ed\u017e\u010fka \u201eVl\u010dickou lou\u017e\u00ed\u201c aneb 1. m\u00e1j trochu jinak - Jaroslav Bla\u017eek - fotograf","isPartOf":{"@id":"https:\/\/jablkon.eu\/jbl\/#website"},"datePublished":"2016-05-01T21:00:07+00:00","dateModified":"2017-05-16T19:23:24+00:00","description":"Prvn\u00ed m\u00e1j letos vy\u0161el na ned\u011bli a samoz\u0159ejm\u011b, \u017ee i letos se v sousedn\u00edch Vl\u010dic\u00edch konal tradi\u010dn\u00ed recesistick\u00fd \u201eM\u00e1jov\u00fd pr\u016fvod\u201c s p\u0159ehl\u00eddkou dom\u00e1c\u00edch zem\u011bd\u011blsk\u00fdch stroj\u016f a r\u016fzn\u00fdch doma vyroben\u00fdch samohyb\u016f. Leto\u0161n\u00ed ro\u010dn\u00edk byl jubilejn\u00ed - ji\u017e des\u00e1t\u00fd.","breadcrumb":{"@id":"https:\/\/jablkon.eu\/jbl\/fotosluzby\/reportaze\/vlcice-traktoriada-2016\/#breadcrumb"},"inLanguage":"cs","potentialAction":[{"@type":"ReadAction","target":["https:\/\/jablkon.eu\/jbl\/fotosluzby\/reportaze\/vlcice-traktoriada-2016\/"]}]},{"@type":"BreadcrumbList","@id":"https:\/\/jablkon.eu\/jbl\/fotosluzby\/reportaze\/vlcice-traktoriada-2016\/#breadcrumb","itemListElement":[{"@type":"ListItem","position":1,"name":"Dom\u016f","item":"https:\/\/jablkon.eu\/jbl\/"},{"@type":"ListItem","position":2,"name":"Proj\u00ed\u017e\u010fka \u201eVl\u010dickou lou\u017e\u00ed\u201c aneb 1. m\u00e1j trochu jinak"}]},{"@type":"WebSite","@id":"https:\/\/jablkon.eu\/jbl\/#website","url":"https:\/\/jablkon.eu\/jbl\/","name":"Jaroslav Bla\u017eek - fotograf","description":"Fotografick\u00e9 pr\u00e1ce - svatebn\u00ed, rodinn\u00e1 a portr\u00e9tn\u00ed fotografie, report\u00e1\u017ee","publisher":{"@id":"https:\/\/jablkon.eu\/jbl\/#\/schema\/person\/4984d4e992f073207f693460109eac25"},"potentialAction":[{"@type":"SearchAction","target":{"@type":"EntryPoint","urlTemplate":"https:\/\/jablkon.eu\/jbl\/?s={search_term_string}"},"query-input":{"@type":"PropertyValueSpecification","valueRequired":true,"valueName":"search_term_string"}}],"inLanguage":"cs"},{"@type":["Person","Organization"],"@id":"https:\/\/jablkon.eu\/jbl\/#\/schema\/person\/4984d4e992f073207f693460109eac25","name":"JBla\u017eek","image":{"@type":"ImageObject","inLanguage":"cs","@id":"https:\/\/secure.gravatar.com\/avatar\/c014bb8932a8609c14cf90b1aebdc83197cddda4aa4e3e599f1e0016a63d942e?s=96&d=mm&r=g","url":"https:\/\/secure.gravatar.com\/avatar\/c014bb8932a8609c14cf90b1aebdc83197cddda4aa4e3e599f1e0016a63d942e?s=96&d=mm&r=g","contentUrl":"https:\/\/secure.gravatar.com\/avatar\/c014bb8932a8609c14cf90b1aebdc83197cddda4aa4e3e599f1e0016a63d942e?s=96&d=mm&r=g","caption":"JBla\u017eek"},"logo":{"@id":"https:\/\/secure.gravatar.com\/avatar\/c014bb8932a8609c14cf90b1aebdc83197cddda4aa4e3e599f1e0016a63d942e?s=96&d=mm&r=g"},"sameAs":["http:\/\/foto.jablkon.cz"],"url":"https:\/\/jablkon.eu\/jbl\/author\/admin\/"}]}},"views":1516,"_links":{"self":[{"href":"https:\/\/jablkon.eu\/jbl\/wp-json\/wp\/v2\/posts\/9419","targetHints":{"allow":["GET"]}}],"collection":[{"href":"https:\/\/jablkon.eu\/jbl\/wp-json\/wp\/v2\/posts"}],"about":[{"href":"https:\/\/jablkon.eu\/jbl\/wp-json\/wp\/v2\/types\/post"}],"author":[{"embeddable":true,"href":"https:\/\/jablkon.eu\/jbl\/wp-json\/wp\/v2\/users\/1"}],"replies":[{"embeddable":true,"href":"https:\/\/jablkon.eu\/jbl\/wp-json\/wp\/v2\/comments?post=9419"}],"version-history":[{"count":0,"href":"https:\/\/jablkon.eu\/jbl\/wp-json\/wp\/v2\/posts\/9419\/revisions"}],"wp:attachment":[{"href":"https:\/\/jablkon.eu\/jbl\/wp-json\/wp\/v2\/media?parent=9419"}],"wp:term":[{"taxonomy":"category","embeddable":true,"href":"https:\/\/jablkon.eu\/jbl\/wp-json\/wp\/v2\/categories?post=9419"},{"taxonomy":"post_tag","embeddable":true,"href":"https:\/\/jablkon.eu\/jbl\/wp-json\/wp\/v2\/tags?post=9419"}],"curies":[{"name":"wp","href":"https:\/\/api.w.org\/{rel}","templated":true}]}}