{"id":9510,"date":"2017-04-04T22:38:06","date_gmt":"2017-04-04T20:38:06","guid":{"rendered":"http:\/\/jablkon.eu\/jbl\/?p=9510"},"modified":"2017-04-05T16:29:35","modified_gmt":"2017-04-05T14:29:35","slug":"predvelikonocni-jarmark-2017","status":"publish","type":"post","link":"https:\/\/jablkon.eu\/jbl\/pilnikov\/predvelikonocni-jarmark-2017\/","title":{"rendered":"V Piln\u00edkov\u011b prob\u011bhl ji\u017e druh\u00fd p\u0159edvelikono\u010dn\u00ed jarmark"},"content":{"rendered":"<p>V sobotu 1. dubna 2017 v 15:00 hodin za\u010dal v Piln\u00edkov\u011b ji\u017e druh\u00fd P\u0159edvelikono\u010dn\u00ed jarmark.<\/p>\n<p align=\"JUSTIFY\">Jarmarku se z\u00fa\u010dastnilo celkem dvan\u00e1ct prodejc\u016f. Mnoho z nich nab\u00edzelo typicky velikono\u010dn\u00ed v\u00fdrobky, jako jsou velikono\u010dn\u00ed kraslice, poml\u00e1zky, zaj\u00ed\u010dky, ku\u0159\u00e1tka \u010di pern\u00ed\u010dky. Dal\u0161\u00ed zase nab\u00edzeli rozmanit\u00e9 \u0161perky, ru\u010dn\u011b vy\u0159ez\u00e1van\u00e9 va\u0159e\u010dky, n\u00e1u\u0161nice, sv\u00ed\u010dky a dal\u0161\u00ed rozmanit\u00e9 zbo\u017e\u00ed. Tak\u00e9 bylo mo\u017en\u00e9 ochutnat s\u00fdrov\u00e9 poh\u00e1ry, medovinu a jin\u00e9 zdrav\u00e9 v\u00fdrobky z piln\u00edkovsk\u00e9ho Medov\u00e9ho dvora.<\/p>\n<p align=\"JUSTIFY\">I letos se jarmarku \u00fa\u010dastnil Piln\u00edkov\u00e1\u010dek. D\u011bti z Piln\u00edkov\u00e1\u010dku si i na leto\u0161n\u00ed jarmark p\u0159ipravily tvo\u0159ivou d\u00edlnu, ve kter\u00e9 si z\u00e1jemci z \u0159ad d\u011btsk\u00fdch n\u00e1v\u0161t\u011bvn\u00edk\u016f mohly ozdobit sv\u00e9 vlastn\u00ed velikono\u010dn\u00ed vaj\u00ed\u010dko.<\/p>\n<p align=\"JUSTIFY\">V \u010d\u00e1sti s\u00e1lu bylo p\u0159ipraveno posezen\u00ed, kde si n\u00e1v\u0161t\u011bvn\u00edci mohli zakoupen\u00e9 v\u00fdrobky hned ochutnat. K tomu jim \u010dlenov\u00e9 m\u00edstn\u00edho SDH Piln\u00edkov uva\u0159ili k\u00e1vu nebo poskytli i jin\u00e9 n\u00e1poje a ob\u010derstven\u00ed.<\/p>\n<p align=\"JUSTIFY\">Jarmare\u010dn\u00ed atmosf\u00e9ru dokresloval svoj\u00ed hrou harmonik\u00e1\u0159 Karel Ottmar.<\/p>\n<p align=\"JUSTIFY\">Letos se na jarmark p\u0159i\u0161lo pod\u00edvat op\u011bt v\u00edce ne\u017e 150 lid\u00ed, ale asi po lo\u0148sk\u00e9 zku\u0161enosti, p\u0159ich\u00e1zeli postupn\u011b.<\/p>\n<p align=\"JUSTIFY\">PS: V\u00edte odkud p\u0159ijeli nejvzd\u00e1len\u011bj\u0161\u00ed n\u00e1v\u0161t\u011bvn\u00edci jarmarku? A\u017e z Rakovn\u00edku!<\/p>\n<p><em>Publikov\u00e1no tak\u00e9 na <a title=\"novinky.cz - posledn\u00ed \u010dl\u00e1nky\" href=\"http:\/\/www.novinky.cz\/vase-zpravy\/uzivatel=3622\" target=\"_blank\">novinky.cz<\/a> &#8211; <a title=\"novinky.cz - tento \u010dl\u00e1nek\" href=\"https:\/\/www.novinky.cz\/vase-zpravy\/kralovehradecky-kraj\/trutnov\/3622-43583-ani-letos-v-pilnikove-nezapomneli-na-predvelikonocni-jarmark.html\" target=\"_blank\">zde<\/a>.<\/em><\/p>\n<p><embed width=\"100%\" height=\"900\" type=\"application\/x-shockwave-flash\" src=\"http:\/\/www.jablkon.eu\/_js\/viewer.swf\" bgcolor=\"#000000\" flashvars=\"xmlDataPath=http:\/\/www.jablkon.eu\/pilnikov\/foto_akce\/2017\/0401\/foto.xml\" allownetworking=\"internal\" allowscriptaccess=\"never\" enablejavascript=\"false\"><\/embed><\/p>\n<h3>Souvisej\u00edc\u00ed obr\u00e1zky:<\/h3>","protected":false},"excerpt":{"rendered":"<p>V sobotu 1. dubna 2017 v 15:00 hodin za\u010dal v Piln\u00edkov\u011b ji\u017e druh\u00fd P\u0159edvelikono\u010dn\u00ed jarmark. Jarmarku se z\u00fa\u010dastnilo celkem dvan\u00e1ct prodejc\u016f. Mnoho z nich nab\u00edzelo typicky velikono\u010dn\u00ed v\u00fdrobky, jako jsou velikono\u010dn\u00ed kraslice, poml\u00e1zky, zaj\u00ed\u010dky, ku\u0159\u00e1tka \u010di pern\u00ed\u010dky. Dal\u0161\u00ed zase nab\u00edzeli &hellip; <a href=\"https:\/\/jablkon.eu\/jbl\/pilnikov\/predvelikonocni-jarmark-2017\/\">Cel\u00fd p\u0159\u00edsp\u011bvek <span class=\"meta-nav\">&rarr;<\/span><\/a><\/p>\n","protected":false},"author":1,"featured_media":0,"comment_status":"closed","ping_status":"open","sticky":false,"template":"","format":"standard","meta":{"ngg_post_thumbnail":0,"footnotes":""},"categories":[10,7,12],"tags":[47,46,87],"class_list":["post-9510","post","type-post","status-publish","format-standard","hentry","category-pilnikovkultura","category-pilnikov","category-reportaze","tag-kultura","tag-pilnikov-2","tag-publikovano"],"yoast_head":"<!-- This site is optimized with the Yoast SEO plugin v27.5 - https:\/\/yoast.com\/product\/yoast-seo-wordpress\/ -->\n<title>V Piln\u00edkov\u011b prob\u011bhl ji\u017e druh\u00fd p\u0159edvelikono\u010dn\u00ed jarmark - Jaroslav Bla\u017eek - fotograf<\/title>\n<meta name=\"description\" content=\"Jaroslav Bla\u017eek - fotograf\" \/>\n<meta name=\"robots\" content=\"index, follow, max-snippet:-1, max-image-preview:large, max-video-preview:-1\" \/>\n<link rel=\"canonical\" href=\"https:\/\/jablkon.eu\/jbl\/pilnikov\/predvelikonocni-jarmark-2017\/\" \/>\n<meta property=\"og:locale\" content=\"cs_CZ\" \/>\n<meta property=\"og:type\" content=\"article\" \/>\n<meta property=\"og:title\" content=\"V Piln\u00edkov\u011b prob\u011bhl ji\u017e druh\u00fd p\u0159edvelikono\u010dn\u00ed jarmark - Jaroslav Bla\u017eek - fotograf\" \/>\n<meta property=\"og:description\" content=\"Jaroslav Bla\u017eek - fotograf\" \/>\n<meta property=\"og:url\" content=\"https:\/\/jablkon.eu\/jbl\/pilnikov\/predvelikonocni-jarmark-2017\/\" \/>\n<meta property=\"og:site_name\" content=\"Jaroslav Bla\u017eek - fotograf\" \/>\n<meta property=\"article:published_time\" content=\"2017-04-04T20:38:06+00:00\" \/>\n<meta property=\"article:modified_time\" content=\"2017-04-05T14:29:35+00:00\" \/>\n<meta name=\"author\" content=\"JBla\u017eek\" \/>\n<meta name=\"twitter:label1\" content=\"Napsal(a)\" \/>\n\t<meta name=\"twitter:data1\" content=\"JBla\u017eek\" \/>\n\t<meta name=\"twitter:label2\" content=\"Odhadovan\u00e1 doba \u010dten\u00ed\" \/>\n\t<meta name=\"twitter:data2\" content=\"1 minuta\" \/>\n<script type=\"application\/ld+json\" class=\"yoast-schema-graph\">{\"@context\":\"https:\\\/\\\/schema.org\",\"@graph\":[{\"@type\":\"Article\",\"@id\":\"https:\\\/\\\/jablkon.eu\\\/jbl\\\/pilnikov\\\/predvelikonocni-jarmark-2017\\\/#article\",\"isPartOf\":{\"@id\":\"https:\\\/\\\/jablkon.eu\\\/jbl\\\/pilnikov\\\/predvelikonocni-jarmark-2017\\\/\"},\"author\":{\"name\":\"JBla\u017eek\",\"@id\":\"https:\\\/\\\/jablkon.eu\\\/jbl\\\/#\\\/schema\\\/person\\\/4984d4e992f073207f693460109eac25\"},\"headline\":\"V Piln\u00edkov\u011b prob\u011bhl ji\u017e druh\u00fd p\u0159edvelikono\u010dn\u00ed jarmark\",\"datePublished\":\"2017-04-04T20:38:06+00:00\",\"dateModified\":\"2017-04-05T14:29:35+00:00\",\"mainEntityOfPage\":{\"@id\":\"https:\\\/\\\/jablkon.eu\\\/jbl\\\/pilnikov\\\/predvelikonocni-jarmark-2017\\\/\"},\"wordCount\":260,\"publisher\":{\"@id\":\"https:\\\/\\\/jablkon.eu\\\/jbl\\\/#\\\/schema\\\/person\\\/4984d4e992f073207f693460109eac25\"},\"keywords\":[\"kultura\",\"Piln\u00edkov\",\"publikov\u00e1no\"],\"articleSection\":[\"informace z kultury\",\"m\u011bsto Piln\u00edkov\",\"report\u00e1\u017en\u00ed fotografie\"],\"inLanguage\":\"cs\"},{\"@type\":\"WebPage\",\"@id\":\"https:\\\/\\\/jablkon.eu\\\/jbl\\\/pilnikov\\\/predvelikonocni-jarmark-2017\\\/\",\"url\":\"https:\\\/\\\/jablkon.eu\\\/jbl\\\/pilnikov\\\/predvelikonocni-jarmark-2017\\\/\",\"name\":\"V Piln\u00edkov\u011b prob\u011bhl ji\u017e druh\u00fd p\u0159edvelikono\u010dn\u00ed jarmark - Jaroslav Bla\u017eek - fotograf\",\"isPartOf\":{\"@id\":\"https:\\\/\\\/jablkon.eu\\\/jbl\\\/#website\"},\"datePublished\":\"2017-04-04T20:38:06+00:00\",\"dateModified\":\"2017-04-05T14:29:35+00:00\",\"description\":\"Jaroslav Bla\u017eek - fotograf\",\"breadcrumb\":{\"@id\":\"https:\\\/\\\/jablkon.eu\\\/jbl\\\/pilnikov\\\/predvelikonocni-jarmark-2017\\\/#breadcrumb\"},\"inLanguage\":\"cs\",\"potentialAction\":[{\"@type\":\"ReadAction\",\"target\":[\"https:\\\/\\\/jablkon.eu\\\/jbl\\\/pilnikov\\\/predvelikonocni-jarmark-2017\\\/\"]}]},{\"@type\":\"BreadcrumbList\",\"@id\":\"https:\\\/\\\/jablkon.eu\\\/jbl\\\/pilnikov\\\/predvelikonocni-jarmark-2017\\\/#breadcrumb\",\"itemListElement\":[{\"@type\":\"ListItem\",\"position\":1,\"name\":\"Dom\u016f\",\"item\":\"https:\\\/\\\/jablkon.eu\\\/jbl\\\/\"},{\"@type\":\"ListItem\",\"position\":2,\"name\":\"V Piln\u00edkov\u011b prob\u011bhl ji\u017e druh\u00fd p\u0159edvelikono\u010dn\u00ed jarmark\"}]},{\"@type\":\"WebSite\",\"@id\":\"https:\\\/\\\/jablkon.eu\\\/jbl\\\/#website\",\"url\":\"https:\\\/\\\/jablkon.eu\\\/jbl\\\/\",\"name\":\"Jaroslav Bla\u017eek - fotograf\",\"description\":\"Fotografick\u00e9 pr\u00e1ce - svatebn\u00ed, rodinn\u00e1 a portr\u00e9tn\u00ed fotografie, report\u00e1\u017ee\",\"publisher\":{\"@id\":\"https:\\\/\\\/jablkon.eu\\\/jbl\\\/#\\\/schema\\\/person\\\/4984d4e992f073207f693460109eac25\"},\"potentialAction\":[{\"@type\":\"SearchAction\",\"target\":{\"@type\":\"EntryPoint\",\"urlTemplate\":\"https:\\\/\\\/jablkon.eu\\\/jbl\\\/?s={search_term_string}\"},\"query-input\":{\"@type\":\"PropertyValueSpecification\",\"valueRequired\":true,\"valueName\":\"search_term_string\"}}],\"inLanguage\":\"cs\"},{\"@type\":[\"Person\",\"Organization\"],\"@id\":\"https:\\\/\\\/jablkon.eu\\\/jbl\\\/#\\\/schema\\\/person\\\/4984d4e992f073207f693460109eac25\",\"name\":\"JBla\u017eek\",\"image\":{\"@type\":\"ImageObject\",\"inLanguage\":\"cs\",\"@id\":\"https:\\\/\\\/secure.gravatar.com\\\/avatar\\\/c014bb8932a8609c14cf90b1aebdc83197cddda4aa4e3e599f1e0016a63d942e?s=96&d=mm&r=g\",\"url\":\"https:\\\/\\\/secure.gravatar.com\\\/avatar\\\/c014bb8932a8609c14cf90b1aebdc83197cddda4aa4e3e599f1e0016a63d942e?s=96&d=mm&r=g\",\"contentUrl\":\"https:\\\/\\\/secure.gravatar.com\\\/avatar\\\/c014bb8932a8609c14cf90b1aebdc83197cddda4aa4e3e599f1e0016a63d942e?s=96&d=mm&r=g\",\"caption\":\"JBla\u017eek\"},\"logo\":{\"@id\":\"https:\\\/\\\/secure.gravatar.com\\\/avatar\\\/c014bb8932a8609c14cf90b1aebdc83197cddda4aa4e3e599f1e0016a63d942e?s=96&d=mm&r=g\"},\"sameAs\":[\"http:\\\/\\\/foto.jablkon.cz\"],\"url\":\"https:\\\/\\\/jablkon.eu\\\/jbl\\\/author\\\/admin\\\/\"}]}<\/script>\n<!-- \/ Yoast SEO plugin. -->","yoast_head_json":{"title":"V Piln\u00edkov\u011b prob\u011bhl ji\u017e druh\u00fd p\u0159edvelikono\u010dn\u00ed jarmark - Jaroslav Bla\u017eek - fotograf","description":"Jaroslav Bla\u017eek - fotograf","robots":{"index":"index","follow":"follow","max-snippet":"max-snippet:-1","max-image-preview":"max-image-preview:large","max-video-preview":"max-video-preview:-1"},"canonical":"https:\/\/jablkon.eu\/jbl\/pilnikov\/predvelikonocni-jarmark-2017\/","og_locale":"cs_CZ","og_type":"article","og_title":"V Piln\u00edkov\u011b prob\u011bhl ji\u017e druh\u00fd p\u0159edvelikono\u010dn\u00ed jarmark - Jaroslav Bla\u017eek - fotograf","og_description":"Jaroslav Bla\u017eek - fotograf","og_url":"https:\/\/jablkon.eu\/jbl\/pilnikov\/predvelikonocni-jarmark-2017\/","og_site_name":"Jaroslav Bla\u017eek - fotograf","article_published_time":"2017-04-04T20:38:06+00:00","article_modified_time":"2017-04-05T14:29:35+00:00","author":"JBla\u017eek","twitter_misc":{"Napsal(a)":"JBla\u017eek","Odhadovan\u00e1 doba \u010dten\u00ed":"1 minuta"},"schema":{"@context":"https:\/\/schema.org","@graph":[{"@type":"Article","@id":"https:\/\/jablkon.eu\/jbl\/pilnikov\/predvelikonocni-jarmark-2017\/#article","isPartOf":{"@id":"https:\/\/jablkon.eu\/jbl\/pilnikov\/predvelikonocni-jarmark-2017\/"},"author":{"name":"JBla\u017eek","@id":"https:\/\/jablkon.eu\/jbl\/#\/schema\/person\/4984d4e992f073207f693460109eac25"},"headline":"V Piln\u00edkov\u011b prob\u011bhl ji\u017e druh\u00fd p\u0159edvelikono\u010dn\u00ed jarmark","datePublished":"2017-04-04T20:38:06+00:00","dateModified":"2017-04-05T14:29:35+00:00","mainEntityOfPage":{"@id":"https:\/\/jablkon.eu\/jbl\/pilnikov\/predvelikonocni-jarmark-2017\/"},"wordCount":260,"publisher":{"@id":"https:\/\/jablkon.eu\/jbl\/#\/schema\/person\/4984d4e992f073207f693460109eac25"},"keywords":["kultura","Piln\u00edkov","publikov\u00e1no"],"articleSection":["informace z kultury","m\u011bsto Piln\u00edkov","report\u00e1\u017en\u00ed fotografie"],"inLanguage":"cs"},{"@type":"WebPage","@id":"https:\/\/jablkon.eu\/jbl\/pilnikov\/predvelikonocni-jarmark-2017\/","url":"https:\/\/jablkon.eu\/jbl\/pilnikov\/predvelikonocni-jarmark-2017\/","name":"V Piln\u00edkov\u011b prob\u011bhl ji\u017e druh\u00fd p\u0159edvelikono\u010dn\u00ed jarmark - Jaroslav Bla\u017eek - fotograf","isPartOf":{"@id":"https:\/\/jablkon.eu\/jbl\/#website"},"datePublished":"2017-04-04T20:38:06+00:00","dateModified":"2017-04-05T14:29:35+00:00","description":"Jaroslav Bla\u017eek - fotograf","breadcrumb":{"@id":"https:\/\/jablkon.eu\/jbl\/pilnikov\/predvelikonocni-jarmark-2017\/#breadcrumb"},"inLanguage":"cs","potentialAction":[{"@type":"ReadAction","target":["https:\/\/jablkon.eu\/jbl\/pilnikov\/predvelikonocni-jarmark-2017\/"]}]},{"@type":"BreadcrumbList","@id":"https:\/\/jablkon.eu\/jbl\/pilnikov\/predvelikonocni-jarmark-2017\/#breadcrumb","itemListElement":[{"@type":"ListItem","position":1,"name":"Dom\u016f","item":"https:\/\/jablkon.eu\/jbl\/"},{"@type":"ListItem","position":2,"name":"V Piln\u00edkov\u011b prob\u011bhl ji\u017e druh\u00fd p\u0159edvelikono\u010dn\u00ed jarmark"}]},{"@type":"WebSite","@id":"https:\/\/jablkon.eu\/jbl\/#website","url":"https:\/\/jablkon.eu\/jbl\/","name":"Jaroslav Bla\u017eek - fotograf","description":"Fotografick\u00e9 pr\u00e1ce - svatebn\u00ed, rodinn\u00e1 a portr\u00e9tn\u00ed fotografie, report\u00e1\u017ee","publisher":{"@id":"https:\/\/jablkon.eu\/jbl\/#\/schema\/person\/4984d4e992f073207f693460109eac25"},"potentialAction":[{"@type":"SearchAction","target":{"@type":"EntryPoint","urlTemplate":"https:\/\/jablkon.eu\/jbl\/?s={search_term_string}"},"query-input":{"@type":"PropertyValueSpecification","valueRequired":true,"valueName":"search_term_string"}}],"inLanguage":"cs"},{"@type":["Person","Organization"],"@id":"https:\/\/jablkon.eu\/jbl\/#\/schema\/person\/4984d4e992f073207f693460109eac25","name":"JBla\u017eek","image":{"@type":"ImageObject","inLanguage":"cs","@id":"https:\/\/secure.gravatar.com\/avatar\/c014bb8932a8609c14cf90b1aebdc83197cddda4aa4e3e599f1e0016a63d942e?s=96&d=mm&r=g","url":"https:\/\/secure.gravatar.com\/avatar\/c014bb8932a8609c14cf90b1aebdc83197cddda4aa4e3e599f1e0016a63d942e?s=96&d=mm&r=g","contentUrl":"https:\/\/secure.gravatar.com\/avatar\/c014bb8932a8609c14cf90b1aebdc83197cddda4aa4e3e599f1e0016a63d942e?s=96&d=mm&r=g","caption":"JBla\u017eek"},"logo":{"@id":"https:\/\/secure.gravatar.com\/avatar\/c014bb8932a8609c14cf90b1aebdc83197cddda4aa4e3e599f1e0016a63d942e?s=96&d=mm&r=g"},"sameAs":["http:\/\/foto.jablkon.cz"],"url":"https:\/\/jablkon.eu\/jbl\/author\/admin\/"}]}},"views":764,"_links":{"self":[{"href":"https:\/\/jablkon.eu\/jbl\/wp-json\/wp\/v2\/posts\/9510","targetHints":{"allow":["GET"]}}],"collection":[{"href":"https:\/\/jablkon.eu\/jbl\/wp-json\/wp\/v2\/posts"}],"about":[{"href":"https:\/\/jablkon.eu\/jbl\/wp-json\/wp\/v2\/types\/post"}],"author":[{"embeddable":true,"href":"https:\/\/jablkon.eu\/jbl\/wp-json\/wp\/v2\/users\/1"}],"replies":[{"embeddable":true,"href":"https:\/\/jablkon.eu\/jbl\/wp-json\/wp\/v2\/comments?post=9510"}],"version-history":[{"count":0,"href":"https:\/\/jablkon.eu\/jbl\/wp-json\/wp\/v2\/posts\/9510\/revisions"}],"wp:attachment":[{"href":"https:\/\/jablkon.eu\/jbl\/wp-json\/wp\/v2\/media?parent=9510"}],"wp:term":[{"taxonomy":"category","embeddable":true,"href":"https:\/\/jablkon.eu\/jbl\/wp-json\/wp\/v2\/categories?post=9510"},{"taxonomy":"post_tag","embeddable":true,"href":"https:\/\/jablkon.eu\/jbl\/wp-json\/wp\/v2\/tags?post=9510"}],"curies":[{"name":"wp","href":"https:\/\/api.w.org\/{rel}","templated":true}]}}