{"id":9513,"date":"2017-04-15T23:18:52","date_gmt":"2017-04-15T21:18:52","guid":{"rendered":"http:\/\/jablkon.eu\/jbl\/?p=9513"},"modified":"2017-05-16T21:19:10","modified_gmt":"2017-05-16T19:19:10","slug":"rc-truck-show-2017","status":"publish","type":"post","link":"https:\/\/jablkon.eu\/jbl\/fotosluzby\/reportaze\/rc-truck-show-2017\/","title":{"rendered":"Sjezd kamion\u016f ve Frimlovce"},"content":{"rendered":"<p align=\"JUSTIFY\">Tak\u00e9 letos se se\u0161li majitel\u00e9 a p\u0159\u00edznivci RC model\u016f na RC Truck Show 2017. Leto\u0161n\u00ed ji\u017e t\u0159et\u00ed ro\u010dn\u00edk show se uskute\u010dnil v t\u011blocvi\u010dn\u011b Z\u0160 Rudolfa Frimla v Trutnov\u011b.<\/p>\n<p align=\"JUSTIFY\">Po p\u0159edv\u00e1d\u011bc\u00ed plo\u0161e jezdily p\u0159ev\u00e1\u017en\u011b kamiony, kter\u00e9 rozv\u00e1\u017en\u011b st\u011bhovaly rozli\u010dn\u00fd materi\u00e1l, ale tak\u00e9 temperamentn\u00ed dakarsk\u00e9 speci\u00e1ly, pro kter\u00e9 jejich \u0159idi\u010di nejprve museli p\u0159ipravit p\u0159\u00edslu\u0161n\u00fd ter\u00e9n. Ale tak\u00e9 tu jezdily traktory, \u010dist\u00edc\u00ed vozidla, jeden vysokozdvi\u017en\u00fd voz\u00edk nakl\u00e1dal stavebn\u00ed materi\u00e1l, p\u00e1sov\u00fd dopravn\u00edk zase nakl\u00e1dal sypk\u00fd materi\u00e1l. Dokonce tu ob\u010das projel i n\u011bjak\u00fd ten tank \u010di obrn\u011bn\u00e9 vozidlo.<\/p>\n<p align=\"JUSTIFY\">\u201eA m\u016f\u017eu si jedno taky p\u016fj\u010dit? Jen jedno&#8230;\u201c, \u017eadonili n\u011bkter\u00e9 d\u011bti a cht\u011bli se dostat bl\u00ed\u017ee k vystaven\u00fdm a jezd\u00edc\u00edm model\u016fm. Ale i n\u011bkte\u0159\u00ed tat\u00ednci a snad i maminky by si r\u00e1di s p\u011bkn\u00fdmi modely zajezdili.<\/p>\n<p align=\"JUSTIFY\">RC Truck Show nav\u0161t\u00edvilo hodn\u011b n\u00e1v\u0161t\u011bvn\u00edk\u016f a ur\u010dit\u011b byli spokojeni.<\/p>\n<p><em>Publikov\u00e1no tak\u00e9 na <a title=\"novinky.cz - posledn\u00ed \u010dl\u00e1nky\" href=\"http:\/\/www.novinky.cz\/vase-zpravy\/uzivatel=3622\" target=\"_blank\">novinky.cz<\/a> &#8211; <a title=\"novinky.cz - tento \u010dl\u00e1nek\" href=\"https:\/\/www.novinky.cz\/vase-zpravy\/kralovehradecky-kraj\/trutnov\/3622-43777-kamiony-ovladly-telocvicnu-zs-rudolfa-frimla-v-trutnove.html\" target=\"_blank\">zde<\/a>.<\/em><\/p>\n<p><embed height=\"900\" width=\"100%\" type=\"application\/x-shockwave-flash\" bgcolor=\"#000000\" flashvars=\"xmlDataPath=http:\/\/www.jablkon.eu\/foto\/cz\/2017\/0415_RCTruckShow\/foto.xml\" src=\"http:\/\/www.jablkon.eu\/_js\/viewer.swf\" allownetworking=\"internal\" allowscriptaccess=\"never\" enablejavascript=\"false\"><\/embed><\/p>\n<h3>Souvisej\u00edc\u00ed obr\u00e1zky:<\/h3>","protected":false},"excerpt":{"rendered":"<p>Tak\u00e9 letos se se\u0161li majitel\u00e9 a p\u0159\u00edznivci RC model\u016f na RC Truck Show 2017. Leto\u0161n\u00ed ji\u017e t\u0159et\u00ed ro\u010dn\u00edk show se uskute\u010dnil v t\u011blocvi\u010dn\u011b Z\u0160 Rudolfa Frimla v Trutnov\u011b. Po p\u0159edv\u00e1d\u011bc\u00ed plo\u0161e jezdily p\u0159ev\u00e1\u017en\u011b kamiony, kter\u00e9 rozv\u00e1\u017en\u011b st\u011bhovaly rozli\u010dn\u00fd materi\u00e1l, ale &hellip; <a href=\"https:\/\/jablkon.eu\/jbl\/fotosluzby\/reportaze\/rc-truck-show-2017\/\">Cel\u00fd p\u0159\u00edsp\u011bvek <span class=\"meta-nav\">&rarr;<\/span><\/a><\/p>\n","protected":false},"author":1,"featured_media":0,"comment_status":"closed","ping_status":"open","sticky":false,"template":"","format":"standard","meta":{"ngg_post_thumbnail":0,"footnotes":""},"categories":[12],"tags":[108,87],"class_list":["post-9513","post","type-post","status-publish","format-standard","hentry","category-reportaze","tag-auto-moto","tag-publikovano"],"yoast_head":"<!-- This site is optimized with the Yoast SEO plugin v27.5 - https:\/\/yoast.com\/product\/yoast-seo-wordpress\/ -->\n<title>Sjezd kamion\u016f ve Frimlovce - Jaroslav Bla\u017eek - fotograf<\/title>\n<meta name=\"description\" content=\"Jaroslav Bla\u017eek - fotograf\" \/>\n<meta name=\"robots\" content=\"index, follow, max-snippet:-1, max-image-preview:large, max-video-preview:-1\" \/>\n<link rel=\"canonical\" href=\"https:\/\/jablkon.eu\/jbl\/fotosluzby\/reportaze\/rc-truck-show-2017\/\" \/>\n<meta property=\"og:locale\" content=\"cs_CZ\" \/>\n<meta property=\"og:type\" content=\"article\" \/>\n<meta property=\"og:title\" content=\"Sjezd kamion\u016f ve Frimlovce - Jaroslav Bla\u017eek - fotograf\" \/>\n<meta property=\"og:description\" content=\"Jaroslav Bla\u017eek - fotograf\" \/>\n<meta property=\"og:url\" content=\"https:\/\/jablkon.eu\/jbl\/fotosluzby\/reportaze\/rc-truck-show-2017\/\" \/>\n<meta property=\"og:site_name\" content=\"Jaroslav Bla\u017eek - fotograf\" \/>\n<meta property=\"article:published_time\" content=\"2017-04-15T21:18:52+00:00\" \/>\n<meta property=\"article:modified_time\" content=\"2017-05-16T19:19:10+00:00\" \/>\n<meta name=\"author\" content=\"JBla\u017eek\" \/>\n<meta name=\"twitter:label1\" content=\"Napsal(a)\" \/>\n\t<meta name=\"twitter:data1\" content=\"JBla\u017eek\" \/>\n\t<meta name=\"twitter:label2\" content=\"Odhadovan\u00e1 doba \u010dten\u00ed\" \/>\n\t<meta name=\"twitter:data2\" content=\"1 minuta\" \/>\n<script type=\"application\/ld+json\" class=\"yoast-schema-graph\">{\"@context\":\"https:\\\/\\\/schema.org\",\"@graph\":[{\"@type\":\"Article\",\"@id\":\"https:\\\/\\\/jablkon.eu\\\/jbl\\\/fotosluzby\\\/reportaze\\\/rc-truck-show-2017\\\/#article\",\"isPartOf\":{\"@id\":\"https:\\\/\\\/jablkon.eu\\\/jbl\\\/fotosluzby\\\/reportaze\\\/rc-truck-show-2017\\\/\"},\"author\":{\"name\":\"JBla\u017eek\",\"@id\":\"https:\\\/\\\/jablkon.eu\\\/jbl\\\/#\\\/schema\\\/person\\\/4984d4e992f073207f693460109eac25\"},\"headline\":\"Sjezd kamion\u016f ve Frimlovce\",\"datePublished\":\"2017-04-15T21:18:52+00:00\",\"dateModified\":\"2017-05-16T19:19:10+00:00\",\"mainEntityOfPage\":{\"@id\":\"https:\\\/\\\/jablkon.eu\\\/jbl\\\/fotosluzby\\\/reportaze\\\/rc-truck-show-2017\\\/\"},\"wordCount\":200,\"publisher\":{\"@id\":\"https:\\\/\\\/jablkon.eu\\\/jbl\\\/#\\\/schema\\\/person\\\/4984d4e992f073207f693460109eac25\"},\"keywords\":[\"auto-moto\",\"publikov\u00e1no\"],\"articleSection\":[\"report\u00e1\u017en\u00ed fotografie\"],\"inLanguage\":\"cs\"},{\"@type\":\"WebPage\",\"@id\":\"https:\\\/\\\/jablkon.eu\\\/jbl\\\/fotosluzby\\\/reportaze\\\/rc-truck-show-2017\\\/\",\"url\":\"https:\\\/\\\/jablkon.eu\\\/jbl\\\/fotosluzby\\\/reportaze\\\/rc-truck-show-2017\\\/\",\"name\":\"Sjezd kamion\u016f ve Frimlovce - Jaroslav Bla\u017eek - fotograf\",\"isPartOf\":{\"@id\":\"https:\\\/\\\/jablkon.eu\\\/jbl\\\/#website\"},\"datePublished\":\"2017-04-15T21:18:52+00:00\",\"dateModified\":\"2017-05-16T19:19:10+00:00\",\"description\":\"Jaroslav Bla\u017eek - fotograf\",\"breadcrumb\":{\"@id\":\"https:\\\/\\\/jablkon.eu\\\/jbl\\\/fotosluzby\\\/reportaze\\\/rc-truck-show-2017\\\/#breadcrumb\"},\"inLanguage\":\"cs\",\"potentialAction\":[{\"@type\":\"ReadAction\",\"target\":[\"https:\\\/\\\/jablkon.eu\\\/jbl\\\/fotosluzby\\\/reportaze\\\/rc-truck-show-2017\\\/\"]}]},{\"@type\":\"BreadcrumbList\",\"@id\":\"https:\\\/\\\/jablkon.eu\\\/jbl\\\/fotosluzby\\\/reportaze\\\/rc-truck-show-2017\\\/#breadcrumb\",\"itemListElement\":[{\"@type\":\"ListItem\",\"position\":1,\"name\":\"Dom\u016f\",\"item\":\"https:\\\/\\\/jablkon.eu\\\/jbl\\\/\"},{\"@type\":\"ListItem\",\"position\":2,\"name\":\"Sjezd kamion\u016f ve Frimlovce\"}]},{\"@type\":\"WebSite\",\"@id\":\"https:\\\/\\\/jablkon.eu\\\/jbl\\\/#website\",\"url\":\"https:\\\/\\\/jablkon.eu\\\/jbl\\\/\",\"name\":\"Jaroslav Bla\u017eek - fotograf\",\"description\":\"Fotografick\u00e9 pr\u00e1ce - svatebn\u00ed, rodinn\u00e1 a portr\u00e9tn\u00ed fotografie, report\u00e1\u017ee\",\"publisher\":{\"@id\":\"https:\\\/\\\/jablkon.eu\\\/jbl\\\/#\\\/schema\\\/person\\\/4984d4e992f073207f693460109eac25\"},\"potentialAction\":[{\"@type\":\"SearchAction\",\"target\":{\"@type\":\"EntryPoint\",\"urlTemplate\":\"https:\\\/\\\/jablkon.eu\\\/jbl\\\/?s={search_term_string}\"},\"query-input\":{\"@type\":\"PropertyValueSpecification\",\"valueRequired\":true,\"valueName\":\"search_term_string\"}}],\"inLanguage\":\"cs\"},{\"@type\":[\"Person\",\"Organization\"],\"@id\":\"https:\\\/\\\/jablkon.eu\\\/jbl\\\/#\\\/schema\\\/person\\\/4984d4e992f073207f693460109eac25\",\"name\":\"JBla\u017eek\",\"image\":{\"@type\":\"ImageObject\",\"inLanguage\":\"cs\",\"@id\":\"https:\\\/\\\/secure.gravatar.com\\\/avatar\\\/c014bb8932a8609c14cf90b1aebdc83197cddda4aa4e3e599f1e0016a63d942e?s=96&d=mm&r=g\",\"url\":\"https:\\\/\\\/secure.gravatar.com\\\/avatar\\\/c014bb8932a8609c14cf90b1aebdc83197cddda4aa4e3e599f1e0016a63d942e?s=96&d=mm&r=g\",\"contentUrl\":\"https:\\\/\\\/secure.gravatar.com\\\/avatar\\\/c014bb8932a8609c14cf90b1aebdc83197cddda4aa4e3e599f1e0016a63d942e?s=96&d=mm&r=g\",\"caption\":\"JBla\u017eek\"},\"logo\":{\"@id\":\"https:\\\/\\\/secure.gravatar.com\\\/avatar\\\/c014bb8932a8609c14cf90b1aebdc83197cddda4aa4e3e599f1e0016a63d942e?s=96&d=mm&r=g\"},\"sameAs\":[\"http:\\\/\\\/foto.jablkon.cz\"],\"url\":\"https:\\\/\\\/jablkon.eu\\\/jbl\\\/author\\\/admin\\\/\"}]}<\/script>\n<!-- \/ Yoast SEO plugin. -->","yoast_head_json":{"title":"Sjezd kamion\u016f ve Frimlovce - Jaroslav Bla\u017eek - fotograf","description":"Jaroslav Bla\u017eek - fotograf","robots":{"index":"index","follow":"follow","max-snippet":"max-snippet:-1","max-image-preview":"max-image-preview:large","max-video-preview":"max-video-preview:-1"},"canonical":"https:\/\/jablkon.eu\/jbl\/fotosluzby\/reportaze\/rc-truck-show-2017\/","og_locale":"cs_CZ","og_type":"article","og_title":"Sjezd kamion\u016f ve Frimlovce - Jaroslav Bla\u017eek - fotograf","og_description":"Jaroslav Bla\u017eek - fotograf","og_url":"https:\/\/jablkon.eu\/jbl\/fotosluzby\/reportaze\/rc-truck-show-2017\/","og_site_name":"Jaroslav Bla\u017eek - fotograf","article_published_time":"2017-04-15T21:18:52+00:00","article_modified_time":"2017-05-16T19:19:10+00:00","author":"JBla\u017eek","twitter_misc":{"Napsal(a)":"JBla\u017eek","Odhadovan\u00e1 doba \u010dten\u00ed":"1 minuta"},"schema":{"@context":"https:\/\/schema.org","@graph":[{"@type":"Article","@id":"https:\/\/jablkon.eu\/jbl\/fotosluzby\/reportaze\/rc-truck-show-2017\/#article","isPartOf":{"@id":"https:\/\/jablkon.eu\/jbl\/fotosluzby\/reportaze\/rc-truck-show-2017\/"},"author":{"name":"JBla\u017eek","@id":"https:\/\/jablkon.eu\/jbl\/#\/schema\/person\/4984d4e992f073207f693460109eac25"},"headline":"Sjezd kamion\u016f ve Frimlovce","datePublished":"2017-04-15T21:18:52+00:00","dateModified":"2017-05-16T19:19:10+00:00","mainEntityOfPage":{"@id":"https:\/\/jablkon.eu\/jbl\/fotosluzby\/reportaze\/rc-truck-show-2017\/"},"wordCount":200,"publisher":{"@id":"https:\/\/jablkon.eu\/jbl\/#\/schema\/person\/4984d4e992f073207f693460109eac25"},"keywords":["auto-moto","publikov\u00e1no"],"articleSection":["report\u00e1\u017en\u00ed fotografie"],"inLanguage":"cs"},{"@type":"WebPage","@id":"https:\/\/jablkon.eu\/jbl\/fotosluzby\/reportaze\/rc-truck-show-2017\/","url":"https:\/\/jablkon.eu\/jbl\/fotosluzby\/reportaze\/rc-truck-show-2017\/","name":"Sjezd kamion\u016f ve Frimlovce - Jaroslav Bla\u017eek - fotograf","isPartOf":{"@id":"https:\/\/jablkon.eu\/jbl\/#website"},"datePublished":"2017-04-15T21:18:52+00:00","dateModified":"2017-05-16T19:19:10+00:00","description":"Jaroslav Bla\u017eek - fotograf","breadcrumb":{"@id":"https:\/\/jablkon.eu\/jbl\/fotosluzby\/reportaze\/rc-truck-show-2017\/#breadcrumb"},"inLanguage":"cs","potentialAction":[{"@type":"ReadAction","target":["https:\/\/jablkon.eu\/jbl\/fotosluzby\/reportaze\/rc-truck-show-2017\/"]}]},{"@type":"BreadcrumbList","@id":"https:\/\/jablkon.eu\/jbl\/fotosluzby\/reportaze\/rc-truck-show-2017\/#breadcrumb","itemListElement":[{"@type":"ListItem","position":1,"name":"Dom\u016f","item":"https:\/\/jablkon.eu\/jbl\/"},{"@type":"ListItem","position":2,"name":"Sjezd kamion\u016f ve Frimlovce"}]},{"@type":"WebSite","@id":"https:\/\/jablkon.eu\/jbl\/#website","url":"https:\/\/jablkon.eu\/jbl\/","name":"Jaroslav Bla\u017eek - fotograf","description":"Fotografick\u00e9 pr\u00e1ce - svatebn\u00ed, rodinn\u00e1 a portr\u00e9tn\u00ed fotografie, report\u00e1\u017ee","publisher":{"@id":"https:\/\/jablkon.eu\/jbl\/#\/schema\/person\/4984d4e992f073207f693460109eac25"},"potentialAction":[{"@type":"SearchAction","target":{"@type":"EntryPoint","urlTemplate":"https:\/\/jablkon.eu\/jbl\/?s={search_term_string}"},"query-input":{"@type":"PropertyValueSpecification","valueRequired":true,"valueName":"search_term_string"}}],"inLanguage":"cs"},{"@type":["Person","Organization"],"@id":"https:\/\/jablkon.eu\/jbl\/#\/schema\/person\/4984d4e992f073207f693460109eac25","name":"JBla\u017eek","image":{"@type":"ImageObject","inLanguage":"cs","@id":"https:\/\/secure.gravatar.com\/avatar\/c014bb8932a8609c14cf90b1aebdc83197cddda4aa4e3e599f1e0016a63d942e?s=96&d=mm&r=g","url":"https:\/\/secure.gravatar.com\/avatar\/c014bb8932a8609c14cf90b1aebdc83197cddda4aa4e3e599f1e0016a63d942e?s=96&d=mm&r=g","contentUrl":"https:\/\/secure.gravatar.com\/avatar\/c014bb8932a8609c14cf90b1aebdc83197cddda4aa4e3e599f1e0016a63d942e?s=96&d=mm&r=g","caption":"JBla\u017eek"},"logo":{"@id":"https:\/\/secure.gravatar.com\/avatar\/c014bb8932a8609c14cf90b1aebdc83197cddda4aa4e3e599f1e0016a63d942e?s=96&d=mm&r=g"},"sameAs":["http:\/\/foto.jablkon.cz"],"url":"https:\/\/jablkon.eu\/jbl\/author\/admin\/"}]}},"views":1647,"_links":{"self":[{"href":"https:\/\/jablkon.eu\/jbl\/wp-json\/wp\/v2\/posts\/9513","targetHints":{"allow":["GET"]}}],"collection":[{"href":"https:\/\/jablkon.eu\/jbl\/wp-json\/wp\/v2\/posts"}],"about":[{"href":"https:\/\/jablkon.eu\/jbl\/wp-json\/wp\/v2\/types\/post"}],"author":[{"embeddable":true,"href":"https:\/\/jablkon.eu\/jbl\/wp-json\/wp\/v2\/users\/1"}],"replies":[{"embeddable":true,"href":"https:\/\/jablkon.eu\/jbl\/wp-json\/wp\/v2\/comments?post=9513"}],"version-history":[{"count":0,"href":"https:\/\/jablkon.eu\/jbl\/wp-json\/wp\/v2\/posts\/9513\/revisions"}],"wp:attachment":[{"href":"https:\/\/jablkon.eu\/jbl\/wp-json\/wp\/v2\/media?parent=9513"}],"wp:term":[{"taxonomy":"category","embeddable":true,"href":"https:\/\/jablkon.eu\/jbl\/wp-json\/wp\/v2\/categories?post=9513"},{"taxonomy":"post_tag","embeddable":true,"href":"https:\/\/jablkon.eu\/jbl\/wp-json\/wp\/v2\/tags?post=9513"}],"curies":[{"name":"wp","href":"https:\/\/api.w.org\/{rel}","templated":true}]}}