{"id":9517,"date":"2017-05-01T22:30:01","date_gmt":"2017-05-01T20:30:01","guid":{"rendered":"http:\/\/jablkon.eu\/jbl\/?p=9517"},"modified":"2017-05-16T21:16:23","modified_gmt":"2017-05-16T19:16:23","slug":"vlcice-traktoriada-2017","status":"publish","type":"post","link":"https:\/\/jablkon.eu\/jbl\/fotosluzby\/reportaze\/vlcice-traktoriada-2017\/","title":{"rendered":"1. m\u00e1j ve Vl\u010dic\u00edch aneb dal\u0161\u00ed Vl\u010dick\u00e1 lou\u017ee 2017"},"content":{"rendered":"<p align=\"justify\">Ani leto\u0161n\u00ed rok nemohla na 1. kv\u011btna chyb\u011bt ve Vl\u010dic\u00edch tradi\u010dn\u00ed prvom\u00e1jov\u00e1 proj\u00ed\u017e\u010fka vl\u010dickou lou\u017e\u00ed, kter\u00e1 je spojena s recesistick\u00fdm M\u00e1jov\u00fdm pr\u016fvodem s p\u0159ehl\u00eddkou r\u016fzn\u00fdch, p\u0159ev\u00e1\u017en\u011b doma vyroben\u00fdch, samohyb\u016f. Pr\u016fvodu se ale \u00fa\u010dastn\u00ed i traktory r\u016fzn\u00e9ho st\u00e1\u0159\u00ed a n\u011bkolik ter\u00e9nn\u00edch automobil\u016f.<\/p>\n<p align=\"justify\">Obc\u00ed nejd\u0159\u00edve projel pr\u016fvod v\u0161ech \u00fa\u010dastn\u00edk\u016f traktori\u00e1dy. Pr\u016fvod kon\u010d\u00ed na m\u00edst\u011b kon\u00e1n\u00ed z\u00e1vodu \u2013 u lou\u017e\u00ed. Kdy\u017e se za\u010dali prvn\u00ed samohyby \u0159adit na za\u010d\u00e1tku trat\u011b, hned se div\u00e1ci od ob\u010derstvovac\u00edch st\u00e1nk\u016f i z depa p\u0159esunuli na co nejlep\u0161\u00ed m\u00edsta kolem trati. Nejzaj\u00edmav\u011bj\u0161\u00ed je v\u017edy a\u017e samotn\u00fd z\u00e1v\u011br trat\u011b, kter\u00fd m\u00edstn\u00ed hasi\u010di z SDH Vl\u010dice \u0159\u00e1dn\u011b namo\u010d\u00ed a rozbahn\u00ed. V t\u00e9to \u010d\u00e1sti trati je v\u017edy na co se d\u00edvat.<\/p>\n<p align=\"justify\">Po\u0159adatelem cel\u00e9 akce je m\u00edstn\u00ed spolek \u201eSamohyb Vl\u010dice\u201c, kter\u00fd letos uspo\u0159\u00e1dal ji\u017e jeden\u00e1ct\u00fd ro\u010dn\u00edk t\u00e9to \u00fasp\u011b\u0161n\u00e9 akce. V\u017edy\u0165 do obce s 504 obyvateli <i>(k 1. 1. 2017)<\/i> p\u0159ijelo na leto\u0161n\u00ed traktori\u00e1du p\u0159ibli\u017en\u011b 600 n\u00e1v\u0161t\u011bvn\u00edk\u016f! V leto\u0161n\u00edm pr\u016fvodu jelo tak\u00e9 v\u00edce samohyb\u016f ne\u017e vloni. Pln\u00fdch 59, co\u017e je z\u00e1rove\u0148 i nejvy\u0161\u0161\u00ed \u00fa\u010dast v historii kon\u00e1n\u00ed t\u00e9to akce. Je s podivem, \u017ee celou tuto hojnou \u00fa\u010dast zvl\u00e1dalo jen 12 organiz\u00e1tor\u016f.<\/p>\n<p><em>Publikov\u00e1no tak\u00e9 na <a title=\"novinky.cz - posledn\u00ed \u010dl\u00e1nky\" href=\"http:\/\/www.novinky.cz\/vase-zpravy\/uzivatel=3622\" target=\"_blank\">novinky.cz<\/a> &#8211; <a title=\"novinky.cz - tento \u010dl\u00e1nek\" href=\"https:\/\/www.novinky.cz\/vase-zpravy\/kralovehradecky-kraj\/trutnov\/3622-44077-prvni-maj-ve-vlcicich-opet-s-tradicni-projizdkou-louzi.html\" target=\"_blank\">zde<\/a>.<\/em><\/p>\n<p><embed height=\"900\" width=\"100%\" type=\"application\/x-shockwave-flash\" bgcolor=\"#000000\" flashvars=\"xmlDataPath=http:\/\/www.jablkon.eu\/foto\/cz\/2017\/0501_Vlcice\/foto.xml\" src=\"http:\/\/www.jablkon.eu\/_js\/viewer.swf\" allownetworking=\"internal\" allowscriptaccess=\"never\" enablejavascript=\"false\"><\/embed><\/p>\n<h3>Souvisej\u00edc\u00ed obr\u00e1zky:<\/h3>","protected":false},"excerpt":{"rendered":"<p>Ani leto\u0161n\u00ed rok nemohla na 1. kv\u011btna chyb\u011bt ve Vl\u010dic\u00edch tradi\u010dn\u00ed prvom\u00e1jov\u00e1 proj\u00ed\u017e\u010fka vl\u010dickou lou\u017e\u00ed, kter\u00e1 je spojena s recesistick\u00fdm M\u00e1jov\u00fdm pr\u016fvodem s p\u0159ehl\u00eddkou r\u016fzn\u00fdch, p\u0159ev\u00e1\u017en\u011b doma vyroben\u00fdch, samohyb\u016f. Pr\u016fvodu se ale \u00fa\u010dastn\u00ed i traktory r\u016fzn\u00e9ho st\u00e1\u0159\u00ed a n\u011bkolik ter\u00e9nn\u00edch &hellip; <a href=\"https:\/\/jablkon.eu\/jbl\/fotosluzby\/reportaze\/vlcice-traktoriada-2017\/\">Cel\u00fd p\u0159\u00edsp\u011bvek <span class=\"meta-nav\">&rarr;<\/span><\/a><\/p>\n","protected":false},"author":1,"featured_media":0,"comment_status":"closed","ping_status":"open","sticky":false,"template":"","format":"standard","meta":{"ngg_post_thumbnail":0,"footnotes":""},"categories":[12],"tags":[108,47,87,84],"class_list":["post-9517","post","type-post","status-publish","format-standard","hentry","category-reportaze","tag-auto-moto","tag-kultura","tag-publikovano","tag-vlcice"],"yoast_head":"<!-- This site is optimized with the Yoast SEO plugin v27.5 - https:\/\/yoast.com\/product\/yoast-seo-wordpress\/ -->\n<title>1. m\u00e1j ve Vl\u010dic\u00edch aneb dal\u0161\u00ed Vl\u010dick\u00e1 lou\u017ee 2017 - Jaroslav Bla\u017eek - fotograf<\/title>\n<meta name=\"description\" content=\"Jaroslav Bla\u017eek - fotograf\" \/>\n<meta name=\"robots\" content=\"index, follow, max-snippet:-1, max-image-preview:large, max-video-preview:-1\" \/>\n<link rel=\"canonical\" href=\"https:\/\/jablkon.eu\/jbl\/fotosluzby\/reportaze\/vlcice-traktoriada-2017\/\" \/>\n<meta property=\"og:locale\" content=\"cs_CZ\" \/>\n<meta property=\"og:type\" content=\"article\" \/>\n<meta property=\"og:title\" content=\"1. m\u00e1j ve Vl\u010dic\u00edch aneb dal\u0161\u00ed Vl\u010dick\u00e1 lou\u017ee 2017 - Jaroslav Bla\u017eek - fotograf\" \/>\n<meta property=\"og:description\" content=\"Jaroslav Bla\u017eek - fotograf\" \/>\n<meta property=\"og:url\" content=\"https:\/\/jablkon.eu\/jbl\/fotosluzby\/reportaze\/vlcice-traktoriada-2017\/\" \/>\n<meta property=\"og:site_name\" content=\"Jaroslav Bla\u017eek - fotograf\" \/>\n<meta property=\"article:published_time\" content=\"2017-05-01T20:30:01+00:00\" \/>\n<meta property=\"article:modified_time\" content=\"2017-05-16T19:16:23+00:00\" \/>\n<meta name=\"author\" content=\"JBla\u017eek\" \/>\n<meta name=\"twitter:label1\" content=\"Napsal(a)\" \/>\n\t<meta name=\"twitter:data1\" content=\"JBla\u017eek\" \/>\n\t<meta name=\"twitter:label2\" content=\"Odhadovan\u00e1 doba \u010dten\u00ed\" \/>\n\t<meta name=\"twitter:data2\" content=\"1 minuta\" \/>\n<script type=\"application\/ld+json\" class=\"yoast-schema-graph\">{\"@context\":\"https:\\\/\\\/schema.org\",\"@graph\":[{\"@type\":\"Article\",\"@id\":\"https:\\\/\\\/jablkon.eu\\\/jbl\\\/fotosluzby\\\/reportaze\\\/vlcice-traktoriada-2017\\\/#article\",\"isPartOf\":{\"@id\":\"https:\\\/\\\/jablkon.eu\\\/jbl\\\/fotosluzby\\\/reportaze\\\/vlcice-traktoriada-2017\\\/\"},\"author\":{\"name\":\"JBla\u017eek\",\"@id\":\"https:\\\/\\\/jablkon.eu\\\/jbl\\\/#\\\/schema\\\/person\\\/4984d4e992f073207f693460109eac25\"},\"headline\":\"1. m\u00e1j ve Vl\u010dic\u00edch aneb dal\u0161\u00ed Vl\u010dick\u00e1 lou\u017ee 2017\",\"datePublished\":\"2017-05-01T20:30:01+00:00\",\"dateModified\":\"2017-05-16T19:16:23+00:00\",\"mainEntityOfPage\":{\"@id\":\"https:\\\/\\\/jablkon.eu\\\/jbl\\\/fotosluzby\\\/reportaze\\\/vlcice-traktoriada-2017\\\/\"},\"wordCount\":271,\"publisher\":{\"@id\":\"https:\\\/\\\/jablkon.eu\\\/jbl\\\/#\\\/schema\\\/person\\\/4984d4e992f073207f693460109eac25\"},\"keywords\":[\"auto-moto\",\"kultura\",\"publikov\u00e1no\",\"Vl\u010dice\"],\"articleSection\":[\"report\u00e1\u017en\u00ed fotografie\"],\"inLanguage\":\"cs\"},{\"@type\":\"WebPage\",\"@id\":\"https:\\\/\\\/jablkon.eu\\\/jbl\\\/fotosluzby\\\/reportaze\\\/vlcice-traktoriada-2017\\\/\",\"url\":\"https:\\\/\\\/jablkon.eu\\\/jbl\\\/fotosluzby\\\/reportaze\\\/vlcice-traktoriada-2017\\\/\",\"name\":\"1. m\u00e1j ve Vl\u010dic\u00edch aneb dal\u0161\u00ed Vl\u010dick\u00e1 lou\u017ee 2017 - Jaroslav Bla\u017eek - fotograf\",\"isPartOf\":{\"@id\":\"https:\\\/\\\/jablkon.eu\\\/jbl\\\/#website\"},\"datePublished\":\"2017-05-01T20:30:01+00:00\",\"dateModified\":\"2017-05-16T19:16:23+00:00\",\"description\":\"Jaroslav Bla\u017eek - fotograf\",\"breadcrumb\":{\"@id\":\"https:\\\/\\\/jablkon.eu\\\/jbl\\\/fotosluzby\\\/reportaze\\\/vlcice-traktoriada-2017\\\/#breadcrumb\"},\"inLanguage\":\"cs\",\"potentialAction\":[{\"@type\":\"ReadAction\",\"target\":[\"https:\\\/\\\/jablkon.eu\\\/jbl\\\/fotosluzby\\\/reportaze\\\/vlcice-traktoriada-2017\\\/\"]}]},{\"@type\":\"BreadcrumbList\",\"@id\":\"https:\\\/\\\/jablkon.eu\\\/jbl\\\/fotosluzby\\\/reportaze\\\/vlcice-traktoriada-2017\\\/#breadcrumb\",\"itemListElement\":[{\"@type\":\"ListItem\",\"position\":1,\"name\":\"Dom\u016f\",\"item\":\"https:\\\/\\\/jablkon.eu\\\/jbl\\\/\"},{\"@type\":\"ListItem\",\"position\":2,\"name\":\"1. m\u00e1j ve Vl\u010dic\u00edch aneb dal\u0161\u00ed Vl\u010dick\u00e1 lou\u017ee 2017\"}]},{\"@type\":\"WebSite\",\"@id\":\"https:\\\/\\\/jablkon.eu\\\/jbl\\\/#website\",\"url\":\"https:\\\/\\\/jablkon.eu\\\/jbl\\\/\",\"name\":\"Jaroslav Bla\u017eek - fotograf\",\"description\":\"Fotografick\u00e9 pr\u00e1ce - svatebn\u00ed, rodinn\u00e1 a portr\u00e9tn\u00ed fotografie, report\u00e1\u017ee\",\"publisher\":{\"@id\":\"https:\\\/\\\/jablkon.eu\\\/jbl\\\/#\\\/schema\\\/person\\\/4984d4e992f073207f693460109eac25\"},\"potentialAction\":[{\"@type\":\"SearchAction\",\"target\":{\"@type\":\"EntryPoint\",\"urlTemplate\":\"https:\\\/\\\/jablkon.eu\\\/jbl\\\/?s={search_term_string}\"},\"query-input\":{\"@type\":\"PropertyValueSpecification\",\"valueRequired\":true,\"valueName\":\"search_term_string\"}}],\"inLanguage\":\"cs\"},{\"@type\":[\"Person\",\"Organization\"],\"@id\":\"https:\\\/\\\/jablkon.eu\\\/jbl\\\/#\\\/schema\\\/person\\\/4984d4e992f073207f693460109eac25\",\"name\":\"JBla\u017eek\",\"image\":{\"@type\":\"ImageObject\",\"inLanguage\":\"cs\",\"@id\":\"https:\\\/\\\/secure.gravatar.com\\\/avatar\\\/c014bb8932a8609c14cf90b1aebdc83197cddda4aa4e3e599f1e0016a63d942e?s=96&d=mm&r=g\",\"url\":\"https:\\\/\\\/secure.gravatar.com\\\/avatar\\\/c014bb8932a8609c14cf90b1aebdc83197cddda4aa4e3e599f1e0016a63d942e?s=96&d=mm&r=g\",\"contentUrl\":\"https:\\\/\\\/secure.gravatar.com\\\/avatar\\\/c014bb8932a8609c14cf90b1aebdc83197cddda4aa4e3e599f1e0016a63d942e?s=96&d=mm&r=g\",\"caption\":\"JBla\u017eek\"},\"logo\":{\"@id\":\"https:\\\/\\\/secure.gravatar.com\\\/avatar\\\/c014bb8932a8609c14cf90b1aebdc83197cddda4aa4e3e599f1e0016a63d942e?s=96&d=mm&r=g\"},\"sameAs\":[\"http:\\\/\\\/foto.jablkon.cz\"],\"url\":\"https:\\\/\\\/jablkon.eu\\\/jbl\\\/author\\\/admin\\\/\"}]}<\/script>\n<!-- \/ Yoast SEO plugin. -->","yoast_head_json":{"title":"1. m\u00e1j ve Vl\u010dic\u00edch aneb dal\u0161\u00ed Vl\u010dick\u00e1 lou\u017ee 2017 - Jaroslav Bla\u017eek - fotograf","description":"Jaroslav Bla\u017eek - fotograf","robots":{"index":"index","follow":"follow","max-snippet":"max-snippet:-1","max-image-preview":"max-image-preview:large","max-video-preview":"max-video-preview:-1"},"canonical":"https:\/\/jablkon.eu\/jbl\/fotosluzby\/reportaze\/vlcice-traktoriada-2017\/","og_locale":"cs_CZ","og_type":"article","og_title":"1. m\u00e1j ve Vl\u010dic\u00edch aneb dal\u0161\u00ed Vl\u010dick\u00e1 lou\u017ee 2017 - Jaroslav Bla\u017eek - fotograf","og_description":"Jaroslav Bla\u017eek - fotograf","og_url":"https:\/\/jablkon.eu\/jbl\/fotosluzby\/reportaze\/vlcice-traktoriada-2017\/","og_site_name":"Jaroslav Bla\u017eek - fotograf","article_published_time":"2017-05-01T20:30:01+00:00","article_modified_time":"2017-05-16T19:16:23+00:00","author":"JBla\u017eek","twitter_misc":{"Napsal(a)":"JBla\u017eek","Odhadovan\u00e1 doba \u010dten\u00ed":"1 minuta"},"schema":{"@context":"https:\/\/schema.org","@graph":[{"@type":"Article","@id":"https:\/\/jablkon.eu\/jbl\/fotosluzby\/reportaze\/vlcice-traktoriada-2017\/#article","isPartOf":{"@id":"https:\/\/jablkon.eu\/jbl\/fotosluzby\/reportaze\/vlcice-traktoriada-2017\/"},"author":{"name":"JBla\u017eek","@id":"https:\/\/jablkon.eu\/jbl\/#\/schema\/person\/4984d4e992f073207f693460109eac25"},"headline":"1. m\u00e1j ve Vl\u010dic\u00edch aneb dal\u0161\u00ed Vl\u010dick\u00e1 lou\u017ee 2017","datePublished":"2017-05-01T20:30:01+00:00","dateModified":"2017-05-16T19:16:23+00:00","mainEntityOfPage":{"@id":"https:\/\/jablkon.eu\/jbl\/fotosluzby\/reportaze\/vlcice-traktoriada-2017\/"},"wordCount":271,"publisher":{"@id":"https:\/\/jablkon.eu\/jbl\/#\/schema\/person\/4984d4e992f073207f693460109eac25"},"keywords":["auto-moto","kultura","publikov\u00e1no","Vl\u010dice"],"articleSection":["report\u00e1\u017en\u00ed fotografie"],"inLanguage":"cs"},{"@type":"WebPage","@id":"https:\/\/jablkon.eu\/jbl\/fotosluzby\/reportaze\/vlcice-traktoriada-2017\/","url":"https:\/\/jablkon.eu\/jbl\/fotosluzby\/reportaze\/vlcice-traktoriada-2017\/","name":"1. m\u00e1j ve Vl\u010dic\u00edch aneb dal\u0161\u00ed Vl\u010dick\u00e1 lou\u017ee 2017 - Jaroslav Bla\u017eek - fotograf","isPartOf":{"@id":"https:\/\/jablkon.eu\/jbl\/#website"},"datePublished":"2017-05-01T20:30:01+00:00","dateModified":"2017-05-16T19:16:23+00:00","description":"Jaroslav Bla\u017eek - fotograf","breadcrumb":{"@id":"https:\/\/jablkon.eu\/jbl\/fotosluzby\/reportaze\/vlcice-traktoriada-2017\/#breadcrumb"},"inLanguage":"cs","potentialAction":[{"@type":"ReadAction","target":["https:\/\/jablkon.eu\/jbl\/fotosluzby\/reportaze\/vlcice-traktoriada-2017\/"]}]},{"@type":"BreadcrumbList","@id":"https:\/\/jablkon.eu\/jbl\/fotosluzby\/reportaze\/vlcice-traktoriada-2017\/#breadcrumb","itemListElement":[{"@type":"ListItem","position":1,"name":"Dom\u016f","item":"https:\/\/jablkon.eu\/jbl\/"},{"@type":"ListItem","position":2,"name":"1. m\u00e1j ve Vl\u010dic\u00edch aneb dal\u0161\u00ed Vl\u010dick\u00e1 lou\u017ee 2017"}]},{"@type":"WebSite","@id":"https:\/\/jablkon.eu\/jbl\/#website","url":"https:\/\/jablkon.eu\/jbl\/","name":"Jaroslav Bla\u017eek - fotograf","description":"Fotografick\u00e9 pr\u00e1ce - svatebn\u00ed, rodinn\u00e1 a portr\u00e9tn\u00ed fotografie, report\u00e1\u017ee","publisher":{"@id":"https:\/\/jablkon.eu\/jbl\/#\/schema\/person\/4984d4e992f073207f693460109eac25"},"potentialAction":[{"@type":"SearchAction","target":{"@type":"EntryPoint","urlTemplate":"https:\/\/jablkon.eu\/jbl\/?s={search_term_string}"},"query-input":{"@type":"PropertyValueSpecification","valueRequired":true,"valueName":"search_term_string"}}],"inLanguage":"cs"},{"@type":["Person","Organization"],"@id":"https:\/\/jablkon.eu\/jbl\/#\/schema\/person\/4984d4e992f073207f693460109eac25","name":"JBla\u017eek","image":{"@type":"ImageObject","inLanguage":"cs","@id":"https:\/\/secure.gravatar.com\/avatar\/c014bb8932a8609c14cf90b1aebdc83197cddda4aa4e3e599f1e0016a63d942e?s=96&d=mm&r=g","url":"https:\/\/secure.gravatar.com\/avatar\/c014bb8932a8609c14cf90b1aebdc83197cddda4aa4e3e599f1e0016a63d942e?s=96&d=mm&r=g","contentUrl":"https:\/\/secure.gravatar.com\/avatar\/c014bb8932a8609c14cf90b1aebdc83197cddda4aa4e3e599f1e0016a63d942e?s=96&d=mm&r=g","caption":"JBla\u017eek"},"logo":{"@id":"https:\/\/secure.gravatar.com\/avatar\/c014bb8932a8609c14cf90b1aebdc83197cddda4aa4e3e599f1e0016a63d942e?s=96&d=mm&r=g"},"sameAs":["http:\/\/foto.jablkon.cz"],"url":"https:\/\/jablkon.eu\/jbl\/author\/admin\/"}]}},"views":1232,"_links":{"self":[{"href":"https:\/\/jablkon.eu\/jbl\/wp-json\/wp\/v2\/posts\/9517","targetHints":{"allow":["GET"]}}],"collection":[{"href":"https:\/\/jablkon.eu\/jbl\/wp-json\/wp\/v2\/posts"}],"about":[{"href":"https:\/\/jablkon.eu\/jbl\/wp-json\/wp\/v2\/types\/post"}],"author":[{"embeddable":true,"href":"https:\/\/jablkon.eu\/jbl\/wp-json\/wp\/v2\/users\/1"}],"replies":[{"embeddable":true,"href":"https:\/\/jablkon.eu\/jbl\/wp-json\/wp\/v2\/comments?post=9517"}],"version-history":[{"count":0,"href":"https:\/\/jablkon.eu\/jbl\/wp-json\/wp\/v2\/posts\/9517\/revisions"}],"wp:attachment":[{"href":"https:\/\/jablkon.eu\/jbl\/wp-json\/wp\/v2\/media?parent=9517"}],"wp:term":[{"taxonomy":"category","embeddable":true,"href":"https:\/\/jablkon.eu\/jbl\/wp-json\/wp\/v2\/categories?post=9517"},{"taxonomy":"post_tag","embeddable":true,"href":"https:\/\/jablkon.eu\/jbl\/wp-json\/wp\/v2\/tags?post=9517"}],"curies":[{"name":"wp","href":"https:\/\/api.w.org\/{rel}","templated":true}]}}