{"id":9524,"date":"2017-06-04T22:03:43","date_gmt":"2017-06-04T20:03:43","guid":{"rendered":"http:\/\/jablkon.eu\/jbl\/?p=9524"},"modified":"2017-06-09T13:00:31","modified_gmt":"2017-06-09T11:00:31","slug":"pilnikovska-pout-2017","status":"publish","type":"post","link":"https:\/\/jablkon.eu\/jbl\/pilnikov\/pilnikovska-pout-2017\/","title":{"rendered":"Piln\u00edkovsk\u00e1 pou\u0165 3. \u010dervna 2017"},"content":{"rendered":"<p align=\"JUSTIFY\">V sobotu 3. \u010dervna 2017 v Piln\u00edkov\u011b prob\u011bhla pou\u0165, kter\u00e1 byla spojena s d\u011btsk\u00fdm dnem. A&nbsp;v\u011bd\u011bli jste, \u017ee v piln\u00edkovsk\u00e9 ka\u0161n\u011b m\u00e1me i vodn\u00edka s vodnic\u00ed?<\/p>\n<p align=\"JUSTIFY\">Leto\u0161n\u00ed organizaci si vzal na starost Petr P\u011bcho\u010d, mezi m\u00edstn\u00edmi d\u011btmi z r\u016fzn\u00fdch akc\u00ed zn\u00e1m\u00fd t\u00e9\u017e jako Obelix, kter\u00fd oslovil n\u011bkolik kamar\u00e1d\u016f a ti mu ochotn\u011b pomohli. Cel\u00e1 akce prob\u00edhala v\u00fdhradn\u011b na n\u00e1m\u011bst\u00ed, kde na zpevn\u011bn\u00fdch ploch\u00e1ch byly um\u00edst\u011bny koloto\u010de \u2013 d\u011btsk\u00fd i klasick\u00fd \u201e\u0159et\u00edz\u00e1k\u201c, st\u0159elnice, houpa\u010dky, sk\u00e1kac\u00ed hrad, jumping, d\u011btsk\u00e1 elektrodr\u00e1ha a samoz\u0159ejm\u011b i st\u00e1nek s cukrovou vatou. A v par\u010d\u00edku pod kostelem byly letos poprv\u00e9 soust\u0159ed\u011bny v\u0161echny hry a sout\u011b\u017ee pro d\u011bti, tak\u017ee i nejmen\u0161\u00ed d\u011bti snadno p\u0159e\u0161ly od jedn\u00e9 atrakce k druh\u00e9 a ani se nesta\u010dily za\u010d\u00edt nudit. Ka\u0161nu ovl\u00e1dli vodn\u00edci, hned vedle byla hasi\u010dsk\u00e1 st\u0159elnice, za n\u00ed duch hl\u00eddal ch\u016fdy, Obelix dohl\u00ed\u017eel na hod m\u00ed\u010dkem a nakonec hned vedle schodi\u0161t\u011b byla Fiona se Shrekem. Krom\u011b toho si zde d\u011bti mohly zah\u00e1zet krou\u017eky a&nbsp;byly vyzkou\u0161eny ze znalost\u00ed poh\u00e1dek. Samoz\u0159ejm\u011b, \u017ee t\u011bm nejmen\u0161\u00edm mohli pomoci rodi\u010de.<\/p>\n<p align=\"JUSTIFY\">Po jednoro\u010dn\u00ed p\u0159est\u00e1vce se letos op\u011bt uskute\u010dnila sout\u011b\u017e o nejlep\u0161\u00ed pou\u0165ov\u00fd kol\u00e1\u010d od piln\u00edkovsk\u00fdch maminek a babi\u010dek. \u00da\u010dastn\u00edk\u016f bylo jen \u0161est, co\u017e je sice o dva v\u00edce ne\u017e p\u0159ede dv\u011bma roky (6.&nbsp;\u010dervna 2015), ale i tak to nen\u00ed mnoho. \u0160esti\u010dlenn\u00e1 odborn\u00e1 i laick\u00e1 porota nakonec vybrala t\u0159i nejlep\u0161\u00ed kol\u00e1\u010de. Na prvn\u00edm m\u00edst\u011b se um\u00edstil kol\u00e1\u010d Eleny Fajfrov\u00e9, na druh\u00e9m Gabriely V\u00fdborn\u00e9 a na t\u0159et\u00edm Milana \u0160iply. Inzerovan\u00e1 cena pro v\u00edt\u011bze \u2013 karton \u0161ampa\u0148sk\u00e9ho \u2013 byla nakonec rozd\u011blena mezi uveden\u00e1 prvn\u00ed t\u0159i um\u00edst\u011bn\u00ed.<\/p>\n<p align=\"JUSTIFY\">Kr\u00e1tce po \u0161est\u00e9 hodin\u011b ve\u010dern\u00ed na improvizovan\u00e9m p\u00f3diu p\u0159ed \u0161kolou za\u010dalo vystoupen\u00ed trutnovsk\u00e9 rockov\u00e9 skupiny Mescalero. Zp\u00edvala n\u00e1m Renata Schrollov\u00e1, na kytary hr\u00e1li David Postr\u00e1neck\u00fd s Janem Fiebingerem a za bic\u00edmi sed\u011bl Ji\u0159\u00ed Haas. Koncert trval a\u017e t\u00e9m\u011b\u0159 do osm\u00e9 hodiny a kolem dev\u00e1t\u00e9 se za\u010dali rozch\u00e1zet i posledn\u00ed n\u00e1v\u0161t\u011bvn\u00edci pout\u011b.<\/p>\n<p align=\"JUSTIFY\">\u201eLeto\u0161n\u00ed ro\u010dn\u00edk se vyda\u0159il jak po str\u00e1nce po\u010das\u00ed, tak i n\u00e1v\u0161t\u011bvnost byla opravdu velmi vysok\u00e1,\u201c prozradil n\u00e1m hlavn\u00ed organiz\u00e1tor akce pan Petr P\u011bcho\u010d, \u201e\u00fasp\u011b\u0161n\u00e9 akce se z\u00fa\u010dastnilo v\u00edce ne\u017e 80 d\u011bt\u00ed z Piln\u00edkova, ale tak\u00e9 nap\u0159\u00edklad p\u0159ijeli nav\u0161t\u011bvn\u00edci z Hostinn\u00e9ho, Star\u00fdch Buk\u016f i vzd\u00e1len\u011bj\u0161\u00edch Ho\u0159ic. Celkov\u00e1 n\u00e1v\u0161t\u011bva p\u0159es\u00e1hla za sobotn\u00ed odpoledne 150 n\u00e1v\u0161t\u011bvn\u00edk\u016f.\u201c<\/p>\n<p align=\"JUSTIFY\">Pod\u011bkov\u00e1n\u00ed za p\u011bknou pou\u0165 pat\u0159\u00ed tak\u00e9 m\u011bstu Piln\u00edkov za dotaci na levn\u011bj\u0161\u00ed atrakce, ale hlavn\u011b m\u00edstn\u00edm hasi\u010d\u016fm pod veden\u00edm Libora Lu\u0148\u00e1ka za zaji\u0161t\u011bn\u00ed ob\u010derstven\u00ed, firm\u011b Koloto\u010de Novotn\u00fd z Mlad\u00fdch Buk\u016f, kter\u00e1 n\u00e1m vy\u0161la vst\u0159\u00edc, a kapele Mescalero. Obzvl\u00e1\u0161t\u011b velk\u00e9 d\u00edky v\u0161em organiz\u00e1tor\u016fm \u2013 Petru P\u011bcho\u010dovi, M\u00ed\u0161e Jankovi\u010dov\u00e9, Ji\u0159in\u011b a Pepovi Soblov\u00fdm, Martinovi Soukupovi, Han\u011b Moravcov\u00e9 s p\u0159\u00edtelem Adamem Bako\u0161em, Han\u011b Bla\u017ekov\u00e9, Mark\u00e9t\u011b G\u00e1bri\u0161ov\u00e9 a Patricii Maxey.<\/p>\n<p>\u010cl\u00e1nek naps\u00e1n za vydatn\u00e9 pomoci Petra P\u011bcho\u010de. D\u011bkuji!<\/p>\n<p><em>Publikov\u00e1no tak\u00e9 na <a title=\"novinky.cz - posledn\u00ed \u010dl\u00e1nky\" href=\"http:\/\/www.novinky.cz\/vase-zpravy\/uzivatel=3622\" target=\"_blank\">novinky.cz<\/a> &#8211; <a title=\"novinky.cz - tento \u010dl\u00e1nek\" href=\"https:\/\/www.novinky.cz\/vase-zpravy\/kralovehradecky-kraj\/trutnov\/3622-44776-v-pilnikove-spojili-pout-s-detskym-dnem.html\" target=\"_blank\">zde<\/a>.<\/em><\/p>\n<p><embed width=\"100%\" height=\"900\" type=\"application\/x-shockwave-flash\" src=\"http:\/\/www.jablkon.eu\/_js\/viewer.swf\" bgcolor=\"#000000\" flashvars=\"xmlDataPath=http:\/\/www.jablkon.eu\/pilnikov\/foto_akce\/2017\/0603\/foto.xml\" allownetworking=\"internal\" allowscriptaccess=\"never\" enablejavascript=\"false\"><\/embed><\/p>\n<h3>Souvisej\u00edc\u00ed obr\u00e1zky:<\/h3>","protected":false},"excerpt":{"rendered":"<p>V sobotu 3. \u010dervna 2017 v Piln\u00edkov\u011b prob\u011bhla pou\u0165, kter\u00e1 byla spojena s d\u011btsk\u00fdm dnem. A&nbsp;v\u011bd\u011bli jste, \u017ee v piln\u00edkovsk\u00e9 ka\u0161n\u011b m\u00e1me i vodn\u00edka s vodnic\u00ed? Leto\u0161n\u00ed organizaci si vzal na starost Petr P\u011bcho\u010d, mezi m\u00edstn\u00edmi d\u011btmi z r\u016fzn\u00fdch akc\u00ed &hellip; <a href=\"https:\/\/jablkon.eu\/jbl\/pilnikov\/pilnikovska-pout-2017\/\">Cel\u00fd p\u0159\u00edsp\u011bvek <span class=\"meta-nav\">&rarr;<\/span><\/a><\/p>\n","protected":false},"author":1,"featured_media":0,"comment_status":"closed","ping_status":"open","sticky":false,"template":"","format":"standard","meta":{"ngg_post_thumbnail":0,"footnotes":""},"categories":[3,10,7,12],"tags":[40,47,46,87],"class_list":["post-9524","post","type-post","status-publish","format-standard","hentry","category-fotosluzby","category-pilnikovkultura","category-pilnikov","category-reportaze","tag-deti","tag-kultura","tag-pilnikov-2","tag-publikovano"],"yoast_head":"<!-- This site is optimized with the Yoast SEO plugin v27.4 - https:\/\/yoast.com\/product\/yoast-seo-wordpress\/ -->\n<title>Piln\u00edkovsk\u00e1 pou\u0165 3. \u010dervna 2017 - Jaroslav Bla\u017eek - fotograf<\/title>\n<meta name=\"description\" content=\"Jaroslav Bla\u017eek - fotograf\" \/>\n<meta name=\"robots\" content=\"index, follow, max-snippet:-1, max-image-preview:large, max-video-preview:-1\" \/>\n<link rel=\"canonical\" href=\"https:\/\/jablkon.eu\/jbl\/pilnikov\/pilnikovska-pout-2017\/\" \/>\n<meta property=\"og:locale\" content=\"cs_CZ\" \/>\n<meta property=\"og:type\" content=\"article\" \/>\n<meta property=\"og:title\" content=\"Piln\u00edkovsk\u00e1 pou\u0165 3. \u010dervna 2017 - Jaroslav Bla\u017eek - fotograf\" \/>\n<meta property=\"og:description\" content=\"Jaroslav Bla\u017eek - fotograf\" \/>\n<meta property=\"og:url\" content=\"https:\/\/jablkon.eu\/jbl\/pilnikov\/pilnikovska-pout-2017\/\" \/>\n<meta property=\"og:site_name\" content=\"Jaroslav Bla\u017eek - fotograf\" \/>\n<meta property=\"article:published_time\" content=\"2017-06-04T20:03:43+00:00\" \/>\n<meta property=\"article:modified_time\" content=\"2017-06-09T11:00:31+00:00\" \/>\n<meta name=\"author\" content=\"JBla\u017eek\" \/>\n<meta name=\"twitter:label1\" content=\"Napsal(a)\" \/>\n\t<meta name=\"twitter:data1\" content=\"JBla\u017eek\" \/>\n\t<meta name=\"twitter:label2\" content=\"Odhadovan\u00e1 doba \u010dten\u00ed\" \/>\n\t<meta name=\"twitter:data2\" content=\"3 minuty\" \/>\n<script type=\"application\/ld+json\" class=\"yoast-schema-graph\">{\"@context\":\"https:\\\/\\\/schema.org\",\"@graph\":[{\"@type\":\"Article\",\"@id\":\"https:\\\/\\\/jablkon.eu\\\/jbl\\\/pilnikov\\\/pilnikovska-pout-2017\\\/#article\",\"isPartOf\":{\"@id\":\"https:\\\/\\\/jablkon.eu\\\/jbl\\\/pilnikov\\\/pilnikovska-pout-2017\\\/\"},\"author\":{\"name\":\"JBla\u017eek\",\"@id\":\"https:\\\/\\\/jablkon.eu\\\/jbl\\\/#\\\/schema\\\/person\\\/4984d4e992f073207f693460109eac25\"},\"headline\":\"Piln\u00edkovsk\u00e1 pou\u0165 3. \u010dervna 2017\",\"datePublished\":\"2017-06-04T20:03:43+00:00\",\"dateModified\":\"2017-06-09T11:00:31+00:00\",\"mainEntityOfPage\":{\"@id\":\"https:\\\/\\\/jablkon.eu\\\/jbl\\\/pilnikov\\\/pilnikovska-pout-2017\\\/\"},\"wordCount\":632,\"publisher\":{\"@id\":\"https:\\\/\\\/jablkon.eu\\\/jbl\\\/#\\\/schema\\\/person\\\/4984d4e992f073207f693460109eac25\"},\"keywords\":[\"d\u011bti\",\"kultura\",\"Piln\u00edkov\",\"publikov\u00e1no\"],\"articleSection\":[\"Fotografick\u00e9 slu\u017eby\",\"informace z kultury\",\"m\u011bsto Piln\u00edkov\",\"report\u00e1\u017en\u00ed fotografie\"],\"inLanguage\":\"cs\"},{\"@type\":\"WebPage\",\"@id\":\"https:\\\/\\\/jablkon.eu\\\/jbl\\\/pilnikov\\\/pilnikovska-pout-2017\\\/\",\"url\":\"https:\\\/\\\/jablkon.eu\\\/jbl\\\/pilnikov\\\/pilnikovska-pout-2017\\\/\",\"name\":\"Piln\u00edkovsk\u00e1 pou\u0165 3. \u010dervna 2017 - Jaroslav Bla\u017eek - fotograf\",\"isPartOf\":{\"@id\":\"https:\\\/\\\/jablkon.eu\\\/jbl\\\/#website\"},\"datePublished\":\"2017-06-04T20:03:43+00:00\",\"dateModified\":\"2017-06-09T11:00:31+00:00\",\"description\":\"Jaroslav Bla\u017eek - fotograf\",\"breadcrumb\":{\"@id\":\"https:\\\/\\\/jablkon.eu\\\/jbl\\\/pilnikov\\\/pilnikovska-pout-2017\\\/#breadcrumb\"},\"inLanguage\":\"cs\",\"potentialAction\":[{\"@type\":\"ReadAction\",\"target\":[\"https:\\\/\\\/jablkon.eu\\\/jbl\\\/pilnikov\\\/pilnikovska-pout-2017\\\/\"]}]},{\"@type\":\"BreadcrumbList\",\"@id\":\"https:\\\/\\\/jablkon.eu\\\/jbl\\\/pilnikov\\\/pilnikovska-pout-2017\\\/#breadcrumb\",\"itemListElement\":[{\"@type\":\"ListItem\",\"position\":1,\"name\":\"Dom\u016f\",\"item\":\"https:\\\/\\\/jablkon.eu\\\/jbl\\\/\"},{\"@type\":\"ListItem\",\"position\":2,\"name\":\"Piln\u00edkovsk\u00e1 pou\u0165 3. \u010dervna 2017\"}]},{\"@type\":\"WebSite\",\"@id\":\"https:\\\/\\\/jablkon.eu\\\/jbl\\\/#website\",\"url\":\"https:\\\/\\\/jablkon.eu\\\/jbl\\\/\",\"name\":\"Jaroslav Bla\u017eek - fotograf\",\"description\":\"Fotografick\u00e9 pr\u00e1ce - svatebn\u00ed, rodinn\u00e1 a portr\u00e9tn\u00ed fotografie, report\u00e1\u017ee\",\"publisher\":{\"@id\":\"https:\\\/\\\/jablkon.eu\\\/jbl\\\/#\\\/schema\\\/person\\\/4984d4e992f073207f693460109eac25\"},\"potentialAction\":[{\"@type\":\"SearchAction\",\"target\":{\"@type\":\"EntryPoint\",\"urlTemplate\":\"https:\\\/\\\/jablkon.eu\\\/jbl\\\/?s={search_term_string}\"},\"query-input\":{\"@type\":\"PropertyValueSpecification\",\"valueRequired\":true,\"valueName\":\"search_term_string\"}}],\"inLanguage\":\"cs\"},{\"@type\":[\"Person\",\"Organization\"],\"@id\":\"https:\\\/\\\/jablkon.eu\\\/jbl\\\/#\\\/schema\\\/person\\\/4984d4e992f073207f693460109eac25\",\"name\":\"JBla\u017eek\",\"image\":{\"@type\":\"ImageObject\",\"inLanguage\":\"cs\",\"@id\":\"https:\\\/\\\/secure.gravatar.com\\\/avatar\\\/c014bb8932a8609c14cf90b1aebdc83197cddda4aa4e3e599f1e0016a63d942e?s=96&d=mm&r=g\",\"url\":\"https:\\\/\\\/secure.gravatar.com\\\/avatar\\\/c014bb8932a8609c14cf90b1aebdc83197cddda4aa4e3e599f1e0016a63d942e?s=96&d=mm&r=g\",\"contentUrl\":\"https:\\\/\\\/secure.gravatar.com\\\/avatar\\\/c014bb8932a8609c14cf90b1aebdc83197cddda4aa4e3e599f1e0016a63d942e?s=96&d=mm&r=g\",\"caption\":\"JBla\u017eek\"},\"logo\":{\"@id\":\"https:\\\/\\\/secure.gravatar.com\\\/avatar\\\/c014bb8932a8609c14cf90b1aebdc83197cddda4aa4e3e599f1e0016a63d942e?s=96&d=mm&r=g\"},\"sameAs\":[\"http:\\\/\\\/foto.jablkon.cz\"],\"url\":\"https:\\\/\\\/jablkon.eu\\\/jbl\\\/author\\\/admin\\\/\"}]}<\/script>\n<!-- \/ Yoast SEO plugin. -->","yoast_head_json":{"title":"Piln\u00edkovsk\u00e1 pou\u0165 3. \u010dervna 2017 - Jaroslav Bla\u017eek - fotograf","description":"Jaroslav Bla\u017eek - fotograf","robots":{"index":"index","follow":"follow","max-snippet":"max-snippet:-1","max-image-preview":"max-image-preview:large","max-video-preview":"max-video-preview:-1"},"canonical":"https:\/\/jablkon.eu\/jbl\/pilnikov\/pilnikovska-pout-2017\/","og_locale":"cs_CZ","og_type":"article","og_title":"Piln\u00edkovsk\u00e1 pou\u0165 3. \u010dervna 2017 - Jaroslav Bla\u017eek - fotograf","og_description":"Jaroslav Bla\u017eek - fotograf","og_url":"https:\/\/jablkon.eu\/jbl\/pilnikov\/pilnikovska-pout-2017\/","og_site_name":"Jaroslav Bla\u017eek - fotograf","article_published_time":"2017-06-04T20:03:43+00:00","article_modified_time":"2017-06-09T11:00:31+00:00","author":"JBla\u017eek","twitter_misc":{"Napsal(a)":"JBla\u017eek","Odhadovan\u00e1 doba \u010dten\u00ed":"3 minuty"},"schema":{"@context":"https:\/\/schema.org","@graph":[{"@type":"Article","@id":"https:\/\/jablkon.eu\/jbl\/pilnikov\/pilnikovska-pout-2017\/#article","isPartOf":{"@id":"https:\/\/jablkon.eu\/jbl\/pilnikov\/pilnikovska-pout-2017\/"},"author":{"name":"JBla\u017eek","@id":"https:\/\/jablkon.eu\/jbl\/#\/schema\/person\/4984d4e992f073207f693460109eac25"},"headline":"Piln\u00edkovsk\u00e1 pou\u0165 3. \u010dervna 2017","datePublished":"2017-06-04T20:03:43+00:00","dateModified":"2017-06-09T11:00:31+00:00","mainEntityOfPage":{"@id":"https:\/\/jablkon.eu\/jbl\/pilnikov\/pilnikovska-pout-2017\/"},"wordCount":632,"publisher":{"@id":"https:\/\/jablkon.eu\/jbl\/#\/schema\/person\/4984d4e992f073207f693460109eac25"},"keywords":["d\u011bti","kultura","Piln\u00edkov","publikov\u00e1no"],"articleSection":["Fotografick\u00e9 slu\u017eby","informace z kultury","m\u011bsto Piln\u00edkov","report\u00e1\u017en\u00ed fotografie"],"inLanguage":"cs"},{"@type":"WebPage","@id":"https:\/\/jablkon.eu\/jbl\/pilnikov\/pilnikovska-pout-2017\/","url":"https:\/\/jablkon.eu\/jbl\/pilnikov\/pilnikovska-pout-2017\/","name":"Piln\u00edkovsk\u00e1 pou\u0165 3. \u010dervna 2017 - Jaroslav Bla\u017eek - fotograf","isPartOf":{"@id":"https:\/\/jablkon.eu\/jbl\/#website"},"datePublished":"2017-06-04T20:03:43+00:00","dateModified":"2017-06-09T11:00:31+00:00","description":"Jaroslav Bla\u017eek - fotograf","breadcrumb":{"@id":"https:\/\/jablkon.eu\/jbl\/pilnikov\/pilnikovska-pout-2017\/#breadcrumb"},"inLanguage":"cs","potentialAction":[{"@type":"ReadAction","target":["https:\/\/jablkon.eu\/jbl\/pilnikov\/pilnikovska-pout-2017\/"]}]},{"@type":"BreadcrumbList","@id":"https:\/\/jablkon.eu\/jbl\/pilnikov\/pilnikovska-pout-2017\/#breadcrumb","itemListElement":[{"@type":"ListItem","position":1,"name":"Dom\u016f","item":"https:\/\/jablkon.eu\/jbl\/"},{"@type":"ListItem","position":2,"name":"Piln\u00edkovsk\u00e1 pou\u0165 3. \u010dervna 2017"}]},{"@type":"WebSite","@id":"https:\/\/jablkon.eu\/jbl\/#website","url":"https:\/\/jablkon.eu\/jbl\/","name":"Jaroslav Bla\u017eek - fotograf","description":"Fotografick\u00e9 pr\u00e1ce - svatebn\u00ed, rodinn\u00e1 a portr\u00e9tn\u00ed fotografie, report\u00e1\u017ee","publisher":{"@id":"https:\/\/jablkon.eu\/jbl\/#\/schema\/person\/4984d4e992f073207f693460109eac25"},"potentialAction":[{"@type":"SearchAction","target":{"@type":"EntryPoint","urlTemplate":"https:\/\/jablkon.eu\/jbl\/?s={search_term_string}"},"query-input":{"@type":"PropertyValueSpecification","valueRequired":true,"valueName":"search_term_string"}}],"inLanguage":"cs"},{"@type":["Person","Organization"],"@id":"https:\/\/jablkon.eu\/jbl\/#\/schema\/person\/4984d4e992f073207f693460109eac25","name":"JBla\u017eek","image":{"@type":"ImageObject","inLanguage":"cs","@id":"https:\/\/secure.gravatar.com\/avatar\/c014bb8932a8609c14cf90b1aebdc83197cddda4aa4e3e599f1e0016a63d942e?s=96&d=mm&r=g","url":"https:\/\/secure.gravatar.com\/avatar\/c014bb8932a8609c14cf90b1aebdc83197cddda4aa4e3e599f1e0016a63d942e?s=96&d=mm&r=g","contentUrl":"https:\/\/secure.gravatar.com\/avatar\/c014bb8932a8609c14cf90b1aebdc83197cddda4aa4e3e599f1e0016a63d942e?s=96&d=mm&r=g","caption":"JBla\u017eek"},"logo":{"@id":"https:\/\/secure.gravatar.com\/avatar\/c014bb8932a8609c14cf90b1aebdc83197cddda4aa4e3e599f1e0016a63d942e?s=96&d=mm&r=g"},"sameAs":["http:\/\/foto.jablkon.cz"],"url":"https:\/\/jablkon.eu\/jbl\/author\/admin\/"}]}},"views":978,"_links":{"self":[{"href":"https:\/\/jablkon.eu\/jbl\/wp-json\/wp\/v2\/posts\/9524","targetHints":{"allow":["GET"]}}],"collection":[{"href":"https:\/\/jablkon.eu\/jbl\/wp-json\/wp\/v2\/posts"}],"about":[{"href":"https:\/\/jablkon.eu\/jbl\/wp-json\/wp\/v2\/types\/post"}],"author":[{"embeddable":true,"href":"https:\/\/jablkon.eu\/jbl\/wp-json\/wp\/v2\/users\/1"}],"replies":[{"embeddable":true,"href":"https:\/\/jablkon.eu\/jbl\/wp-json\/wp\/v2\/comments?post=9524"}],"version-history":[{"count":0,"href":"https:\/\/jablkon.eu\/jbl\/wp-json\/wp\/v2\/posts\/9524\/revisions"}],"wp:attachment":[{"href":"https:\/\/jablkon.eu\/jbl\/wp-json\/wp\/v2\/media?parent=9524"}],"wp:term":[{"taxonomy":"category","embeddable":true,"href":"https:\/\/jablkon.eu\/jbl\/wp-json\/wp\/v2\/categories?post=9524"},{"taxonomy":"post_tag","embeddable":true,"href":"https:\/\/jablkon.eu\/jbl\/wp-json\/wp\/v2\/tags?post=9524"}],"curies":[{"name":"wp","href":"https:\/\/api.w.org\/{rel}","templated":true}]}}