{"id":9678,"date":"2017-10-10T21:03:58","date_gmt":"2017-10-10T19:03:58","guid":{"rendered":"http:\/\/jablkon.eu\/jbl\/?p=9678"},"modified":"2018-10-11T21:57:27","modified_gmt":"2018-10-11T19:57:27","slug":"izrael-hledani-betlemske-hvezdy","status":"publish","type":"post","link":"https:\/\/jablkon.eu\/jbl\/cestopisy\/izrael\/izrael-hledani-betlemske-hvezdy\/","title":{"rendered":"Izrael \u2013 hled\u00e1n\u00ed betl\u00e9msk\u00e9 hv\u011bzdy"},"content":{"rendered":"<p align=\"justify\">Kdy\u017e jsem psal report\u00e1\u017e o na\u0161\u00ed pouti po Izraeli, tak jsem se n\u011bjak rozepsal o nav\u0161t\u00edven\u00fdch m\u00edstech a report\u00e1\u017e narostla skoro na patn\u00e1ct list\u016f. Proto\u017ee by to stejn\u011b nikdo ne\u010detl <em>(ani neotiskl)<\/em>, tak jsem nakonec vynechal t\u00e9m\u011b\u0159 v\u0161echny popisy m\u00edst, ty si m\u016f\u017eete snadno naj\u00edt na internetu, a pokusil jsem sp\u00ed\u0161e sepsat sv\u00e9 dojmy z cesty. I kdy\u017e ty popisy nakonec jsou u fotografi\u00ed z jednotliv\u00fdch m\u00edst.<\/p>\n<p align=\"justify\">Na podzim roku 2017 jsme se vydali na pou\u0165 po Izraeli. Izrael le\u017e\u00ed na Bl\u00edzk\u00e9m v\u00fdchod\u011b v oblasti jihoz\u00e1padn\u00ed Asie u pob\u0159e\u017e\u00ed St\u0159edozemn\u00edho mo\u0159e. Leteck\u00e1 trasa Praha \u2013 Tel Aviv je dlouh\u00e1 asi 2700 km a letadlo ji zvl\u00e1dne v \u010dase kolem 3,5 hodiny. Izrael je zn\u00e1m\u00fd p\u0159edev\u0161\u00edm archeologick\u00fdmi vykop\u00e1vkami a historick\u00fdmi pam\u011btihodnostmi. A pr\u00e1v\u011b za t\u011bmito zaj\u00edmavostmi jsme se sem p\u0159edev\u0161\u00edm vydali. I kdy\u017e jsme nepohrdli ani koup\u00e1n\u00edm v Mrtv\u00e9m mo\u0159i.<\/p>\n<p align=\"justify\">Izrael je v\u00fdznamnou zem\u00ed pro v\u0161echny v\u011b\u0159\u00edc\u00ed bez rozd\u00edlu v\u00edry. Je toti\u017e kol\u00e9bkou hned t\u0159\u00ed n\u00e1bo\u017eenstv\u00ed \u2013 judaismu, k\u0159es\u0165anstv\u00ed a isl\u00e1mu. Pro \u017eidy je zem\u00ed zasl\u00edbenou, pro k\u0159es\u0165any je m\u00edstem, kde se narodil a tak\u00e9 je poh\u0159ben Je\u017e\u00ed\u0161 Kristus, a tedy zde byly polo\u017eeny z\u00e1klady k\u0159es\u0165ansk\u00e9 v\u00edry. Muslimov\u00e9 jej uzn\u00e1vaj\u00ed jako p\u016fsobi\u0161t\u011b sv\u00fdch nejv\u00fdznamn\u011bj\u0161\u00edch prorok\u016f. V\u011bd\u011bli jste nap\u0159\u00edklad, \u017ee Je\u017e\u00ed\u0161 Kristus je pod jm\u00e9nem Is\u00e1 v Isl\u00e1mu uzn\u00e1v\u00e1n jako jeden z prorok\u016f Bo\u017e\u00edch? Obdobn\u011b isl\u00e1m uzn\u00e1v\u00e1 i neposkvrn\u011bn\u00e9 po\u010det\u00ed jeho matky, Panny Marie. Zkr\u00e1tka k\u0159es\u0165an\u00e9, muslimov\u00e9 i \u017eid\u00e9 toto \u00fazem\u00ed ozna\u010duj\u00ed za Svatou Zemi. A po cel\u00e1 stalet\u00ed byli ochotni v\u00e9zt o toto \u00fazem\u00ed st\u00e1le nekon\u010d\u00edc\u00ed v\u00e1lky.<\/p>\n<p align=\"justify\">A nyn\u00ed ji\u017e k vlastn\u00ed cest\u011b. Po p\u0159\u00edletu na Tel Avivu jsme odjeli autobusem na m\u00edsto na\u0161eho prvn\u00edho ubytov\u00e1n\u00ed do ko\u0161er hotelu Eden v Tiberias nedaleko Galilejsk\u00e9ho jezera. To \u017ee byl hotel ko\u0161er znamenalo, \u017ee se zde pod\u00e1vala pouze ko\u0161er strava, a proto zde mohli b\u00fdt ubytov\u00e1n\u00ed i \u017eid\u00e9. S n\u00e1mi zde bydlela je\u0161t\u011b skupina voj\u00e1k\u016f. Je to zvl\u00e1\u0161tn\u00ed pocit, kdy\u017e jdete na ve\u010de\u0159i a vedle v\u00e1s na stole le\u017e\u00ed samopal se t\u0159emi pln\u00fdmi z\u00e1sobn\u00edky zd\u00e1nliv\u011b bez dozoru, proto\u017ee jeho majitel stoj\u00ed n\u011bkde u rautov\u00e9ho stolu s j\u00eddlem a vyb\u00edr\u00e1 si ve\u010de\u0159i.<\/p>\n<p align=\"justify\">Ko\u0161er kuchyn\u011b znamen\u00e1, \u017ee jsou dodr\u017eov\u00e1na ur\u010dit\u00e1 pravidla p\u0159i pod\u00e1v\u00e1n\u00ed j\u00eddla. Mezi nejz\u00e1kladn\u011bj\u0161\u00ed pat\u0159\u00ed nap\u0159\u00edklad z\u00e1kaz m\u00edch\u00e1n\u00ed masa a ml\u00e9ka, tak\u017ee si ned\u00e1te t\u0159eba hov\u011bz\u00ed na smetan\u011b, ale mus\u00ed b\u00fdt jin\u00e1 om\u00e1\u010dka. Sv\u00ed\u010dkovou tu tak\u00e9 maj\u00ed, jen je v n\u00ed v\u00edce zeleniny a m\u00edsto kravsk\u00e9ho ml\u00e9ka pou\u017e\u00edvaj\u00ed ml\u00e9ko s\u00f3jov\u00e9 \u010di mandlov\u00e9. Dokonce na p\u0159\u00edpravu masit\u00fdch a ml\u00e9\u010dn\u00fdch pokrm\u016f mus\u00ed b\u00fdt rozd\u00edln\u00e9 n\u00e1dob\u00ed. Maso nen\u00ed ko\u0161er vep\u0159ov\u00e9, ko\u0148sk\u00e9 a kr\u00e1li\u010d\u00ed. Z pt\u00e1k\u016f se nesm\u00ed j\u00edst dravci, ale b\u011b\u017en\u011b chovan\u00ed pt\u00e1ci se mohou j\u00edst bez omezen\u00ed (ku\u0159e, husa, kachna, kr\u016fta). Ko\u0161er ryby zase mus\u00ed m\u00edt z\u00e1rove\u0148 ploutve a \u0161upiny. Tak\u017ee mo\u0159sk\u00e9 plody, \u00faho\u0159e \u010di sumce si v ko\u0161er hotelu tak\u00e9 ned\u00e1te. Bezprobl\u00e9mov\u00e9 je zato ovoce, zelenina a r\u016fzn\u00e9 sal\u00e1ty. Ty jsou v bohat\u00e9 m\u00ed\u0159e ke ka\u017ed\u00e9mu j\u00eddlu. Jen mus\u00ed b\u00fdt dob\u0159e umyt\u00e9, aby v nich nebyli brou\u010dci \u010di \u010derv\u00edk. To by byla kombinace s masem. Ale zase na sn\u00eddan\u00ed klidn\u011b m\u016f\u017ee b\u00fdt vaj\u00ed\u010dko a ml\u00e9ko, ale nedostanete k tomu p\u00e1rek. V ko\u0161er hotelu nejsou zak\u00e1zan\u00e9 kombinace v\u016fbec nab\u00edzeny, tak\u017ee si je prost\u011b ani d\u00e1t nem\u016f\u017eete. V Palestinsk\u00fdch hotel\u00edch to tak p\u0159\u00edsn\u011b neberou. Ale j\u00eddlo maj\u00ed dobr\u00e9 a nikde s n\u00edm nebyl probl\u00e9m.<\/p>\n<p align=\"justify\">Hned po p\u0159\u00edjezdu do hotelu jsme byli upozorn\u011bni, \u017ee se nedoporu\u010duje po setm\u011bn\u00ed vych\u00e1zet ven. Tak jsme prvn\u00ed ve\u010der nikam ne\u0161li. A\u017e druh\u00fd ve\u010der jsme se po setm\u011bn\u00ed vydali na obhl\u00eddku no\u010dn\u00edho m\u011bsta Tiberia. Cestou no\u010dn\u00edm m\u011bstem jsme potkali velmi m\u00e1lo lid\u00ed, kte\u0159\u00ed by \u0161li p\u011b\u0161ky. Zato aut jezdilo celkem dost. Setm\u011bl\u00fdm m\u011bstem jsme dorazili a\u017e k n\u011bjak\u00e9mu obchodn\u00edmu domu, do kter\u00e9ho jsme se za\u0161li pod\u00edvat. Byli jsme jedin\u00ed, kte\u0159\u00ed p\u0159i\u0161li p\u011b\u0161ky. Hned p\u0159i vstupu n\u00e1s zastavila ochranka, a co pr\u00fd m\u00e1me v batoz\u00edch. Kdy\u017e zjistili, \u017ee jsme turisti, tak do nich nahl\u00e9dli jen letmo a pustili n\u00e1s dovnit\u0159. P\u0159i obhl\u00eddce obchodu n\u00e1s p\u0159ekvapilo, \u017ee voda, limon\u00e1dy a dal\u0161\u00ed potravinov\u00e9 v\u00fdrobky zde byly dra\u017e\u0161\u00ed ne\u017e v mal\u00fdch obch\u016fdc\u00edch v okol\u00ed hotelu. P\u0159i placen\u00ed se v\u0161ak objevil probl\u00e9m \u2013 nebrali dolary. Brali jen m\u00edstn\u00ed m\u011bnu \u2013 \u0161ekely. Na\u0161t\u011bst\u00ed vzali alespo\u0148 platebn\u00ed kartu. U drobn\u00fdch obchodn\u00edk\u016f braly zase dolary rad\u011bji ne\u017e \u0161ekely.<\/p>\n<p align=\"justify\">To \u017ee Izrael je rozd\u011blen bezpe\u010dnostn\u00ed bari\u00e9rou je v\u0161eobecn\u011b zn\u00e1mo. Tato bari\u00e9ra v podob\u011b vysok\u00e9 zdi proch\u00e1z\u00ed i Jeruzal\u00e9mem a k pr\u016fchodu je nutno pou\u017e\u00edt kontroln\u00ed body. Vlastn\u00ed pr\u016fjezd kontroln\u00edm bodem byl obvykle celkem rychl\u00fd, proto\u017ee turisty zde nyn\u00ed nekontrolovali. I p\u0159esto se p\u0159ed kontroln\u00edm bodem tvo\u0159\u00ed fronty a auta pomalu popoj\u00ed\u017ed\u00ed, a toho vyu\u017e\u00edvaj\u00ed r\u016fzn\u00ed palestin\u0161t\u00ed prodejci suven\u00fdr\u016f a siln\u00e9 k\u00e1vy s kardamomem, kter\u00e1 m\u00e1 sice zvl\u00e1\u0161tn\u00ed chu\u0165, ale je dobr\u00e1. Prodejci ob\u00edhaj\u00ed okolo aut a neust\u00e1le nab\u00edz\u00ed vybran\u00e9 suven\u00fdry. A \u010dasto dokonce i levn\u011bji ne\u017e v kr\u00e1mc\u00edch na tr\u017enici. Ze\u010f je ve m\u011bst\u011b p\u0159ev\u00e1\u017en\u011b betonov\u00e1, m\u00edsty vysok\u00e1 a\u017e osm metr\u016f. Na mnoha m\u00edstech je z Arabsk\u00e9 strany i hodn\u011b do v\u00fd\u0161ky pomalov\u00e1na rozli\u010dn\u00fdmi graffiti. Z nich\u017e je mnoho politick\u00fdch a n\u011bkter\u00e9 i protiizraelsk\u00e9. Obdobn\u011b i n\u011bkter\u00e9 prod\u00e1van\u00e9 suven\u00fdry (fotografie, potisknut\u00e1 tri\u010dka) by bylo mo\u017en\u00e9 hodnotit jako protiizraelsk\u00e9, ale nevid\u011bli jsme, \u017ee by to n\u011bkdo n\u011bjak \u0159e\u0161il.<\/p>\n<p align=\"justify\">Druhou stranou \u00fazk\u00fdch jeruzal\u00e9msk\u00fdch uli\u010dek pln\u00fdch lid\u00ed s mnoha pam\u00e1tkami jsou v\u0161udyp\u0159\u00edtomn\u00e9 vojensk\u00e9 a policejn\u00ed hl\u00eddky vyzbrojen\u00e9 samopaly a p\u0159\u00edlbou ve speci\u00e1ln\u00edm batohu na z\u00e1dech. Ob\u010das ulic\u00ed projde patrola, a v n\u00ed b\u00fdv\u00e1 jeden z voj\u00e1k\u016f vybaven i gran\u00e1tometem s n\u00e1boji se slzn\u00fdm plynem. Dav se p\u0159ed nimi rozestupuje, ale i tak jdou tak bl\u00edzko, \u017ee si na n\u011b m\u016f\u017eete s\u00e1hnout. Nikdo to ale rad\u011bji nezkou\u0161el. Kdo v\u00ed, jak by zareagovali. Ale zase na druhou stranu, n\u011bkte\u0159\u00ed si klidn\u011b s turisty d\u011blali i self\u00ed\u010dka, v\u011bt\u0161inou ale na stanovi\u0161t\u00edch, pokud byli na p\u0159esunu tak ne.<\/p>\n<p align=\"justify\">Pokud chcete ke zdi n\u00e1\u0159k\u016f nebo na Chr\u00e1movou horu, mus\u00edte proj\u00edt bezpe\u010dnostn\u00edm r\u00e1mem a podrobit se prohl\u00eddce zavazadel skoro jako p\u0159i n\u00e1stupu do letadla. A na Chr\u00e1movou horu s sebou nesm\u00edte m\u00edt \u017e\u00e1dn\u00fd n\u00e1bo\u017eensk\u00fd symbol \u010di n\u00e1bo\u017eenskou knihu. Ani viditeln\u00fd k\u0159\u00ed\u017eek na krku, alkohol, vep\u0159ov\u00e9 v konzerv\u011b \u010di sal\u00e1m k sva\u010din\u011b \u2013 v\u0161e mus\u00edte nechat p\u0159ed kontroln\u00edm bodem. My jsme m\u011bli probl\u00e9m i s objektivy k fotoapar\u00e1t\u016fm. Na Chr\u00e1movou horu mohl jen jeden fo\u0165\u00e1k a jeden objektiv na osobu. A nikoho nezaj\u00edm\u00e1, kam si neschv\u00e1len\u00e9 v\u011bci d\u00e1te. Zamykateln\u00e1 sk\u0159\u00ed\u0148ka samoz\u0159ejm\u011b k dispozici nen\u00ed, a nav\u00edc je v\u00fdchod z Chr\u00e1mov\u00e9 hory jinudy, ne\u017e je vstup. Proto se tu v\u00e1l\u00ed cel\u00e9 batohy a ta\u0161ky turist\u016f, kte\u0159\u00ed se pro n\u011b po prohl\u00eddce oklikou vrac\u00ed. Asi se tu nekrade. N\u00e1m na\u0161t\u011bst\u00ed pomohl n\u00e1\u0161 palestinsk\u00fd pr\u016fvodce, kter\u00fd na\u0161e ta\u0161ky s \u201enepovolen\u00fdmi\u201c objektivy p\u0159enesl k v\u00fdchodu.<\/p>\n<p align=\"justify\">Pokud v n\u011bkter\u00fdch dobrodru\u017en\u00fdch filmech vid\u00edte efektn\u00ed honi\u010dky po st\u0159ech\u00e1ch, tak to je teoreticky mo\u017en\u00e9, proto\u017ee st\u0159echy na sebe navazuj\u00ed a mnohde jsou i r\u016fzn\u00e9 klenby p\u0159es uli\u010dky, tak\u017ee lze p\u0159ej\u00edt mezi bloky dom\u016f. Na n\u011bkter\u00e9 st\u0159echy se lze snadno dostat, ani\u017e by si to \u010dlov\u011bk uv\u011bdomil, \u017ee plocha hned vedle cesty je st\u0159echa bar\u00e1ku n\u00ed\u017ee ve svahu s vchodem z vedlej\u0161\u00ed ulice. V dne\u0161n\u00ed dob\u011b m\u00e1 ale mnoho majitel\u016f sv\u00e9 st\u0159echy oplocen\u00e9 masivn\u00edmi ploty s ostnat\u00fdm dr\u00e1tem, tak\u017ee jsou \u010dasto nepr\u016fchodn\u00e9.<\/p>\n<p align=\"justify\">V Izraeli jsme procestovali Jeruzal\u00e9m, Betl\u00e9m, Tiberius, Jericho, Nazaret, Haifu. A n\u011bkter\u00e1 dal\u0161\u00ed zaj\u00edmav\u00e1 m\u00edsta v jejich okol\u00ed jako t\u0159eba pevnost Herodium v Judsk\u00e9 pou\u0161ti, vybudovan\u00e9 z d\u011bjin zn\u00e1m\u00fdm kr\u00e1lem Herodem, jemu\u017e se p\u0159ipisuje vyvra\u017ed\u011bn\u00ed betl\u00e9msk\u00fdch kojenc\u016f. Cestou k Mrtv\u00e9mu mo\u0159i jsme si prohl\u00e9dli vykop\u00e1vky m\u011bsta Kumr\u00e1n, kde se na\u0161ly nejstar\u0161\u00ed n\u00e1bo\u017eensk\u00e9 svitky. Ps\u00e1t zde o dal\u0161\u00edch m\u00edstech nem\u00e1 smysl, proto\u017ee jich bylo opravdu hodn\u011b a ani by se to sem neve\u0161lo. Velmi zjednodu\u0161en\u011b lze \u0159\u00edci, \u017ee v\u011bt\u0161ina pam\u00e1tek v Izraeli je n\u00e1bo\u017eensk\u00fdch. Ob\u010das jsem m\u011bl dojem, \u017ee nad ka\u017ed\u00fdm m\u00edstem, kde se stalo n\u011bco z bible, byl postaven kostel, chr\u00e1m \u010di bazilika nebo alespo\u0148 kapli\u010dka.<\/p>\n<p align=\"justify\">Mn\u011b osobn\u011b se asi nejv\u00edc l\u00edbilo v Judsk\u00e9 pou\u0161ti, konkr\u00e9tn\u011b v okol\u00ed hlubok\u00e9ho kamenit\u00e9ho \u00fadol\u00ed se strm\u00fdmi skaln\u00edmi st\u011bnami Wadi Qelt. Tento Arabsk\u00fd n\u00e1zev lze do \u010de\u0161tiny p\u0159elo\u017eit jako \u00dadol\u00ed smrti, proto\u017ee zde teploty v l\u00e9t\u011b dosahuj\u00ed a\u017e 60 \u00b0C. Na podzim ale bylo na skal\u00e1ch nad \u00fadol\u00edm i v \u00fadol\u00ed docela p\u0159\u00edjemn\u011b teplou\u010dko. \u00dadol\u00ed vzniklo eroz\u00ed a le\u017e\u00ed nedaleko cesty z Jeruzal\u00e9ma do Jericha. V \u00fadol\u00ed se dochoval pravoslavn\u00fd kl\u00e1\u0161ter svat\u00e9ho Ji\u0159\u00ed, kter\u00fd zde stoj\u00ed ji\u017e od roku 480. Kl\u00e1\u0161ter byl zni\u010den Per\u0161any, pozd\u011bji \u010d\u00e1ste\u010dn\u011b obnoven k\u0159i\u017e\u00e1ky, ale do dne\u0161n\u00ed podoby byl vybudov\u00e1n a\u017e na konci 19. stolet\u00ed \u0159eck\u00fdm mnichem Kolinikosem.<\/p>\n<p align=\"justify\">Pokud vystoup\u00edte na n\u011bjak\u00fd kopec nad \u00fadol\u00edm a pozorn\u011b se pod\u00edv\u00e1te do krajiny, najdete krom\u011b zbytk\u016f p\u016fvodn\u00edch akvadukt\u016f z r\u016fzn\u00fdch dob i zbytky r\u016fzn\u00fdch opevn\u011bn\u00ed, jejich\u017e minulost v\u0161ak nen\u00ed t\u00e9m\u011b\u0159 zn\u00e1ma. A nav\u00edc na vrcholc\u00edch i v pr\u016fsmyc\u00edch uvid\u00edte v krajin\u011b \u010dasto b\u00edl\u00e9 k\u0159\u00ed\u017ee, kter\u00e9 slou\u017e\u00ed poutn\u00edk\u016fm na orientaci. Ukazuj\u00ed cestu nebo varuj\u00ed p\u0159ed strm\u00fdmi sr\u00e1zy.<\/p>\n<p align=\"justify\">N\u00e1v\u0161t\u011bva Izraele pro n\u00e1s byla v ka\u017ed\u00e9m p\u0159\u00edpad\u011b nezapomenuteln\u00fdm z\u00e1\u017eitkem.<\/p>\n<p align=\"justify\">PS: v Mrtv\u00e9m mo\u0159i se fakt ned\u00e1 plavat.<\/p>\n<h3>Souvisej\u00edc\u00ed obr\u00e1zky:<\/h3>","protected":false},"excerpt":{"rendered":"<p>Kdy\u017e jsem psal report\u00e1\u017e o na\u0161\u00ed pouti po Izraeli, tak jsem se n\u011bjak rozepsal o nav\u0161t\u00edven\u00fdch m\u00edstech a report\u00e1\u017e narostla skoro na patn\u00e1ct list\u016f. Proto\u017ee by to stejn\u011b nikdo ne\u010detl (ani neotiskl), tak jsem nakonec vynechal t\u00e9m\u011b\u0159 v\u0161echny popisy m\u00edst, &hellip; <a href=\"https:\/\/jablkon.eu\/jbl\/cestopisy\/izrael\/izrael-hledani-betlemske-hvezdy\/\">Cel\u00fd p\u0159\u00edsp\u011bvek <span class=\"meta-nav\">&rarr;<\/span><\/a><\/p>\n","protected":false},"author":1,"featured_media":0,"comment_status":"closed","ping_status":"open","sticky":false,"template":"","format":"standard","meta":{"ngg_post_thumbnail":0,"footnotes":""},"categories":[110,12,13],"tags":[69,112],"class_list":["post-9678","post","type-post","status-publish","format-standard","hentry","category-izrael","category-reportaze","category-cestopisy","tag-cestovani","tag-izrael"],"yoast_head":"<!-- This site is optimized with the Yoast SEO plugin v27.4 - https:\/\/yoast.com\/product\/yoast-seo-wordpress\/ -->\n<title>Izrael \u2013 hled\u00e1n\u00ed betl\u00e9msk\u00e9 hv\u011bzdy - Jaroslav Bla\u017eek - fotograf<\/title>\n<meta name=\"description\" content=\"Jaroslav Bla\u017eek - fotograf\" \/>\n<meta name=\"robots\" content=\"index, follow, max-snippet:-1, max-image-preview:large, max-video-preview:-1\" \/>\n<link rel=\"canonical\" href=\"https:\/\/jablkon.eu\/jbl\/cestopisy\/izrael\/izrael-hledani-betlemske-hvezdy\/\" \/>\n<meta property=\"og:locale\" content=\"cs_CZ\" \/>\n<meta property=\"og:type\" content=\"article\" \/>\n<meta property=\"og:title\" content=\"Izrael \u2013 hled\u00e1n\u00ed betl\u00e9msk\u00e9 hv\u011bzdy - Jaroslav Bla\u017eek - fotograf\" \/>\n<meta property=\"og:description\" content=\"Jaroslav Bla\u017eek - fotograf\" \/>\n<meta property=\"og:url\" content=\"https:\/\/jablkon.eu\/jbl\/cestopisy\/izrael\/izrael-hledani-betlemske-hvezdy\/\" \/>\n<meta property=\"og:site_name\" content=\"Jaroslav Bla\u017eek - fotograf\" \/>\n<meta property=\"article:published_time\" content=\"2017-10-10T19:03:58+00:00\" \/>\n<meta property=\"article:modified_time\" content=\"2018-10-11T19:57:27+00:00\" \/>\n<meta name=\"author\" content=\"JBla\u017eek\" \/>\n<meta name=\"twitter:label1\" content=\"Napsal(a)\" \/>\n\t<meta name=\"twitter:data1\" content=\"JBla\u017eek\" \/>\n\t<meta name=\"twitter:label2\" content=\"Odhadovan\u00e1 doba \u010dten\u00ed\" \/>\n\t<meta name=\"twitter:data2\" content=\"10 minut\" \/>\n<script type=\"application\/ld+json\" class=\"yoast-schema-graph\">{\"@context\":\"https:\\\/\\\/schema.org\",\"@graph\":[{\"@type\":\"Article\",\"@id\":\"https:\\\/\\\/jablkon.eu\\\/jbl\\\/cestopisy\\\/izrael\\\/izrael-hledani-betlemske-hvezdy\\\/#article\",\"isPartOf\":{\"@id\":\"https:\\\/\\\/jablkon.eu\\\/jbl\\\/cestopisy\\\/izrael\\\/izrael-hledani-betlemske-hvezdy\\\/\"},\"author\":{\"name\":\"JBla\u017eek\",\"@id\":\"https:\\\/\\\/jablkon.eu\\\/jbl\\\/#\\\/schema\\\/person\\\/4984d4e992f073207f693460109eac25\"},\"headline\":\"Izrael \u2013 hled\u00e1n\u00ed betl\u00e9msk\u00e9 hv\u011bzdy\",\"datePublished\":\"2017-10-10T19:03:58+00:00\",\"dateModified\":\"2018-10-11T19:57:27+00:00\",\"mainEntityOfPage\":{\"@id\":\"https:\\\/\\\/jablkon.eu\\\/jbl\\\/cestopisy\\\/izrael\\\/izrael-hledani-betlemske-hvezdy\\\/\"},\"wordCount\":1962,\"publisher\":{\"@id\":\"https:\\\/\\\/jablkon.eu\\\/jbl\\\/#\\\/schema\\\/person\\\/4984d4e992f073207f693460109eac25\"},\"keywords\":[\"cestov\u00e1n\u00ed\",\"Izrael\"],\"articleSection\":[\"Izrael\",\"report\u00e1\u017en\u00ed fotografie\",\"Z\u00e1pisky z cest\"],\"inLanguage\":\"cs\"},{\"@type\":\"WebPage\",\"@id\":\"https:\\\/\\\/jablkon.eu\\\/jbl\\\/cestopisy\\\/izrael\\\/izrael-hledani-betlemske-hvezdy\\\/\",\"url\":\"https:\\\/\\\/jablkon.eu\\\/jbl\\\/cestopisy\\\/izrael\\\/izrael-hledani-betlemske-hvezdy\\\/\",\"name\":\"Izrael \u2013 hled\u00e1n\u00ed betl\u00e9msk\u00e9 hv\u011bzdy - Jaroslav Bla\u017eek - fotograf\",\"isPartOf\":{\"@id\":\"https:\\\/\\\/jablkon.eu\\\/jbl\\\/#website\"},\"datePublished\":\"2017-10-10T19:03:58+00:00\",\"dateModified\":\"2018-10-11T19:57:27+00:00\",\"description\":\"Jaroslav Bla\u017eek - fotograf\",\"breadcrumb\":{\"@id\":\"https:\\\/\\\/jablkon.eu\\\/jbl\\\/cestopisy\\\/izrael\\\/izrael-hledani-betlemske-hvezdy\\\/#breadcrumb\"},\"inLanguage\":\"cs\",\"potentialAction\":[{\"@type\":\"ReadAction\",\"target\":[\"https:\\\/\\\/jablkon.eu\\\/jbl\\\/cestopisy\\\/izrael\\\/izrael-hledani-betlemske-hvezdy\\\/\"]}]},{\"@type\":\"BreadcrumbList\",\"@id\":\"https:\\\/\\\/jablkon.eu\\\/jbl\\\/cestopisy\\\/izrael\\\/izrael-hledani-betlemske-hvezdy\\\/#breadcrumb\",\"itemListElement\":[{\"@type\":\"ListItem\",\"position\":1,\"name\":\"Dom\u016f\",\"item\":\"https:\\\/\\\/jablkon.eu\\\/jbl\\\/\"},{\"@type\":\"ListItem\",\"position\":2,\"name\":\"Izrael \u2013 hled\u00e1n\u00ed betl\u00e9msk\u00e9 hv\u011bzdy\"}]},{\"@type\":\"WebSite\",\"@id\":\"https:\\\/\\\/jablkon.eu\\\/jbl\\\/#website\",\"url\":\"https:\\\/\\\/jablkon.eu\\\/jbl\\\/\",\"name\":\"Jaroslav Bla\u017eek - fotograf\",\"description\":\"Fotografick\u00e9 pr\u00e1ce - svatebn\u00ed, rodinn\u00e1 a portr\u00e9tn\u00ed fotografie, report\u00e1\u017ee\",\"publisher\":{\"@id\":\"https:\\\/\\\/jablkon.eu\\\/jbl\\\/#\\\/schema\\\/person\\\/4984d4e992f073207f693460109eac25\"},\"potentialAction\":[{\"@type\":\"SearchAction\",\"target\":{\"@type\":\"EntryPoint\",\"urlTemplate\":\"https:\\\/\\\/jablkon.eu\\\/jbl\\\/?s={search_term_string}\"},\"query-input\":{\"@type\":\"PropertyValueSpecification\",\"valueRequired\":true,\"valueName\":\"search_term_string\"}}],\"inLanguage\":\"cs\"},{\"@type\":[\"Person\",\"Organization\"],\"@id\":\"https:\\\/\\\/jablkon.eu\\\/jbl\\\/#\\\/schema\\\/person\\\/4984d4e992f073207f693460109eac25\",\"name\":\"JBla\u017eek\",\"image\":{\"@type\":\"ImageObject\",\"inLanguage\":\"cs\",\"@id\":\"https:\\\/\\\/secure.gravatar.com\\\/avatar\\\/c014bb8932a8609c14cf90b1aebdc83197cddda4aa4e3e599f1e0016a63d942e?s=96&d=mm&r=g\",\"url\":\"https:\\\/\\\/secure.gravatar.com\\\/avatar\\\/c014bb8932a8609c14cf90b1aebdc83197cddda4aa4e3e599f1e0016a63d942e?s=96&d=mm&r=g\",\"contentUrl\":\"https:\\\/\\\/secure.gravatar.com\\\/avatar\\\/c014bb8932a8609c14cf90b1aebdc83197cddda4aa4e3e599f1e0016a63d942e?s=96&d=mm&r=g\",\"caption\":\"JBla\u017eek\"},\"logo\":{\"@id\":\"https:\\\/\\\/secure.gravatar.com\\\/avatar\\\/c014bb8932a8609c14cf90b1aebdc83197cddda4aa4e3e599f1e0016a63d942e?s=96&d=mm&r=g\"},\"sameAs\":[\"http:\\\/\\\/foto.jablkon.cz\"],\"url\":\"https:\\\/\\\/jablkon.eu\\\/jbl\\\/author\\\/admin\\\/\"}]}<\/script>\n<!-- \/ Yoast SEO plugin. -->","yoast_head_json":{"title":"Izrael \u2013 hled\u00e1n\u00ed betl\u00e9msk\u00e9 hv\u011bzdy - Jaroslav Bla\u017eek - fotograf","description":"Jaroslav Bla\u017eek - fotograf","robots":{"index":"index","follow":"follow","max-snippet":"max-snippet:-1","max-image-preview":"max-image-preview:large","max-video-preview":"max-video-preview:-1"},"canonical":"https:\/\/jablkon.eu\/jbl\/cestopisy\/izrael\/izrael-hledani-betlemske-hvezdy\/","og_locale":"cs_CZ","og_type":"article","og_title":"Izrael \u2013 hled\u00e1n\u00ed betl\u00e9msk\u00e9 hv\u011bzdy - Jaroslav Bla\u017eek - fotograf","og_description":"Jaroslav Bla\u017eek - fotograf","og_url":"https:\/\/jablkon.eu\/jbl\/cestopisy\/izrael\/izrael-hledani-betlemske-hvezdy\/","og_site_name":"Jaroslav Bla\u017eek - fotograf","article_published_time":"2017-10-10T19:03:58+00:00","article_modified_time":"2018-10-11T19:57:27+00:00","author":"JBla\u017eek","twitter_misc":{"Napsal(a)":"JBla\u017eek","Odhadovan\u00e1 doba \u010dten\u00ed":"10 minut"},"schema":{"@context":"https:\/\/schema.org","@graph":[{"@type":"Article","@id":"https:\/\/jablkon.eu\/jbl\/cestopisy\/izrael\/izrael-hledani-betlemske-hvezdy\/#article","isPartOf":{"@id":"https:\/\/jablkon.eu\/jbl\/cestopisy\/izrael\/izrael-hledani-betlemske-hvezdy\/"},"author":{"name":"JBla\u017eek","@id":"https:\/\/jablkon.eu\/jbl\/#\/schema\/person\/4984d4e992f073207f693460109eac25"},"headline":"Izrael \u2013 hled\u00e1n\u00ed betl\u00e9msk\u00e9 hv\u011bzdy","datePublished":"2017-10-10T19:03:58+00:00","dateModified":"2018-10-11T19:57:27+00:00","mainEntityOfPage":{"@id":"https:\/\/jablkon.eu\/jbl\/cestopisy\/izrael\/izrael-hledani-betlemske-hvezdy\/"},"wordCount":1962,"publisher":{"@id":"https:\/\/jablkon.eu\/jbl\/#\/schema\/person\/4984d4e992f073207f693460109eac25"},"keywords":["cestov\u00e1n\u00ed","Izrael"],"articleSection":["Izrael","report\u00e1\u017en\u00ed fotografie","Z\u00e1pisky z cest"],"inLanguage":"cs"},{"@type":"WebPage","@id":"https:\/\/jablkon.eu\/jbl\/cestopisy\/izrael\/izrael-hledani-betlemske-hvezdy\/","url":"https:\/\/jablkon.eu\/jbl\/cestopisy\/izrael\/izrael-hledani-betlemske-hvezdy\/","name":"Izrael \u2013 hled\u00e1n\u00ed betl\u00e9msk\u00e9 hv\u011bzdy - Jaroslav Bla\u017eek - fotograf","isPartOf":{"@id":"https:\/\/jablkon.eu\/jbl\/#website"},"datePublished":"2017-10-10T19:03:58+00:00","dateModified":"2018-10-11T19:57:27+00:00","description":"Jaroslav Bla\u017eek - fotograf","breadcrumb":{"@id":"https:\/\/jablkon.eu\/jbl\/cestopisy\/izrael\/izrael-hledani-betlemske-hvezdy\/#breadcrumb"},"inLanguage":"cs","potentialAction":[{"@type":"ReadAction","target":["https:\/\/jablkon.eu\/jbl\/cestopisy\/izrael\/izrael-hledani-betlemske-hvezdy\/"]}]},{"@type":"BreadcrumbList","@id":"https:\/\/jablkon.eu\/jbl\/cestopisy\/izrael\/izrael-hledani-betlemske-hvezdy\/#breadcrumb","itemListElement":[{"@type":"ListItem","position":1,"name":"Dom\u016f","item":"https:\/\/jablkon.eu\/jbl\/"},{"@type":"ListItem","position":2,"name":"Izrael \u2013 hled\u00e1n\u00ed betl\u00e9msk\u00e9 hv\u011bzdy"}]},{"@type":"WebSite","@id":"https:\/\/jablkon.eu\/jbl\/#website","url":"https:\/\/jablkon.eu\/jbl\/","name":"Jaroslav Bla\u017eek - fotograf","description":"Fotografick\u00e9 pr\u00e1ce - svatebn\u00ed, rodinn\u00e1 a portr\u00e9tn\u00ed fotografie, report\u00e1\u017ee","publisher":{"@id":"https:\/\/jablkon.eu\/jbl\/#\/schema\/person\/4984d4e992f073207f693460109eac25"},"potentialAction":[{"@type":"SearchAction","target":{"@type":"EntryPoint","urlTemplate":"https:\/\/jablkon.eu\/jbl\/?s={search_term_string}"},"query-input":{"@type":"PropertyValueSpecification","valueRequired":true,"valueName":"search_term_string"}}],"inLanguage":"cs"},{"@type":["Person","Organization"],"@id":"https:\/\/jablkon.eu\/jbl\/#\/schema\/person\/4984d4e992f073207f693460109eac25","name":"JBla\u017eek","image":{"@type":"ImageObject","inLanguage":"cs","@id":"https:\/\/secure.gravatar.com\/avatar\/c014bb8932a8609c14cf90b1aebdc83197cddda4aa4e3e599f1e0016a63d942e?s=96&d=mm&r=g","url":"https:\/\/secure.gravatar.com\/avatar\/c014bb8932a8609c14cf90b1aebdc83197cddda4aa4e3e599f1e0016a63d942e?s=96&d=mm&r=g","contentUrl":"https:\/\/secure.gravatar.com\/avatar\/c014bb8932a8609c14cf90b1aebdc83197cddda4aa4e3e599f1e0016a63d942e?s=96&d=mm&r=g","caption":"JBla\u017eek"},"logo":{"@id":"https:\/\/secure.gravatar.com\/avatar\/c014bb8932a8609c14cf90b1aebdc83197cddda4aa4e3e599f1e0016a63d942e?s=96&d=mm&r=g"},"sameAs":["http:\/\/foto.jablkon.cz"],"url":"https:\/\/jablkon.eu\/jbl\/author\/admin\/"}]}},"views":637,"_links":{"self":[{"href":"https:\/\/jablkon.eu\/jbl\/wp-json\/wp\/v2\/posts\/9678","targetHints":{"allow":["GET"]}}],"collection":[{"href":"https:\/\/jablkon.eu\/jbl\/wp-json\/wp\/v2\/posts"}],"about":[{"href":"https:\/\/jablkon.eu\/jbl\/wp-json\/wp\/v2\/types\/post"}],"author":[{"embeddable":true,"href":"https:\/\/jablkon.eu\/jbl\/wp-json\/wp\/v2\/users\/1"}],"replies":[{"embeddable":true,"href":"https:\/\/jablkon.eu\/jbl\/wp-json\/wp\/v2\/comments?post=9678"}],"version-history":[{"count":0,"href":"https:\/\/jablkon.eu\/jbl\/wp-json\/wp\/v2\/posts\/9678\/revisions"}],"wp:attachment":[{"href":"https:\/\/jablkon.eu\/jbl\/wp-json\/wp\/v2\/media?parent=9678"}],"wp:term":[{"taxonomy":"category","embeddable":true,"href":"https:\/\/jablkon.eu\/jbl\/wp-json\/wp\/v2\/categories?post=9678"},{"taxonomy":"post_tag","embeddable":true,"href":"https:\/\/jablkon.eu\/jbl\/wp-json\/wp\/v2\/tags?post=9678"}],"curies":[{"name":"wp","href":"https:\/\/api.w.org\/{rel}","templated":true}]}}